{"id":1029,"date":"2017-01-30T13:00:22","date_gmt":"2017-01-30T13:00:22","guid":{"rendered":"http:\/\/www.radioempire.it\/?p=1029"},"modified":"2017-01-30T13:00:22","modified_gmt":"2017-01-30T13:00:22","slug":"allombra-di-un-fiore-di-roccia-di-filippo-brianni","status":"publish","type":"post","link":"https:\/\/www.radioempire.it\/index.php\/2017\/01\/30\/allombra-di-un-fiore-di-roccia-di-filippo-brianni\/","title":{"rendered":"\u201cAll\u2019ombra di un fiore di roccia\u201d di Filippo Brianni"},"content":{"rendered":"<p>Redazionale &#8211;<br \/>\nSCIFI\u2019 DI FORZA D\u2019AGRO\u2019 \u2013 Sito archeologico di Scif\u00ec, giornata della memoria, emigranti, Sicilia, sono stati i temi di \u201cUn caff\u00e8 con l\u2019autore\u201d, organizzato venerd\u00ec scorso da un bar di Scif\u00ec di Forza d\u2019Agr\u00f2. Nell\u2019occasione \u00e8 stato presentato, nel luogo in cui \u00e8 nato ed a cui si ispira, \u201cAll\u2019ombra di un fiore di roccia\u201d, la raccolta di diciassette racconti di Filippo Brianni, editore L\u2019Erudita di Roma. La serata \u00e8 stata presentata da Santino Mastroeni, ex presidente di Archeoclub d\u2019Italia, il quale ha evidenziato il forte legame del testo col territorio dell\u2019Agr\u00f2. i racconti infatti, narrano di personaggi che l\u2019autore ambienta negli scenari, paesaggistici e storici, dei vari centri del comprensorio. Le caratteristiche dei racconti sono stati poi illustrati da Giulia Lombardo, nipote di Peppino Lombardo, lo storico a cui si deve la presenza del sito archeologico a Scif\u00ec. La giovanissima Giulia Lombardo ha evidenziato focalizzato e fatto emergere dai racconti personaggi e vicende che realmente hanno caratterizzato il territorio e Scif\u00ec in particolare. Un contributo \u00e8 stato dato anche dal giornalista della Gazzetta del Sud, Enrico Scandurra, che si \u00e8 soffermato soprattutto sui profili stilistici del testo.<br \/>\nDomenica prossima, alle 17,30, \u201cAll\u2019ombra di un fiore di roccia\u201c verr\u00e0 presentato nella chiesa madre di  Mandanici, nell\u2019ambito della festa dell\u2019Olio che prender\u00e0 il via sabato.<\/p>\n","protected":false},"excerpt":{"rendered":"<p>Redazionale &#8211; SCIFI\u2019 DI FORZA D\u2019AGRO\u2019 \u2013 Sito archeologico di Scif\u00ec, giornata della memoria, emigranti, Sicilia, sono stati i temi di \u201cUn caff\u00e8 con l\u2019autore\u201d, organizzato venerd\u00ec scorso da un<\/p>\n<div><a class=\"permalink\" href=\"https:\/\/www.radioempire.it\/index.php\/2017\/01\/30\/allombra-di-un-fiore-di-roccia-di-filippo-brianni\/\">Read More&#8230;<\/a><\/div>\n","protected":false},"author":2,"featured_media":0,"comment_status":"closed","ping_status":"closed","sticky":false,"template":"","format":"standard","meta":[],"categories":[3,36],"tags":[],"_links":{"self":[{"href":"https:\/\/www.radioempire.it\/index.php\/wp-json\/wp\/v2\/posts\/1029"}],"collection":[{"href":"https:\/\/www.radioempire.it\/index.php\/wp-json\/wp\/v2\/posts"}],"about":[{"href":"https:\/\/www.radioempire.it\/index.php\/wp-json\/wp\/v2\/types\/post"}],"author":[{"embeddable":true,"href":"https:\/\/www.radioempire.it\/index.php\/wp-json\/wp\/v2\/users\/2"}],"replies":[{"embeddable":true,"href":"https:\/\/www.radioempire.it\/index.php\/wp-json\/wp\/v2\/comments?post=1029"}],"version-history":[{"count":1,"href":"https:\/\/www.radioempire.it\/index.php\/wp-json\/wp\/v2\/posts\/1029\/revisions"}],"predecessor-version":[{"id":1031,"href":"https:\/\/www.radioempire.it\/index.php\/wp-json\/wp\/v2\/posts\/1029\/revisions\/1031"}],"wp:attachment":[{"href":"https:\/\/www.radioempire.it\/index.php\/wp-json\/wp\/v2\/media?parent=1029"}],"wp:term":[{"taxonomy":"category","embeddable":true,"href":"https:\/\/www.radioempire.it\/index.php\/wp-json\/wp\/v2\/categories?post=1029"},{"taxonomy":"post_tag","embeddable":true,"href":"https:\/\/www.radioempire.it\/index.php\/wp-json\/wp\/v2\/tags?post=1029"}],"curies":[{"name":"wp","href":"https:\/\/api.w.org\/{rel}","templated":true}]}}