{"id":1110,"date":"2017-02-06T14:52:30","date_gmt":"2017-02-06T14:52:30","guid":{"rendered":"http:\/\/www.radioempire.it\/?p=1110"},"modified":"2017-02-06T14:54:01","modified_gmt":"2017-02-06T14:54:01","slug":"messina-primula-rossa-palazzo-dei-leoni-si-trasforma-in-set-cinematografico","status":"publish","type":"post","link":"https:\/\/www.radioempire.it\/index.php\/2017\/02\/06\/messina-primula-rossa-palazzo-dei-leoni-si-trasforma-in-set-cinematografico\/","title":{"rendered":"Messina. \u201cPrimula Rossa\u201d, Palazzo dei Leoni si trasforma in set cinematografico"},"content":{"rendered":"<p>Servizio di Giuseppe Span\u00f2-<\/p>\n<p>Le riprese dureranno tre giorni-<\/p>\n<p>Sono iniziate stamani negli uffici pi\u00f9 prestigiosi di Palazzo dei Leoni, quali la Presidenza, le riprese del lungometraggio Primula Rossa, una coproduzione di Radical Plans, della Fondazione di Comunit\u00e0 di Messina, della Fondazione Horcynus Orca, di Ecos-media (casa di produzione cinematografica di Ecos-med), di Mana Chuma Teatro e di Talento Dinamico.<br \/>\nIl film, cofinanziato dalla Film Commission della Regione Siciliana, \u00e8 ispirato a una vicenda vera, la storia di Ezio Rossi, interpretato dall\u2019attore messinese Salvatore Arena, ex terrorista dei NAP (Nuclei Armati Proletari), che ha passato gran parte della sua vita tra il carcere e l\u2019Ospedale Psichiatrico Giudiziario (OPG).<br \/>\nIl racconto della vita di Ezio, nella fiction Ennio, si intreccia con quella di altri internati dell\u2019OPG e trova una possibilit\u00e0 nell\u2019incontro con lo psichiatra Lucio, interpretato dall\u2019attore catanese David Coco.<br \/>\nPrimula Rossa ha l\u2019obiettivo di valorizzare l\u2019esperienza di un programma fortemente innovativo di welfare comunitario, Luce \u00e8 Libert\u00e0, finanziato dalla Fondazione di Comunit\u00e0 di Messina e sostenuto, esclusivamente nella fase d\u2019avvio, dalla Cassa delle Ammende del Ministero della Giustizia e dall\u2019Assessorato alla Sanit\u00e0 della Regione Siciliana, che ha permesso di liberare in soli due anni 60 persone dall\u2019Ospedale Psichiatrico Giudiziario di Barcellona Pozzo di Gotto attraverso progetti personalizzati di espansione delle libert\u00e0 individuali, intrecciate con storie di sviluppo locale. Molte di loro, in ruoli diversi, sono impegnati nella produzione cinematografica.<br \/>\n\u00abPrimula Rossa \u2013 sottolinea il segretario generale della Fondazione di Comunit\u00e0 di Messina, Gaetano Giunta \u2013 \u00e8 l\u2019occasione per ripercorrere quarant\u2019anni di storia contemporanea: dagli anni di piombo fino all\u2019attualissima questione relativa al superamento degli Ospedali Psichiatrici Giudiziari. Quarant\u2019anni di snodi cruciali per l\u2019Italia, visti a partire dalla prospettiva degli ultimi. Le storie di persone cos\u00ec radicalmente escluse reclamano nuovi orizzonti economico-sociali pi\u00f9 umani, capaci di prendersi cura e accompagnare le metamorfosi possibili di ogni persona, specie delle persone pi\u00f9 fragili. Proprio per questa tensione il film, che avr\u00e0 un forte carattere poetico-filosofico, si pone le stesse domande su cui da anni ricerca e sperimenta la Fondazione di Comunit\u00e0 di Messina\u00bb.<br \/>\nAlla lavorazione di Primula Rossa partecipano oltre 100 persone di cui circa 90 residenti in Sicilia. Tra la Sicilia e l\u2019area dello Stretto di Messina, nei luoghi del Distretto Sociale Evoluto, prende corpo la produzione del film. Si gira a Casalvecchio Siculo, a Longi, a Mistretta, a Messina (Forte Petrazza, Parco Horcynus Orca, Palazzo dei Leoni e Liceo Ainis le location) e a Reggio Calabria.<br \/>\nCoerentemente con la scelta di impegno civile della produzione, gli incassi del film saranno destinati, al netto delle spese, a sostenere i progetti evoluti di lotta alla povert\u00e0 della Fondazione di Comunit\u00e0 di Messina e pi\u00f9 in particolare a sostenere i progetti personalizzati di liberazione degli ex internati dell\u2019Ospedale Psichiatrico di Barcellona P.G.<br \/>\nLa regia di Primula Rossa \u00e8 affidata al direttore artistico dell\u2019Horcynus Festival, Franco Jannuzzi. Massimo Barilla ha scritto la sceneggiatura con la collaborazione di Paola Baroni, Paolo Benvenuti, Gaspare Motta, Angelo Righetti, Giancarlo Cavallaro, Franco Jannuzzi e Gaetano Giunta. Il direttore di Produzione \u00e8 Giacomo Farina.<br \/>\n<img loading=\"lazy\" src=\"http:\/\/www.radioempire.it\/wp-content\/uploads\/2017\/02\/David-Coco-300x156.jpg\" alt=\"david-coco\" width=\"300\" height=\"156\" class=\"alignleft size-medium wp-image-1112\" \/><img loading=\"lazy\" src=\"http:\/\/www.radioempire.it\/wp-content\/uploads\/2017\/02\/Salvatore-Arena-300x156.jpg\" alt=\"salvatore-arena\" width=\"300\" height=\"156\" class=\"alignleft size-medium wp-image-1113\" \/>Nel cast, insieme a Salvatore Arena e David Coco, Roberto Herlitzka, Fabrizio Ferracane, Maurizio Marchetti, Annibale Pavone, Gianni Fortunato Pisani, Marina Sorrenti, Mariano Nieddu, Giovanni Moschella, Angelo Campolo, Donatella Venuti, Luca Fiorino, Gianfranco Quero, Giovanni Maria Curr\u00f2, Mauro Failla, Domenico Cucinotta e Ylenia Desiree Zindato. Luca Coassin \u00e8 il direttore della fotografia. L\u2019operatore \u00e8 Natale Crisar\u00e0. Le musiche originali della colonna sonora sono di Luigi Polimeni e Maurizio \u201cNello\u201d Mastroeni (Kunsertu). Giuppi Sindoni e Aldo Zucco curano le scenografie in collaborazione con l\u2019Accademia delle Belle Arti di Catania. La costumista \u00e8 Francesca Gambino, la truccatrice Angela Gugliotta, il fonico Andrea Di Maio. L\u2019aiuto regista \u00e8 Nicol\u00f2 Mazza De Piccioli.<br \/>\nLe riprese, iniziate lo scorso 26 gennaio si concluderanno il 22 febbraio prossimo.<\/p>\n<p>             Il Responsabile del<br \/>\n    Servizio Comunicazione Esterna<br \/>\n              e Ufficio Stampa<br \/>\n            dott. Sergio Spadaro<\/p>\n","protected":false},"excerpt":{"rendered":"<p>Servizio di Giuseppe Span\u00f2- Le riprese dureranno tre giorni- Sono iniziate stamani negli uffici pi\u00f9 prestigiosi di Palazzo dei Leoni, quali la Presidenza, le riprese del lungometraggio Primula Rossa, una<\/p>\n<div><a class=\"permalink\" href=\"https:\/\/www.radioempire.it\/index.php\/2017\/02\/06\/messina-primula-rossa-palazzo-dei-leoni-si-trasforma-in-set-cinematografico\/\">Read More&#8230;<\/a><\/div>\n","protected":false},"author":2,"featured_media":0,"comment_status":"closed","ping_status":"closed","sticky":false,"template":"","format":"standard","meta":[],"categories":[3,36],"tags":[],"_links":{"self":[{"href":"https:\/\/www.radioempire.it\/index.php\/wp-json\/wp\/v2\/posts\/1110"}],"collection":[{"href":"https:\/\/www.radioempire.it\/index.php\/wp-json\/wp\/v2\/posts"}],"about":[{"href":"https:\/\/www.radioempire.it\/index.php\/wp-json\/wp\/v2\/types\/post"}],"author":[{"embeddable":true,"href":"https:\/\/www.radioempire.it\/index.php\/wp-json\/wp\/v2\/users\/2"}],"replies":[{"embeddable":true,"href":"https:\/\/www.radioempire.it\/index.php\/wp-json\/wp\/v2\/comments?post=1110"}],"version-history":[{"count":3,"href":"https:\/\/www.radioempire.it\/index.php\/wp-json\/wp\/v2\/posts\/1110\/revisions"}],"predecessor-version":[{"id":1116,"href":"https:\/\/www.radioempire.it\/index.php\/wp-json\/wp\/v2\/posts\/1110\/revisions\/1116"}],"wp:attachment":[{"href":"https:\/\/www.radioempire.it\/index.php\/wp-json\/wp\/v2\/media?parent=1110"}],"wp:term":[{"taxonomy":"category","embeddable":true,"href":"https:\/\/www.radioempire.it\/index.php\/wp-json\/wp\/v2\/categories?post=1110"},{"taxonomy":"post_tag","embeddable":true,"href":"https:\/\/www.radioempire.it\/index.php\/wp-json\/wp\/v2\/tags?post=1110"}],"curies":[{"name":"wp","href":"https:\/\/api.w.org\/{rel}","templated":true}]}}