{"id":1167,"date":"2017-02-11T15:35:35","date_gmt":"2017-02-11T15:35:35","guid":{"rendered":"http:\/\/www.radioempire.it\/?p=1167"},"modified":"2017-02-11T15:35:35","modified_gmt":"2017-02-11T15:35:35","slug":"messina-premiati-i-primi-classificati-al-concorso-di-idee-per-larea-fieristica-indetto-dallordine-degli-architetti-dintesa-con-lautorita-portuale","status":"publish","type":"post","link":"https:\/\/www.radioempire.it\/index.php\/2017\/02\/11\/messina-premiati-i-primi-classificati-al-concorso-di-idee-per-larea-fieristica-indetto-dallordine-degli-architetti-dintesa-con-lautorita-portuale\/","title":{"rendered":"MESSINA.Premiati i primi classificati al Concorso di idee per l\u2019area fieristica indetto dall\u2019Ordine degli Architetti d\u2019intesa con l\u2019Autorit\u00e0 Portuale"},"content":{"rendered":"<p>Comunicato stampa &#8211;<br \/>\nPremiati i primi classificati del \u201cConcorso di idee per la riqualificazione ed il miglioramento della fruizione delle aree esterne del complesso fieristico di Messina&#8221;. &#8220;Il concorso di idee &#8211; ha detto Lazzari &#8211; \u00e8 l&#8217;istituto che pu\u00f2 garantire processi qualitativamente alti di progettazione e l&#8217;Autorit\u00e0 Portuale di Messina ha dimostrato di credere in questa procedura&#8221;.<br \/>\n<img loading=\"lazy\" src=\"http:\/\/www.radioempire.it\/wp-content\/uploads\/2017\/02\/primo_classificato_1-300x169.jpg\" alt=\"primo_classificato_1\" width=\"300\" height=\"169\" class=\"alignleft size-medium wp-image-1168\" \/><\/p>\n<p><img loading=\"lazy\" src=\"http:\/\/www.radioempire.it\/wp-content\/uploads\/2017\/02\/9-300x169.jpg\" alt=\"9\" width=\"300\" height=\"169\" class=\"alignleft size-medium wp-image-1169\" \/>Si \u00e8 tenuta ieri sera, presso la sede di via Bartolomeo da Neocastro, la premiazione dei primi classificati al \u201cConcorso di idee per la riqualificazione ed il miglioramento della fruizione delle aree esterne del complesso fieristico di Messina\u201d; un concorso indetto dall\u2019Ordine degli Architetti di Messina d\u2019intesa con l\u2019Autorit\u00e0 Portuale.<br \/>\nEntusiasti degli obiettivi raggiunti con lo strumento concorsuale il Presidente dell\u2019Ordine arch. Giovanni Lazzari e il Presidente della Fondazione arch. Pino Falzea.<img loading=\"lazy\" src=\"http:\/\/www.radioempire.it\/wp-content\/uploads\/2017\/02\/12-300x169.jpg\" alt=\"12\" width=\"300\" height=\"169\" class=\"alignleft size-medium wp-image-1170\" \/><br \/>\n\u201cIl concorso di idee \u2013 ha detto Lazzari \u2013 \u00e8 l\u2019istituto che pu\u00f2 garantire processi qualitativamente alti di progettazione e l\u2019Autorit\u00e0 Portuale di Messina ha dimostrato di credere in questa procedura\u201d.<br \/>\nPer l\u2019Autorit\u00e0 Portuale l\u2019ing. Francesco Di Sarcina ha annunciato che, confermato l\u2019indirizzo ricevuto dall&#8217;esito concorsuale, \u00e8 gi\u00e0 stato ufficializzato l\u2019incarico per la progettazione esecutiva al gruppo vincitore.<br \/>\n<img loading=\"lazy\" src=\"http:\/\/www.radioempire.it\/wp-content\/uploads\/2017\/02\/14-300x169.jpg\" alt=\"14\" width=\"300\" height=\"169\" class=\"alignleft size-medium wp-image-1171\" \/>Durante la serata si \u00e8 parlato anche di \u201cMare tra gli isolati\u201d e del \u201cNuovo Teatro in Fiera\u201d con i docenti universitari arch Antonello Russo, arch. Francesco Messina e arch. Marco Mannino.<br \/>\nL\u2019evento, curato dall\u2019arch. Roberto Smedile, \u00e8 un ulteriore passo avanti in quel percorso intrapreso dall\u2019Ordine degli Architetti finalizzato al recupero e alla valorizzazione dell\u2019affaccio a mare della citt\u00e0.<img loading=\"lazy\" src=\"http:\/\/www.radioempire.it\/wp-content\/uploads\/2017\/02\/disarcina_lazzari_falzea-300x169.jpg\" alt=\"disarcina_lazzari_falzea\" width=\"300\" height=\"169\" class=\"alignleft size-medium wp-image-1172\" \/><img loading=\"lazy\" src=\"http:\/\/www.radioempire.it\/wp-content\/uploads\/2017\/02\/secondo_classificato_1-300x169.jpg\" alt=\"secondo_classificato_1\" width=\"300\" height=\"169\" class=\"alignleft size-medium wp-image-1173\" \/><br \/>\nQuesti i premiati:<br \/>\n1.classificato \u201cLIMEN\u201d \u2013 arch. Giovanni La Fauci \u2013\u2013 arch. Marilena Amato \u2013 arch. Rocco Addesi<br \/>\n2.classificato \u201cUOMO LIBERO, TU AMERAI SEMPRE IL MARE\u2026\u201d \u2013 arch. Massimo Foti \u2013 arch. Alessandro Recupero<br \/>\n3.classificato \u201cONDATA DI VERDE\u201d \u2013 arch. Alessandra Malfitano<br \/>\n1. Menzione \u201cPR\u00d2T\u00c9SI SUL MARE\u201d \u2013 arch. Anna De Marco \u2013 arch. Cristina Monari<br \/>\n2. Menzione \u201cTRA LEGGENDA E TRADIZIONE; UN TUFFO NEL VERDE E UN SALTO NEL MARE\u201d \u2013 arch. Antonio Cannuni\u2013 arch. Francesca Maio<\/p>\n","protected":false},"excerpt":{"rendered":"<p>Comunicato stampa &#8211; Premiati i primi classificati del \u201cConcorso di idee per la riqualificazione ed il miglioramento della fruizione delle aree esterne del complesso fieristico di Messina&#8221;. &#8220;Il concorso di<\/p>\n<div><a class=\"permalink\" href=\"https:\/\/www.radioempire.it\/index.php\/2017\/02\/11\/messina-premiati-i-primi-classificati-al-concorso-di-idee-per-larea-fieristica-indetto-dallordine-degli-architetti-dintesa-con-lautorita-portuale\/\">Read More&#8230;<\/a><\/div>\n","protected":false},"author":2,"featured_media":0,"comment_status":"closed","ping_status":"closed","sticky":false,"template":"","format":"standard","meta":[],"categories":[3,36],"tags":[],"_links":{"self":[{"href":"https:\/\/www.radioempire.it\/index.php\/wp-json\/wp\/v2\/posts\/1167"}],"collection":[{"href":"https:\/\/www.radioempire.it\/index.php\/wp-json\/wp\/v2\/posts"}],"about":[{"href":"https:\/\/www.radioempire.it\/index.php\/wp-json\/wp\/v2\/types\/post"}],"author":[{"embeddable":true,"href":"https:\/\/www.radioempire.it\/index.php\/wp-json\/wp\/v2\/users\/2"}],"replies":[{"embeddable":true,"href":"https:\/\/www.radioempire.it\/index.php\/wp-json\/wp\/v2\/comments?post=1167"}],"version-history":[{"count":1,"href":"https:\/\/www.radioempire.it\/index.php\/wp-json\/wp\/v2\/posts\/1167\/revisions"}],"predecessor-version":[{"id":1175,"href":"https:\/\/www.radioempire.it\/index.php\/wp-json\/wp\/v2\/posts\/1167\/revisions\/1175"}],"wp:attachment":[{"href":"https:\/\/www.radioempire.it\/index.php\/wp-json\/wp\/v2\/media?parent=1167"}],"wp:term":[{"taxonomy":"category","embeddable":true,"href":"https:\/\/www.radioempire.it\/index.php\/wp-json\/wp\/v2\/categories?post=1167"},{"taxonomy":"post_tag","embeddable":true,"href":"https:\/\/www.radioempire.it\/index.php\/wp-json\/wp\/v2\/tags?post=1167"}],"curies":[{"name":"wp","href":"https:\/\/api.w.org\/{rel}","templated":true}]}}