{"id":1177,"date":"2017-02-11T18:39:43","date_gmt":"2017-02-11T18:39:43","guid":{"rendered":"http:\/\/www.radioempire.it\/?p=1177"},"modified":"2017-02-11T18:39:43","modified_gmt":"2017-02-11T18:39:43","slug":"ali-terme-mercoledi-15-febbraio-il-primo-film-del-cineforum","status":"publish","type":"post","link":"https:\/\/www.radioempire.it\/index.php\/2017\/02\/11\/ali-terme-mercoledi-15-febbraio-il-primo-film-del-cineforum\/","title":{"rendered":"Al\u00ec Terme: mercoled\u00ec 15 febbraio il primo film del cineforum"},"content":{"rendered":"<p>Comunicato stampa &#8211;\t\t\t\t\t\t\t\t\t\t\t\t\t\t\t\t\t\tToccher\u00e0 a \u201cJulieta\u201d di Pedro Almodovar, prossimo Presidente di Giuria del Festival di Cannes che si terr\u00e0 a maggio, inaugurare il primo ciclo 2017 del cineforum che come di consueto avr\u00e0 luogo al Cinema Vittoria di Al\u00ec Terme.<img loading=\"lazy\" src=\"http:\/\/www.radioempire.it\/wp-content\/uploads\/2017\/02\/locandina-Julieta-210x300.jpg\" alt=\"locandina-julieta\" width=\"210\" height=\"300\" class=\"alignleft size-medium wp-image-1179\" \/> Il primo degli undici film in cartellone sar\u00e0 proiettato mercoled\u00ec 15 febbraio, ai consueti orari 17.00 \u2013 19.15 \u2013 21.30), l\u2019ultimo il 26 aprile. \u201cJulieta\u201d, nel cui cast figurano Adriana Ugarte, Emma Suarez, Daniel Grao, Inma Cuesta e Rossy De Palma, ha rappresentato la Spagna nella corsa agli Oscar 2017 al miglior film straniero. La rassegna \u00e8 organizzata dalla Banca del Tempo di Al\u00ec Terme e dal Circolo Nuova Presenza di Santa Teresa di Riva che quest\u2019anno festeggia i 40 anni di attivit\u00e0. Entrambi i sodalizi fanno parte della grande famiglia del CINIT Cineforum Italiano. Il Comitato Organizzatore<\/p>\n","protected":false},"excerpt":{"rendered":"<p>Comunicato stampa &#8211; Toccher\u00e0 a \u201cJulieta\u201d di Pedro Almodovar, prossimo Presidente di Giuria del Festival di Cannes che si terr\u00e0 a maggio, inaugurare il primo ciclo 2017 del cineforum che<\/p>\n<div><a class=\"permalink\" href=\"https:\/\/www.radioempire.it\/index.php\/2017\/02\/11\/ali-terme-mercoledi-15-febbraio-il-primo-film-del-cineforum\/\">Read More&#8230;<\/a><\/div>\n","protected":false},"author":2,"featured_media":0,"comment_status":"closed","ping_status":"closed","sticky":false,"template":"","format":"standard","meta":[],"categories":[3,36],"tags":[],"_links":{"self":[{"href":"https:\/\/www.radioempire.it\/index.php\/wp-json\/wp\/v2\/posts\/1177"}],"collection":[{"href":"https:\/\/www.radioempire.it\/index.php\/wp-json\/wp\/v2\/posts"}],"about":[{"href":"https:\/\/www.radioempire.it\/index.php\/wp-json\/wp\/v2\/types\/post"}],"author":[{"embeddable":true,"href":"https:\/\/www.radioempire.it\/index.php\/wp-json\/wp\/v2\/users\/2"}],"replies":[{"embeddable":true,"href":"https:\/\/www.radioempire.it\/index.php\/wp-json\/wp\/v2\/comments?post=1177"}],"version-history":[{"count":1,"href":"https:\/\/www.radioempire.it\/index.php\/wp-json\/wp\/v2\/posts\/1177\/revisions"}],"predecessor-version":[{"id":1180,"href":"https:\/\/www.radioempire.it\/index.php\/wp-json\/wp\/v2\/posts\/1177\/revisions\/1180"}],"wp:attachment":[{"href":"https:\/\/www.radioempire.it\/index.php\/wp-json\/wp\/v2\/media?parent=1177"}],"wp:term":[{"taxonomy":"category","embeddable":true,"href":"https:\/\/www.radioempire.it\/index.php\/wp-json\/wp\/v2\/categories?post=1177"},{"taxonomy":"post_tag","embeddable":true,"href":"https:\/\/www.radioempire.it\/index.php\/wp-json\/wp\/v2\/tags?post=1177"}],"curies":[{"name":"wp","href":"https:\/\/api.w.org\/{rel}","templated":true}]}}