{"id":12838,"date":"2019-10-19T18:43:36","date_gmt":"2019-10-19T18:43:36","guid":{"rendered":"http:\/\/www.radioempire.it\/?p=12838"},"modified":"2019-10-19T18:44:39","modified_gmt":"2019-10-19T18:44:39","slug":"cinemo-vittoria-ali-terme-al-via-il-nuovo-ciclo-di-film-del-cineforum","status":"publish","type":"post","link":"https:\/\/www.radioempire.it\/index.php\/2019\/10\/19\/cinemo-vittoria-ali-terme-al-via-il-nuovo-ciclo-di-film-del-cineforum\/","title":{"rendered":"Cinema Vittoria Al\u00ec Terme al via il nuovo ciclo di film del Cineforum"},"content":{"rendered":"<p>Mercoled\u00ec 23 ottobre prender\u00e0 il via il secondo ciclo del 2019 del Cineforum targato CINIT-Cineforum Italiano. Le proiezioni come di consueto avranno luogo al Cinema Vittoria di Al\u00ec Terme, sempre di mercoled\u00ec e ciascun film sar\u00e0 proposto tre volte: alle 16.00, alle 18.30 ed alle 21.00. La rassegna prevede otto film, frutto di una accurata selezione fra le recenti uscite, quasi tutti vincitori di importanti premi nei festival pi\u00f9 prestigiosi del panorama cinematografico internazionale. Quanto ai dati statistici di questa edizione si annoverano ben quattro film italiani su otto in totale fra i quali i recenti \u201cLa Mafia non \u00e8 pi\u00f9 quella di una volta\u201d di Franco Maresco e \u201cMartin Eden\u201d di Pietro <img loading=\"lazy\" src=\"http:\/\/www.radioempire.it\/wp-content\/uploads\/2019\/10\/foto-da-Il-Traditore-300x300.jpg\" alt=\"\" width=\"300\" height=\"300\" class=\"alignleft size-medium wp-image-12840\" srcset=\"https:\/\/www.radioempire.it\/wp-content\/uploads\/2019\/10\/foto-da-Il-Traditore-300x300.jpg 300w, https:\/\/www.radioempire.it\/wp-content\/uploads\/2019\/10\/foto-da-Il-Traditore-150x150.jpg 150w, https:\/\/www.radioempire.it\/wp-content\/uploads\/2019\/10\/foto-da-Il-Traditore-768x771.jpg 768w, https:\/\/www.radioempire.it\/wp-content\/uploads\/2019\/10\/foto-da-Il-Traditore-1021x1024.jpg 1021w, https:\/\/www.radioempire.it\/wp-content\/uploads\/2019\/10\/foto-da-Il-Traditore-188x188.jpg 188w, https:\/\/www.radioempire.it\/wp-content\/uploads\/2019\/10\/foto-da-Il-Traditore.jpg 1189w\" sizes=\"(max-width: 300px) 100vw, 300px\" \/>Marcello, entrambi a rappresentare l\u2019Italia in concorso all\u2019ultima Mostra del Cinema di Venezia ed entrambi premiati, l\u2019uno con il Premio Speciale della Giuria e l\u2019altro con la Coppa Volpi per la migliore interpretazione maschile a Luca Marinelli. Quest\u2019ultimo sar\u00e0 anche il film conclusivo della rassegna che avverr\u00e0 giorno 11 dicembre. Sei in totale i film europei e solo due provenienti dall\u2019altra parte del mondo, uno dagli USA e l\u2019altro dall\u2019Argentina. In cartellone anche \u201cIl Traditore\u201d di Marco Bellocchio, film che rappresenter\u00e0 l\u2019Italia nella corsa agli Oscar per il miglior film straniero. Un accordo con gli <img loading=\"lazy\" src=\"http:\/\/www.radioempire.it\/wp-content\/uploads\/2019\/10\/altra-foto-tratta-da-Martin-Eden.jpeg\" alt=\"\" width=\"275\" height=\"183\" class=\"alignleft size-full wp-image-12842\" \/>Istituti delle Scuole Superiori del comprensorio consentir\u00e0 agli studenti di poter accedere alle proiezioni a un prezzo di abbonamento ridotto rispetto a quello standard. Gli esperti, ovvero il dott. Massimo Caminiti, presidente del CINIT, associazione nazionale di divulgazione cinematografica, il dott. Massimo Cicala del Circolo Nuova Presenza di Santa Teresa di Riva e il prof. Ignazio Vasta, direttore artistico del Festival del Cinema per Ragazzi di Giardini Naxos, saranno presenti in sala per supportare gli studenti in una guidata visione del film distribuendo loro pillole informative sul linguaggio e le tecniche cinematografiche. Gli organizzatori ringraziano la famiglia De Luca per aver ancora una volta messo a disposizione la sala cinematografica per questo evento ormai divenuto un punto fermo del panorama culturale dell\u2019intero comprensorio.<br \/>\nOrazio Leotta \u2013 CINIT Cineforum Italiano<\/p>\n","protected":false},"excerpt":{"rendered":"<p>Mercoled\u00ec 23 ottobre prender\u00e0 il via il secondo ciclo del 2019 del Cineforum targato CINIT-Cineforum Italiano. Le proiezioni come di consueto avranno luogo al Cinema Vittoria di Al\u00ec Terme, sempre<\/p>\n<div><a class=\"permalink\" href=\"https:\/\/www.radioempire.it\/index.php\/2019\/10\/19\/cinemo-vittoria-ali-terme-al-via-il-nuovo-ciclo-di-film-del-cineforum\/\">Read More&#8230;<\/a><\/div>\n","protected":false},"author":2,"featured_media":12839,"comment_status":"closed","ping_status":"closed","sticky":false,"template":"","format":"standard","meta":[],"categories":[3,36],"tags":[],"_links":{"self":[{"href":"https:\/\/www.radioempire.it\/index.php\/wp-json\/wp\/v2\/posts\/12838"}],"collection":[{"href":"https:\/\/www.radioempire.it\/index.php\/wp-json\/wp\/v2\/posts"}],"about":[{"href":"https:\/\/www.radioempire.it\/index.php\/wp-json\/wp\/v2\/types\/post"}],"author":[{"embeddable":true,"href":"https:\/\/www.radioempire.it\/index.php\/wp-json\/wp\/v2\/users\/2"}],"replies":[{"embeddable":true,"href":"https:\/\/www.radioempire.it\/index.php\/wp-json\/wp\/v2\/comments?post=12838"}],"version-history":[{"count":2,"href":"https:\/\/www.radioempire.it\/index.php\/wp-json\/wp\/v2\/posts\/12838\/revisions"}],"predecessor-version":[{"id":12844,"href":"https:\/\/www.radioempire.it\/index.php\/wp-json\/wp\/v2\/posts\/12838\/revisions\/12844"}],"wp:featuredmedia":[{"embeddable":true,"href":"https:\/\/www.radioempire.it\/index.php\/wp-json\/wp\/v2\/media\/12839"}],"wp:attachment":[{"href":"https:\/\/www.radioempire.it\/index.php\/wp-json\/wp\/v2\/media?parent=12838"}],"wp:term":[{"taxonomy":"category","embeddable":true,"href":"https:\/\/www.radioempire.it\/index.php\/wp-json\/wp\/v2\/categories?post=12838"},{"taxonomy":"post_tag","embeddable":true,"href":"https:\/\/www.radioempire.it\/index.php\/wp-json\/wp\/v2\/tags?post=12838"}],"curies":[{"name":"wp","href":"https:\/\/api.w.org\/{rel}","templated":true}]}}