{"id":17783,"date":"2020-08-22T19:24:54","date_gmt":"2020-08-22T19:24:54","guid":{"rendered":"https:\/\/www.radioempire.it\/?p=17783"},"modified":"2020-08-22T19:24:54","modified_gmt":"2020-08-22T19:24:54","slug":"amando-volley-b1-fe-ingaggio-de-bellis","status":"publish","type":"post","link":"https:\/\/www.radioempire.it\/index.php\/2020\/08\/22\/amando-volley-b1-fe-ingaggio-de-bellis\/","title":{"rendered":"AMANDO VOLLEY B1\/FE: Ingaggio De Bellis"},"content":{"rendered":"<p>COMUNICATO &#8211;<br \/>\nGiovani, determinate, vogliose di lavorare in palestra, e con un curriculum giovanile importante. Questo \u00e8 l\u2019identikit disegnato da Tonio Jimenez ai dirigenti in questi 2 anni da coach dell\u2019Amando. Ed \u00e8 in questo contesto che si inquadra l\u2019arrivo in maglia biancazzurra di Camilla De Bellis. Schiacciatrice Laziale di 178cm, 20 anni, proveniente in prestito dal Volley Terracina, dove ha giocato l\u2019anno scorso in B2 con i gradi di Capitano. Doti anche da leadership per questa atleta che fin da giovane ha bruciato le tappe.<br \/>\nMuove i primi passi nella societ\u00e0 del suo paese a Priverno (LT) per poi passare a 12 anni nel Volley Terracina, societ\u00e0 nella quale milita fino all\u2019anno scorso. Grandi capacit\u00e0 per Camilla, che affronta sempre campionati nelle categorie superiori rispetto alla sua et\u00e0. Si segnala la convocazione per il trofeo delle Regioni con il comitato Regionale Lazio nel 2015 e la partecipazione a stage della Nazionale giovanile.<br \/>\nAttivit\u00e0 giovanile che ben presto viene affiancata ai campionati di Serie. Esordio in D non ancora 14enne, esordio in serie B1 a 14 anni e 6 mesi. Nella stagione 2015\/16 titolare nel campionato di D con ulteriori presenze in B1. Dal 2016, dopo la rinuncia del Terracina alla B1, affronta da protagonista i campionati di serie C, con promozione in serie B2 nella stagione 2018\/2019. Quindi l\u2019anno scorso, come gi\u00e0 citato, il campionato di B2 fino all\u2019interruzione per l\u2019emergenza sanitaria.<br \/>\nRagazza solare, appassionata di cinema, la de Bellis ci rilascia le sue prime impressioni da giocatrice dell\u2019Amando Volley: \u201cSono molto felice dell\u2019opportunit\u00e0 che Santa Teresa mi ha dato, i progetti di questa societ\u00e0 mi hanno conquistata e convinta. \u00c8 la mia prima esperienza fuori casa e sono molto positiva.<br \/>\nNon vedo l\u2019ora di iniziare questa nuova avventura dando il mio contributo massimo e arricchendo anche il mio bagaglio personale.\u201d <\/p>\n<p>Con l\u2019arrivo della De Bellis \u00e8 quasi completo il roster della squadra di Jimenez. Un mix di esperienza e di tanti giovani talenti. Si aspetta un altro colpo di mercato e poi il roster sar\u00e0 completato con elementi provenienti dalle giovanili. Numeri alla mano mancherebbe proprio un\u2019altra schiacciatrice. Arriver\u00e0 in posto 4 la classica ciliegina sulla torta a completamento del mercato Amando? Ai posteri l\u2019ardua sentenza.<\/p>\n","protected":false},"excerpt":{"rendered":"<p>COMUNICATO &#8211; Giovani, determinate, vogliose di lavorare in palestra, e con un curriculum giovanile importante. Questo \u00e8 l\u2019identikit disegnato da Tonio Jimenez ai dirigenti in questi 2 anni da coach<\/p>\n<div><a class=\"permalink\" href=\"https:\/\/www.radioempire.it\/index.php\/2020\/08\/22\/amando-volley-b1-fe-ingaggio-de-bellis\/\">Read More&#8230;<\/a><\/div>\n","protected":false},"author":2,"featured_media":17785,"comment_status":"closed","ping_status":"closed","sticky":false,"template":"","format":"standard","meta":[],"categories":[3,36],"tags":[],"_links":{"self":[{"href":"https:\/\/www.radioempire.it\/index.php\/wp-json\/wp\/v2\/posts\/17783"}],"collection":[{"href":"https:\/\/www.radioempire.it\/index.php\/wp-json\/wp\/v2\/posts"}],"about":[{"href":"https:\/\/www.radioempire.it\/index.php\/wp-json\/wp\/v2\/types\/post"}],"author":[{"embeddable":true,"href":"https:\/\/www.radioempire.it\/index.php\/wp-json\/wp\/v2\/users\/2"}],"replies":[{"embeddable":true,"href":"https:\/\/www.radioempire.it\/index.php\/wp-json\/wp\/v2\/comments?post=17783"}],"version-history":[{"count":1,"href":"https:\/\/www.radioempire.it\/index.php\/wp-json\/wp\/v2\/posts\/17783\/revisions"}],"predecessor-version":[{"id":17786,"href":"https:\/\/www.radioempire.it\/index.php\/wp-json\/wp\/v2\/posts\/17783\/revisions\/17786"}],"wp:featuredmedia":[{"embeddable":true,"href":"https:\/\/www.radioempire.it\/index.php\/wp-json\/wp\/v2\/media\/17785"}],"wp:attachment":[{"href":"https:\/\/www.radioempire.it\/index.php\/wp-json\/wp\/v2\/media?parent=17783"}],"wp:term":[{"taxonomy":"category","embeddable":true,"href":"https:\/\/www.radioempire.it\/index.php\/wp-json\/wp\/v2\/categories?post=17783"},{"taxonomy":"post_tag","embeddable":true,"href":"https:\/\/www.radioempire.it\/index.php\/wp-json\/wp\/v2\/tags?post=17783"}],"curies":[{"name":"wp","href":"https:\/\/api.w.org\/{rel}","templated":true}]}}