{"id":17869,"date":"2020-08-26T16:53:44","date_gmt":"2020-08-26T16:53:44","guid":{"rendered":"https:\/\/www.radioempire.it\/?p=17869"},"modified":"2020-08-26T16:59:27","modified_gmt":"2020-08-26T16:59:27","slug":"la-delegazione-ais-di-taormina-piazza-a-savoca-un-double-vincente-nelle-serate-del-24-e-del-25-agosto","status":"publish","type":"post","link":"https:\/\/www.radioempire.it\/index.php\/2020\/08\/26\/la-delegazione-ais-di-taormina-piazza-a-savoca-un-double-vincente-nelle-serate-del-24-e-del-25-agosto\/","title":{"rendered":"LA DELEGAZIONE AIS DI TAORMINA PIAZZA A SAVOCA UN DOUBLE VINCENTE NELLE SERATE DEL 24 E DEL 25 AGOSTO"},"content":{"rendered":"<p>Di Orazio Leotta<\/p>\n<p>mercoled\u00ec 26 agosto 2020<br \/>\nSavoca. Incontro ravvicinato con l\u2019Isola di Salina nella serata di marted\u00ec 25 agosto in virt\u00f9 di una degustazione di cinque vini denominata: \u201cL\u2019oro di Salina\u201d. L\u2019anchorwoman della serata, la bravissima e appassionata Marilisa Bagnato, reduce da un viaggio nell\u2019isola ove, on the job, \u00e8 potuta rimanere in contatto con i membri della famiglia Colosi e i luoghi dove insistono i vigneti, ha fatto respirare agli astanti l\u2019aria isolana e ha fatto vivere, come fossero presenti fisicamente nella pi\u00f9 estesa isola delle Eolie, colori, sapori, vegetazione, montagne, tecniche di vinificazione in una partecipata serata all\u2019insegna del buon bere.<br \/>\nNessun rappresentante della famiglia Colosi era presenta alla serata, assenti giustificati, ma il duo di conduttori formato dal sommelier professionista Gioele Micali e, come riferito in premessa, dalla messinese Marilisa Bagnato, fresca di diploma, sono stati all\u2019altezza della situazione e hanno per mezzo di una ragguardevole verve oratoria consegnato ai presenti l\u2019essenza dei vigneti tipici di Salina.<br \/>\nServizio affidato alla coppia Natale Triolo e Onofrio Santoro: si parte! Il primo vino in degustazione \u00e8 una Malvasia, Secca del Capo IGT, 2019. Si \u00e8 lasciata apprezzare per l\u2019ottima intensit\u00e0 olfattiva (note citrine, frutta tropicale, spiccati sentori floreali) e in bocca per un residuo zuccherino in un contraltare con la grande freschezza della stessa. Buon vino, ma andava degustato per una migliore fruizione dello stesso subito dopo il Salina bianco IGT 2019 (l\u2019inversione avrebbe reso pi\u00f9 confacente il progressivo excursus che avrebbe poi condotto al passito finale). Un Salina bianco, il vino degustato per secondo, frutto di un\u2019equa percentuale di Catarratto e Inzolia, che rispecchia i profumi dell\u2019isola: intenso, fresco, sapido e fruttato, con vigneti ubicati nella zona di Porri e di Capo Faro. Un eccellente rosato (Salina IGT Rosato, 2019) \u00e8 stato il terzo dei cinque vini (in medio stat virtus) ottenuto da uve Corinto nero e Nerello Mascalese nella sua veste marittima: bouquet floreale di rosa selvatica con sentori tipici della macchia mediterranea e note agrumate di pompelmo rosa. Fresco con note di mineralit\u00e0. Il classico rosato, o per meglio dire, ci\u00f2 che si richiede da un rosato quando si ha voglia di bere un rosato! Ultimi due vini della batteria due Malvasie delle Lipari: il primo targato 2015 nella sua veste naturale, elegante e vellutato. Etichettato come Nu\u2019har, che in arabo significa luce e che rimanda al suo colore giallo dorato intenso, si \u00e8 rivelato equilibrato e persistente con evidenti note di albicocca matura e miele. Per concludere la versione Passito, del 2016, etichettato Na\u2019jm, come la 53.ma sura del Corano che fa omaggio al cielo trapunto di stelle, frutto di uve Malvasia delle Lipari e in piccole percentuali di Corinto nero come il precedente, colore dorato tendente al rame ed evidenti sentori di fico secco, miele, pasticceria; dolce, ben strutturato ed abbastanza equilibrato, leggermente spigoloso rispetto alla versione naturale apparsa impeccabile. <img loading=\"lazy\" src=\"https:\/\/www.radioempire.it\/wp-content\/uploads\/2020\/08\/federica-225x300.jpg\" alt=\"\" width=\"225\" height=\"300\" class=\"alignleft size-medium wp-image-17871\" srcset=\"https:\/\/www.radioempire.it\/wp-content\/uploads\/2020\/08\/federica-225x300.jpg 225w, https:\/\/www.radioempire.it\/wp-content\/uploads\/2020\/08\/federica-768x1024.jpg 768w, https:\/\/www.radioempire.it\/wp-content\/uploads\/2020\/08\/federica-1152x1536.jpg 1152w, https:\/\/www.radioempire.it\/wp-content\/uploads\/2020\/08\/federica-1536x2048.jpg 1536w, https:\/\/www.radioempire.it\/wp-content\/uploads\/2020\/08\/federica-scaled.jpg 1920w\" sizes=\"(max-width: 225px) 100vw, 225px\" \/><img loading=\"lazy\" src=\"https:\/\/www.radioempire.it\/wp-content\/uploads\/2020\/08\/mara-225x300.jpg\" alt=\"\" width=\"225\" height=\"300\" class=\"alignleft size-medium wp-image-17872\" srcset=\"https:\/\/www.radioempire.it\/wp-content\/uploads\/2020\/08\/mara-225x300.jpg 225w, https:\/\/www.radioempire.it\/wp-content\/uploads\/2020\/08\/mara-768x1024.jpg 768w, https:\/\/www.radioempire.it\/wp-content\/uploads\/2020\/08\/mara-1152x1536.jpg 1152w, https:\/\/www.radioempire.it\/wp-content\/uploads\/2020\/08\/mara-1536x2048.jpg 1536w, https:\/\/www.radioempire.it\/wp-content\/uploads\/2020\/08\/mara-scaled.jpg 1920w\" sizes=\"(max-width: 225px) 100vw, 225px\" \/>Nel corso della serata anche un momento gastronomico a cura della famiglia Triolo e argomentati interventi delle sommelier Federica Limina e Mara Ioana Alexuc, la pi\u00f9 giovane sommelier d\u2019Italia. La serata riservata alle Cantine Colosi \u00e8 stata la seconda ed ultima di due serate, organizzate da AIS Taormina e dedicate alle degustazioni, nel Centro Filarmonico di Savoca seguita a quella<img loading=\"lazy\" src=\"https:\/\/www.radioempire.it\/wp-content\/uploads\/2020\/08\/grillo-225x300.jpg\" alt=\"\" width=\"225\" height=\"300\" class=\"alignleft size-medium wp-image-17873\" srcset=\"https:\/\/www.radioempire.it\/wp-content\/uploads\/2020\/08\/grillo-225x300.jpg 225w, https:\/\/www.radioempire.it\/wp-content\/uploads\/2020\/08\/grillo.jpg 768w\" sizes=\"(max-width: 225px) 100vw, 225px\" \/> dell\u2019Azienda Bonsignore con protagonista il vitigno Grillo (OI, Sicilia Doc 2019, 2018 e 2017 pi\u00f9 un vino alla cieca) svoltasi alla presenza del titolare Luigi Bonsignore e della consorte Debora Greco. Non \u00e8 mancato il momento della solidariet\u00e0 a favore di Angelica Abate, la giovane di Roccalumera che necessita di costosissime cure mediche in Germania<\/p>\n","protected":false},"excerpt":{"rendered":"<p>Di Orazio Leotta mercoled\u00ec 26 agosto 2020 Savoca. Incontro ravvicinato con l\u2019Isola di Salina nella serata di marted\u00ec 25 agosto in virt\u00f9 di una degustazione di cinque vini denominata: \u201cL\u2019oro<\/p>\n<div><a class=\"permalink\" href=\"https:\/\/www.radioempire.it\/index.php\/2020\/08\/26\/la-delegazione-ais-di-taormina-piazza-a-savoca-un-double-vincente-nelle-serate-del-24-e-del-25-agosto\/\">Read More&#8230;<\/a><\/div>\n","protected":false},"author":2,"featured_media":17870,"comment_status":"closed","ping_status":"closed","sticky":false,"template":"","format":"standard","meta":[],"categories":[3,36,1],"tags":[],"_links":{"self":[{"href":"https:\/\/www.radioempire.it\/index.php\/wp-json\/wp\/v2\/posts\/17869"}],"collection":[{"href":"https:\/\/www.radioempire.it\/index.php\/wp-json\/wp\/v2\/posts"}],"about":[{"href":"https:\/\/www.radioempire.it\/index.php\/wp-json\/wp\/v2\/types\/post"}],"author":[{"embeddable":true,"href":"https:\/\/www.radioempire.it\/index.php\/wp-json\/wp\/v2\/users\/2"}],"replies":[{"embeddable":true,"href":"https:\/\/www.radioempire.it\/index.php\/wp-json\/wp\/v2\/comments?post=17869"}],"version-history":[{"count":4,"href":"https:\/\/www.radioempire.it\/index.php\/wp-json\/wp\/v2\/posts\/17869\/revisions"}],"predecessor-version":[{"id":17877,"href":"https:\/\/www.radioempire.it\/index.php\/wp-json\/wp\/v2\/posts\/17869\/revisions\/17877"}],"wp:featuredmedia":[{"embeddable":true,"href":"https:\/\/www.radioempire.it\/index.php\/wp-json\/wp\/v2\/media\/17870"}],"wp:attachment":[{"href":"https:\/\/www.radioempire.it\/index.php\/wp-json\/wp\/v2\/media?parent=17869"}],"wp:term":[{"taxonomy":"category","embeddable":true,"href":"https:\/\/www.radioempire.it\/index.php\/wp-json\/wp\/v2\/categories?post=17869"},{"taxonomy":"post_tag","embeddable":true,"href":"https:\/\/www.radioempire.it\/index.php\/wp-json\/wp\/v2\/tags?post=17869"}],"curies":[{"name":"wp","href":"https:\/\/api.w.org\/{rel}","templated":true}]}}