{"id":17883,"date":"2020-08-27T13:16:21","date_gmt":"2020-08-27T13:16:21","guid":{"rendered":"https:\/\/www.radioempire.it\/?p=17883"},"modified":"2020-08-27T13:16:21","modified_gmt":"2020-08-27T13:16:21","slug":"dopo-il-successo-della-prima-grande-attesa-il-31-agosto-al-teatro-antico-di-taormina-per-la-replica-di-aida","status":"publish","type":"post","link":"https:\/\/www.radioempire.it\/index.php\/2020\/08\/27\/dopo-il-successo-della-prima-grande-attesa-il-31-agosto-al-teatro-antico-di-taormina-per-la-replica-di-aida\/","title":{"rendered":"Dopo il successo della prima, grande attesa il 31 agosto al Teatro antico di Taormina per la replica di Aida"},"content":{"rendered":"<p>COMUNICATO STAMPA &#8211;<\/p>\n<p>Dopo il boom di presenze in occasione della prima, torna in scena il 31 agosto, alle ore 21, al Teatro antico di Taormina, l\u2019Aida di Giuseppe Verdi. L\u2019evento, organizzato nell\u2019ambito del Mythos Opera Festival, in collaborazione con la Regione Siciliana, il Parco archeologico di Naxos, il Comune di Catania e con i patrocini del Ministero dei Beni Culturali, di Rai World, del consolato ucraino in Italia e del comitato Pietro Mascagni, vedr\u00e0 in scena il soprano Marina Gubareva ed il mezzo soprano Elena Farnova, nei ruoli, rispettivamente, di Aida e Amneris, le due rivali in amore. \u201cE\u2019 una grande emozione per me interpretare il ruolo di Aida in un\u2019atmosfera magica come quella del Teatro antico di Taormina \u2013 spiega Marina Gubareva &#8211; con un panorama mozzafiato ed una scenografia naturale davvero unici. E poi Aida \u00e8 uno dei miei ruoli preferiti. E\u2019 affascinante quanto in quel personaggio riescano ad unirsi cose cos\u00ec contrastanti, da una parte la sua dolcezza, la tenerezza e l\u2019amore per Radames, dall\u2019altra la sua forza, il suo senso di dovere ed il suo attaccamento alla patria. Il personaggio di Aida \u00e8 molto interessante dal punto di vista interpretativo proprio perch\u00e9 bisogna riuscire a trasmettere tutte queste cose. Se c\u2019\u00e8 una cosa che mi unisce a lei \u00e8 la nostalgia per il proprio paese. Anche io provo questo sentimento, pur trovandomi benissimo in Italia, mi manca sempre un po\u2019 la mia casa in Moldavia. Quando Aida dice: O patria mia, non ti vedr\u00f2 mai pi\u00f9, immagino la sua profonda sofferenza\u201d. Il condottiero egizio Radames sar\u00e0 interpretato dal tenore Roberto Cresca, gi\u00e0 protagonista al debutto dello scorso 11 agosto. L\u2019opera, a causa delle ormai note ed inevitabili restrizioni dettate dalle norme anti Covid-19, andr\u00e0 in scena in forma concertata. \u201cDopo il successo della prima, sar\u00e0 di nuovo una grande emozione interpretare Radames in quest\u2019ultima replica al teatro di Taormina \u2013 commenta Roberto Cresca &#8211; In questa versione, nostro malgrado pi\u00f9 intima a causa delle restrizioni per il Covid-19, sar\u00e0 sviscerato tutto il dramma dell\u2019opera di Verdi e verranno fuori tutte le sfumature psicologiche e interpretative di questa partitura. Sar\u00e0 davvero una novit\u00e0 ed una scoperta anche per gli spettatori ascoltare una versione, se vogliamo, nuova di un grande capolavoro che ormai da decenni viene regolarmente portato in scena nei grandi teatri estivi e nelle stagioni pi\u00f9 importanti\u201d.  Sul palco del suggestivo Teatro greco saliranno anche Alessio Quaresima Escobar, nei panni di Amonasro; Sinan Yan, in quelli di Ramfis; Dante Roberto Muro, nel ruolo del Re; Federico Parisi, in quello del messaggero; ed infine Dominika Zamara nei panni della sacerdotessa. Un pianista d\u2019eccezione accompagner\u00e0 i solisti ed il coro Katane, diretto da Carlo Palazzo, il maestro Marco Boemi, direttore d\u2019orchestra tra i pi\u00f9 apprezzati sulla scena internazionale. Soddisfazione per i risultati sin qui ottenuti sono stati espressi dal Sovrintendente e dal direttore artistico del Mythos Opera Festival, rispettivamente Gianfranco Pappalardo Fiumara e Nino Strano. \u201cIl 31 agosto al Teatro antico di Taormina, perch\u00e9 \u00e8 nostra abitudine privilegiare questi siti di pietra cos\u00ec importanti che io, tra l\u2019altro, valorizzai anni fa con il Circuito del Mito, su idea di Franco Zeffirelli e con la direzione di Giancarlo Zanetti, sar\u00e0 eseguita ancora una volta l\u2019Aida \u2013 dichiara Nino Strano &#8211; Sar\u00e0 impreziosita, rispetto a quella che abbiamo con successo gi\u00e0 fatto nello stesso Teatro antico da alcuni movimenti scenici ed altro. Sono sicuro che riscuoter\u00e0 l\u2019apprezzamento del pubblico. Aida \u00e8 un\u2019opera eccezionale, amata dal pubblico di tutto il mondo, che ha visto le pi\u00f9 grandi voci cimentarsi nei diversi ruoli, sia maschili che femminili. Aspettiamo il consenso del pubblico e siamo certi che ci sar\u00e0\u201d.<br \/>\nU.S.<br \/>\nMaria Bella<\/p>\n","protected":false},"excerpt":{"rendered":"<p>COMUNICATO STAMPA &#8211; Dopo il boom di presenze in occasione della prima, torna in scena il 31 agosto, alle ore 21, al Teatro antico di Taormina, l\u2019Aida di Giuseppe Verdi.<\/p>\n<div><a class=\"permalink\" href=\"https:\/\/www.radioempire.it\/index.php\/2020\/08\/27\/dopo-il-successo-della-prima-grande-attesa-il-31-agosto-al-teatro-antico-di-taormina-per-la-replica-di-aida\/\">Read More&#8230;<\/a><\/div>\n","protected":false},"author":2,"featured_media":17884,"comment_status":"closed","ping_status":"closed","sticky":false,"template":"","format":"standard","meta":[],"categories":[3,36],"tags":[],"_links":{"self":[{"href":"https:\/\/www.radioempire.it\/index.php\/wp-json\/wp\/v2\/posts\/17883"}],"collection":[{"href":"https:\/\/www.radioempire.it\/index.php\/wp-json\/wp\/v2\/posts"}],"about":[{"href":"https:\/\/www.radioempire.it\/index.php\/wp-json\/wp\/v2\/types\/post"}],"author":[{"embeddable":true,"href":"https:\/\/www.radioempire.it\/index.php\/wp-json\/wp\/v2\/users\/2"}],"replies":[{"embeddable":true,"href":"https:\/\/www.radioempire.it\/index.php\/wp-json\/wp\/v2\/comments?post=17883"}],"version-history":[{"count":1,"href":"https:\/\/www.radioempire.it\/index.php\/wp-json\/wp\/v2\/posts\/17883\/revisions"}],"predecessor-version":[{"id":17885,"href":"https:\/\/www.radioempire.it\/index.php\/wp-json\/wp\/v2\/posts\/17883\/revisions\/17885"}],"wp:featuredmedia":[{"embeddable":true,"href":"https:\/\/www.radioempire.it\/index.php\/wp-json\/wp\/v2\/media\/17884"}],"wp:attachment":[{"href":"https:\/\/www.radioempire.it\/index.php\/wp-json\/wp\/v2\/media?parent=17883"}],"wp:term":[{"taxonomy":"category","embeddable":true,"href":"https:\/\/www.radioempire.it\/index.php\/wp-json\/wp\/v2\/categories?post=17883"},{"taxonomy":"post_tag","embeddable":true,"href":"https:\/\/www.radioempire.it\/index.php\/wp-json\/wp\/v2\/tags?post=17883"}],"curies":[{"name":"wp","href":"https:\/\/api.w.org\/{rel}","templated":true}]}}