{"id":18330,"date":"2020-09-17T22:08:48","date_gmt":"2020-09-17T22:08:48","guid":{"rendered":"https:\/\/www.radioempire.it\/?p=18330"},"modified":"2020-09-17T22:08:48","modified_gmt":"2020-09-17T22:08:48","slug":"lasd-volley-letojanni-conferma-anche-maurizio-schifilliti","status":"publish","type":"post","link":"https:\/\/www.radioempire.it\/index.php\/2020\/09\/17\/lasd-volley-letojanni-conferma-anche-maurizio-schifilliti\/","title":{"rendered":"L\u2019ASD VOLLEY LETOJANNI CONFERMA ANCHE MAURIZIO SCHIFILLITI."},"content":{"rendered":"<p>comunicato stampa-<br \/>\n \u201cCONTENTO DI ESSERE RIMASTO. LETOJANNI E\u2019 LA MIA SECONDA CASA\u201d. IL 23 SETTEMBRE L\u2019INIZIO DELLA PREPARAZIONE ATLETICA<\/p>\n<p>Quella che inizier\u00e0 il 7 novembre prossimo sar\u00e0 la sua settima stagione tra le fila del Volley Letojanni. Anche quest\u2019anno, infatti, il palleggiatore classe 1991, Maurizio Schifilliti far\u00e0 parte integrante della squadra allenata da coach Gianpietro Rigano e lo far\u00e0 anche stavolta da capitano e da veterano. Mancava solo l\u2019ufficialit\u00e0 e adesso, a distanza di sette mesi dalla fine del lockdown, \u00e8 arrivata in pompa magna, tra la soddisfazione della societ\u00e0 del ds Salvatore Soraci e quella dell\u2019atleta che ormai \u00e8 diventato un letojannese d\u2019adozione. Un atleta dalle indubbie qualit\u00e0 tecniche e umane che \u00e8 stato confermato nella rosa a disposizione dopo aver risolto dei piccoli problemi legati alla sua professione di medico. Mestiere che alterna a quello di palleggiatore unico nel suo genere e che dal 23 settembre prossimo sar\u00e0 ai nastri di partenza per l\u2019inizio della preparazione atletica. Con un sogno nel cassetto di partecipare ai play-off per la promozione in serie A3. Un obiettivo che stava diventando realt\u00e0 anche lo scorso anno, ma non raggiunto a causa della fine anticipata del campionato di serie B, complice il Covid-19. \u201cSono strafelice ed entusiasta di indossare per il settimo anno consecutivo una maglia cos\u00ec prestigiosa e valorosa &#8211; ha dichiarato a caldo Schifilliti -. Letojanni ormai \u00e8 diventata la mia seconda casa e lo dimostrano l\u2019affetto e il calore del pubblico nei miei confronti e di cui vado fiero. Sono pronto a ripagare sul campo la fiducia della societ\u00e0 e del mister che anche quest\u2019anno hanno costruito una squadra forte per raggiungere i piani alti della classifica\u201d. Obiettivo che \u2013 come conferma lo stesso palleggiatore \u2013 non sar\u00e0 semplice da raggiungere, proprio perch\u00e9 \u201cil campionato che andremo ad affrontare \u00e8 equilibrato e insidioso\u201d. Ad ogni modo l\u2019atleta \u00e8 sicuro che la squadra sar\u00e0 pronta fin da subito per ottenere gli obiettivi prefissati ad inizio stagione. E per questo motivo in queste ultime settimane coach Rigano ha voluto gi\u00e0 effettuare qualche sgambata pre-preparazione per sondare il terreno e comprendere a che punto sono dal punto di vista fisico i giocatori a sua disposizione. Atleti come Roberto Arena, Michele e Giuseppe Mastronardo, e Francesco Cavalli, unici riconfermati rispetto alla scorsa stagione. Per il resto la rosa \u00e8 stata rimodellata in base alle esigenze dell\u2019allenatore che avr\u00e0 con s\u00e9 gente di esperienza e di grande qualit\u00e0.<br \/>\nADDETTO STAMPA: Enrico Scandurra (349 2477731)<\/p>\n","protected":false},"excerpt":{"rendered":"<p>comunicato stampa- \u201cCONTENTO DI ESSERE RIMASTO. LETOJANNI E\u2019 LA MIA SECONDA CASA\u201d. IL 23 SETTEMBRE L\u2019INIZIO DELLA PREPARAZIONE ATLETICA Quella che inizier\u00e0 il 7 novembre prossimo sar\u00e0 la sua settima<\/p>\n<div><a class=\"permalink\" href=\"https:\/\/www.radioempire.it\/index.php\/2020\/09\/17\/lasd-volley-letojanni-conferma-anche-maurizio-schifilliti\/\">Read More&#8230;<\/a><\/div>\n","protected":false},"author":2,"featured_media":18331,"comment_status":"closed","ping_status":"closed","sticky":false,"template":"","format":"standard","meta":[],"categories":[3,36],"tags":[],"_links":{"self":[{"href":"https:\/\/www.radioempire.it\/index.php\/wp-json\/wp\/v2\/posts\/18330"}],"collection":[{"href":"https:\/\/www.radioempire.it\/index.php\/wp-json\/wp\/v2\/posts"}],"about":[{"href":"https:\/\/www.radioempire.it\/index.php\/wp-json\/wp\/v2\/types\/post"}],"author":[{"embeddable":true,"href":"https:\/\/www.radioempire.it\/index.php\/wp-json\/wp\/v2\/users\/2"}],"replies":[{"embeddable":true,"href":"https:\/\/www.radioempire.it\/index.php\/wp-json\/wp\/v2\/comments?post=18330"}],"version-history":[{"count":1,"href":"https:\/\/www.radioempire.it\/index.php\/wp-json\/wp\/v2\/posts\/18330\/revisions"}],"predecessor-version":[{"id":18332,"href":"https:\/\/www.radioempire.it\/index.php\/wp-json\/wp\/v2\/posts\/18330\/revisions\/18332"}],"wp:featuredmedia":[{"embeddable":true,"href":"https:\/\/www.radioempire.it\/index.php\/wp-json\/wp\/v2\/media\/18331"}],"wp:attachment":[{"href":"https:\/\/www.radioempire.it\/index.php\/wp-json\/wp\/v2\/media?parent=18330"}],"wp:term":[{"taxonomy":"category","embeddable":true,"href":"https:\/\/www.radioempire.it\/index.php\/wp-json\/wp\/v2\/categories?post=18330"},{"taxonomy":"post_tag","embeddable":true,"href":"https:\/\/www.radioempire.it\/index.php\/wp-json\/wp\/v2\/tags?post=18330"}],"curies":[{"name":"wp","href":"https:\/\/api.w.org\/{rel}","templated":true}]}}