{"id":18358,"date":"2020-09-19T07:32:12","date_gmt":"2020-09-19T07:32:12","guid":{"rendered":"https:\/\/www.radioempire.it\/?p=18358"},"modified":"2020-09-19T07:32:12","modified_gmt":"2020-09-19T07:32:12","slug":"santi-scarcella-premiato-alla-mostra-del-cinema-di-venezia","status":"publish","type":"post","link":"https:\/\/www.radioempire.it\/index.php\/2020\/09\/19\/santi-scarcella-premiato-alla-mostra-del-cinema-di-venezia\/","title":{"rendered":"Santi Scarcella premiato alla Mostra del Cinema di Venezia"},"content":{"rendered":"<p>Nei giorni scorsi il pianista, compositore e cantautore di Santa Teresa di Riva, Santi Scarcella, ha ricevuto un ambito premio alla Mostra del Cinema di Venezia. Dopo l\u2019emozionante spettacolo al Teatro Antico di Taormina, ove ha portato in scena il progetto \u201cDa Manhattan a Cefal\u00f9\u201d insieme a Catena Fiorello, il Maestro \u00e8 approdato alla Serenissima per ritirare il premio \u201cInTaste Awards\u201d, dedicato alle eccellenze italiane, per aver composto la colonna sonora per il Ministero degli Esteri \u201cIl Cinema Parla Italiano\u201d.<br \/>\nIl video \u00e8 stato girato a Cinecitt\u00e0 ed \u00e8 andato in onda su tutte le reti Rai e negli Istituti di cultura di tutto il mondo. Un grande onore per Santi Scarcella aver ricevuto il riconoscimento insieme a tanti altri personaggi dello spettacolo, della cultura e dello sport di fama mondiale.<\/p>\n<p><img loading=\"lazy\" src=\"https:\/\/www.radioempire.it\/wp-content\/uploads\/2020\/09\/45b48891-65c2-4a85-bbb8-75a3fa26276a-300x202.jpg\" alt=\"\" width=\"300\" height=\"202\" class=\"alignleft size-medium wp-image-18359\" srcset=\"https:\/\/www.radioempire.it\/wp-content\/uploads\/2020\/09\/45b48891-65c2-4a85-bbb8-75a3fa26276a-300x202.jpg 300w, https:\/\/www.radioempire.it\/wp-content\/uploads\/2020\/09\/45b48891-65c2-4a85-bbb8-75a3fa26276a.jpg 768w\" sizes=\"(max-width: 300px) 100vw, 300px\" \/><br \/>\nA consegnare il premio, nel corso del ricevimento di presentazione della nuova rivista InTaste, \u00e8 stata la conduttrice ed attrice Antonella Salvucci. Il cantautore, nel corso della serata di gala, si \u00e8, poi, esibito al piano suscitando grande entusiasmo e scroscianti applausi. Ha donato ad un pubblico caloroso alcuni brani del suo vasto repertorio per concludere con il Deborah\u2019s Theme in omaggio al Maestro Ennio Morricone.<\/p>\n","protected":false},"excerpt":{"rendered":"<p>Nei giorni scorsi il pianista, compositore e cantautore di Santa Teresa di Riva, Santi Scarcella, ha ricevuto un ambito premio alla Mostra del Cinema di Venezia. Dopo l\u2019emozionante spettacolo al<\/p>\n<div><a class=\"permalink\" href=\"https:\/\/www.radioempire.it\/index.php\/2020\/09\/19\/santi-scarcella-premiato-alla-mostra-del-cinema-di-venezia\/\">Read More&#8230;<\/a><\/div>\n","protected":false},"author":2,"featured_media":18359,"comment_status":"closed","ping_status":"closed","sticky":false,"template":"","format":"standard","meta":[],"categories":[3,36],"tags":[],"_links":{"self":[{"href":"https:\/\/www.radioempire.it\/index.php\/wp-json\/wp\/v2\/posts\/18358"}],"collection":[{"href":"https:\/\/www.radioempire.it\/index.php\/wp-json\/wp\/v2\/posts"}],"about":[{"href":"https:\/\/www.radioempire.it\/index.php\/wp-json\/wp\/v2\/types\/post"}],"author":[{"embeddable":true,"href":"https:\/\/www.radioempire.it\/index.php\/wp-json\/wp\/v2\/users\/2"}],"replies":[{"embeddable":true,"href":"https:\/\/www.radioempire.it\/index.php\/wp-json\/wp\/v2\/comments?post=18358"}],"version-history":[{"count":1,"href":"https:\/\/www.radioempire.it\/index.php\/wp-json\/wp\/v2\/posts\/18358\/revisions"}],"predecessor-version":[{"id":18360,"href":"https:\/\/www.radioempire.it\/index.php\/wp-json\/wp\/v2\/posts\/18358\/revisions\/18360"}],"wp:featuredmedia":[{"embeddable":true,"href":"https:\/\/www.radioempire.it\/index.php\/wp-json\/wp\/v2\/media\/18359"}],"wp:attachment":[{"href":"https:\/\/www.radioempire.it\/index.php\/wp-json\/wp\/v2\/media?parent=18358"}],"wp:term":[{"taxonomy":"category","embeddable":true,"href":"https:\/\/www.radioempire.it\/index.php\/wp-json\/wp\/v2\/categories?post=18358"},{"taxonomy":"post_tag","embeddable":true,"href":"https:\/\/www.radioempire.it\/index.php\/wp-json\/wp\/v2\/tags?post=18358"}],"curies":[{"name":"wp","href":"https:\/\/api.w.org\/{rel}","templated":true}]}}