{"id":18563,"date":"2020-09-23T14:46:50","date_gmt":"2020-09-23T14:46:50","guid":{"rendered":"https:\/\/www.radioempire.it\/?p=18563"},"modified":"2020-09-23T14:46:50","modified_gmt":"2020-09-23T14:46:50","slug":"la-sanita-italiana-riunita-vaccinarsi-e-sicuro-e-mai-come-oggi-antiinfluenzale-e-anti-pneumococco-possono-salvare-tante-vite-umane","status":"publish","type":"post","link":"https:\/\/www.radioempire.it\/index.php\/2020\/09\/23\/la-sanita-italiana-riunita-vaccinarsi-e-sicuro-e-mai-come-oggi-antiinfluenzale-e-anti-pneumococco-possono-salvare-tante-vite-umane\/","title":{"rendered":"La sanit\u00e0 italiana riunita: \u201cVaccinarsi \u00e8 sicuro e mai come oggi, antiinfluenzale e anti-pneumococco possono salvare tante vite umane!\u201d"},"content":{"rendered":"<p>COMUNICATO STAMPA<\/p>\n<p>Mercoled\u00ec 23 settembre 2020 \u2013 In epoca COVID-19, la vaccinazione anti-influenzale e quella antipneumococcica<br \/>\n\u00e8 importante che raggiunga alti livelli di copertura, in quanto, la prima, supporta il<br \/>\nmedico nella diagnosi differenziale tra influenza e COVID-19 evitando, soprattutto nelle persone<br \/>\nultra 60enni o con patologie croniche, una possibile confusione tra le due, la seconda evita una<br \/>\nsovrapposizione da pneumococco in caso di infezione COVID-19. Per tracciare una linea comune su<br \/>\ntutto il territorio nazionale, attivit\u00e0 che implica non solo una programmazione negli acquisti delle<br \/>\ndosi ma anche un accordo forte con la medicina generale e con le farmacie, OFFICINA di MOTORE<br \/>\nSANITA\u2019 ha organizzato il Webinar \u2018FOCUS PREVENZIONE E VACCINI\u2019, realizzato grazie al contributo<br \/>\nincondizionato di PFIZER e che ha visto la partecipazione dei maggiori esperti italiani nel settore.<br \/>\n\u201cIl primo banco di prova per la ripresa delle attivit\u00e0 vaccinali sar\u00e0 costituito dalla campagna per il<br \/>\nvaccino antinfluenzale 2020-21. La Circolare ministeriale sulla prevenzione e il controllo<br \/>\ndell\u2019influenza quest\u2019anno \u00e8 stata emanata con anticipo, gi\u00e0 nel mese di giugno. Poich\u00e9 \u00e8 probabile<br \/>\nche influenza e COVID-19 circoleranno assieme questo inverno, occorrer\u00e0 non soltanto difendere i<br \/>\nsoggetti pi\u00f9 vulnerabili, ma anche procedere assai pi\u00f9 precocemente e capillarmente con la<br \/>\nvaccinazione di bambini e adolescenti, tradizionalmente grandi diffusori dei virus influenzali. In<br \/>\nquest\u2019ottica, quest\u2019anno il Ministero ha ampliato la finestra temporale della campagna ad inizio<br \/>\nottobre, estendendo l\u2019offerta gratuita del vaccino a tutti i soggetti di et\u00e0 compresa tra 60 e 64 anni<br \/>\n(oltre agli over65), ed aggiungendo raccomandazioni anche per i bambini dai 6 mesi a 6 anni e per<br \/>\ngli operatori sanitari. Nonostante nell\u2019altro emisfero l\u2019influenza ha avuto un\u2019incidenza molto bassa<br \/>\nbisogna fare uno sforzo per tenere la guardia alta\u201d, ha spiegato Carlo Signorelli, professor of<br \/>\nHygiene, Director School of Public Health, University San Raffaele, Milan<br \/>\n\u201cNella societ\u00e0 attuale i costi sanitari incidono in modo importante sulle risorse economiche di una<br \/>\nnazione e tali costi spesso sono dovuti alle cure e alla prosecuzione delle cure di cittadini affetti da<br \/>\npatologie di cui sono responsabili l\u2019ambiente, gli stili di vita, il patrimonio genetico ed altri fattori su<br \/>\ncui non sempre si pu\u00f2 intervenire. Nell\u2019ambito delle malattie infettive un capitolo fondamentale \u00e8 la<br \/>\nprevenzione che ne evita la loro comparsa, possibile per alcune di esse con la vaccinazione. La<br \/>\nprevenzione vaccinale mai come nel momento attuale di pandemia da covid-19 \u00e8 diventata un<br \/>\ncaposaldo di benessere, tant\u2019\u00e8 che stiamo aspettando con grandi aspettative e nel minor tempo<br \/>\npossibile il vaccino contro il coronavirus. Non dobbiamo dimenticarci, e spesso lo si \u00e8 fatto o discusso,<br \/>\nil ruolo della prevenzione vaccinale nelle altre patologie prevenibili con vaccino e a disposizione<br \/>\nabbiamo un Piano Nazionale di Prevenzione Vaccinale che nella sua ultima versione (2017-2019)<br \/>\npone il nostro paese all\u2019avanguardia nel mondo. Da pi\u00f9 parti e per pi\u00f9 tempo si ricorda come i vaccini<br \/>\nsiano secondi solo alla potabilizzazione delle acque in termini di riduzione della mortalit\u00e0 umana, e<br \/>\nconsiderati il pi\u00f9 efficace degli interventi in campo medico mai scoperti dall\u2019uomo, giacch\u00e9 offrono<br \/>\nuna protezione individuale verso la malattia infettiva con diminuzione di morbilit\u00e0 e mortalit\u00e0,<br \/>\nintervengono nella protezione della collettivit\u00e0 con la immunit\u00e0 di gregge che permette la riduzione<br \/>\ndella circolazione dei microrganismi patogeni e incidono sulle risorse economiche della comunit\u00e0<br \/>\ngarantendo risparmi potenziali sui costi sociali della malattia infettiva. La cultura della vaccinazione<br \/>\ne l\u2019offerta di essa al cittadino in modo puntuale e ben organizzato fanno della prevenzione vaccinale<br \/>\nun investimento certo nella societ\u00e0 civile\u201d, ha detto Fulvio Bonetti, MMG ATS Monza Brianza gi\u00e0<br \/>\nComponente Tavolo Vaccini Regione Lombardia<br \/>\n\u201cIn corso di pandemia, la prevenzione vaccinale di tipo attivo risulta essere di maggior importanza e<br \/>\nle campagne vaccinali regionali devono essere programmate per tempo sia in termini di acquisto di<br \/>\ndosi, sia in termini di distribuzione che di accordi con i medici di medicina generale che, grazie alla<br \/>\nrelazione stretta che hanno con i propri assistiti, possono essere forti promotori della campagna<br \/>\nvaccinale ed aumentare le coperture vaccinali stesse sia per il vaccino antiinfluenzale che per quello<br \/>\nanti pneumococco. Questo \u00e8 di fondamentale importanza sempre, ma soprattutto in corso di una<br \/>\npandemia, quando i sintomi dell\u2019influenza possono essere confusi con l\u2019infezione di COVID-19 o,<br \/>\nancor peggio, l\u2019influenza o la polmonite da pneumococco possono complicare l\u2019infezione di COVID-<br \/>\n19 stessa\u201d, ha dichiarato Gabriella Levato, medico di medicina generale di Milano<br \/>\nIl webinar \u00e8 andato in onda sul sito internet www.mondosanita.it<br \/>\nUfficio stampa Mondosanit\u00e0<br \/>\ncomunicazione@mondosanita.<\/p>\n","protected":false},"excerpt":{"rendered":"<p>COMUNICATO STAMPA Mercoled\u00ec 23 settembre 2020 \u2013 In epoca COVID-19, la vaccinazione anti-influenzale e quella antipneumococcica \u00e8 importante che raggiunga alti livelli di copertura, in quanto, la prima, supporta il<\/p>\n<div><a class=\"permalink\" href=\"https:\/\/www.radioempire.it\/index.php\/2020\/09\/23\/la-sanita-italiana-riunita-vaccinarsi-e-sicuro-e-mai-come-oggi-antiinfluenzale-e-anti-pneumococco-possono-salvare-tante-vite-umane\/\">Read More&#8230;<\/a><\/div>\n","protected":false},"author":2,"featured_media":18564,"comment_status":"closed","ping_status":"closed","sticky":false,"template":"","format":"standard","meta":[],"categories":[3,36],"tags":[],"_links":{"self":[{"href":"https:\/\/www.radioempire.it\/index.php\/wp-json\/wp\/v2\/posts\/18563"}],"collection":[{"href":"https:\/\/www.radioempire.it\/index.php\/wp-json\/wp\/v2\/posts"}],"about":[{"href":"https:\/\/www.radioempire.it\/index.php\/wp-json\/wp\/v2\/types\/post"}],"author":[{"embeddable":true,"href":"https:\/\/www.radioempire.it\/index.php\/wp-json\/wp\/v2\/users\/2"}],"replies":[{"embeddable":true,"href":"https:\/\/www.radioempire.it\/index.php\/wp-json\/wp\/v2\/comments?post=18563"}],"version-history":[{"count":1,"href":"https:\/\/www.radioempire.it\/index.php\/wp-json\/wp\/v2\/posts\/18563\/revisions"}],"predecessor-version":[{"id":18565,"href":"https:\/\/www.radioempire.it\/index.php\/wp-json\/wp\/v2\/posts\/18563\/revisions\/18565"}],"wp:featuredmedia":[{"embeddable":true,"href":"https:\/\/www.radioempire.it\/index.php\/wp-json\/wp\/v2\/media\/18564"}],"wp:attachment":[{"href":"https:\/\/www.radioempire.it\/index.php\/wp-json\/wp\/v2\/media?parent=18563"}],"wp:term":[{"taxonomy":"category","embeddable":true,"href":"https:\/\/www.radioempire.it\/index.php\/wp-json\/wp\/v2\/categories?post=18563"},{"taxonomy":"post_tag","embeddable":true,"href":"https:\/\/www.radioempire.it\/index.php\/wp-json\/wp\/v2\/tags?post=18563"}],"curies":[{"name":"wp","href":"https:\/\/api.w.org\/{rel}","templated":true}]}}