{"id":18566,"date":"2020-09-23T15:04:22","date_gmt":"2020-09-23T15:04:22","guid":{"rendered":"https:\/\/www.radioempire.it\/?p=18566"},"modified":"2020-09-23T15:06:29","modified_gmt":"2020-09-23T15:06:29","slug":"ieri-a-radio-empire-due-ore-assieme-ai-kunsertu","status":"publish","type":"post","link":"https:\/\/www.radioempire.it\/index.php\/2020\/09\/23\/ieri-a-radio-empire-due-ore-assieme-ai-kunsertu\/","title":{"rendered":"IERI A RADIO EMPIRE DUE ORE ASSIEME AI KUNSERTU."},"content":{"rendered":"<p>Di Orazio Leotta &#8211;<br \/>\nmercoled\u00ec 23 settembre 2020<br \/>\nMetti una sera a cena con i Kunsertu. Non \u00e8 il titolo di una pi\u00e8ce teatrale ma ci\u00f2 che \u00e8 realmente accaduto a Furci Siculo, in un rinomato ristorante sul lungomare, nella serata di marted\u00ec 22 settembre. Il celebre gruppo folk\/rock messinese formatosi alla fine degli anni \u201970 e che tutt\u2019ora \u00e8 in auge, anche se nel corso degli anni ha cambiato qualche componente del gruppo, \u00e8 stato ospite di una trasmissione radiofonica andata in onda in diretta a partire dalle ore 18.00 di ieri negli studi di Radio Empire.<\/p>\n<p>Presenti due dei componenti storici ovvero Maurizio \u201cNello\u201d Mastroeni (voce-chitarra) e Roberto De Domenico (percussioni) assieme alla new-entry Manuela \u201cManua\u201d Mastroeni (voce, nel gruppo dal 2019) che hanno amabilmente animato due ore di trasmissione coordinata dal duo Gianluca La Limina e Natale Triolo in cui sono passate le canzoni tratte per lo pi\u00f9 da due loro Album, ovvero la compilation \u201c1984-2016\u201d (una summa delle hit di tre loro album precedenti (\u201cKunsertu\u201d, \u201cShams\u201d e \u201cFannan\u201d), e \u201cRosa\u201d del dicembre 2019, ideale continuazione romantica dei contenuti della loro celebre \u201cMokarta\u201d. Non sono mancate anche le esibizioni dal vivo che si sono alternate a chicche storiche, notizie sulla genesi di qualche traccia, i racconti dei loro viaggi in America Latina, nord Africa, Tibet e Medio Oriente alla ricerca di quelle sonorit\u00e0 che meglio si sposavano e completavano con il sound che fuoriusciva dall\u2019anima di ciascuno di loro. Ogni singolo ha una sua storia ed \u00e8 stata svelata in occasione della diretta, come per \u201cSnow in Istanbul\u201d, \u201cMenzam\u00e0\u201d, \u201cMi Guitarra\u201d, \u201cTantu normali nun \u00e8\u201d e per ciascuna delle venti tracce ascoltate. Due ore liete, in cui \u00e8 stato dato il giusto tributo a una band storica siciliana, orgoglio della citt\u00e0 di Messina, che si \u00e8 esibita finanche al Womad di Taormina, la rassegna di musica multietnica ideata da Peter Gabriel, oltre a vincere il Festival Internazionale Cinema Giovani con la loro videoclip \u201cSabra e Catila\u201d. Quanto agli altri componenti del gruppo ricordiamo, fra gli altri, la voce araba di Faisal Taher, Egidio La Gioia (voce maschile), Stefano Sgr\u00f2 alla batteria, Gianluca Sturniolo al sax, Tanino Lazzaro fisarmonica e piano, Fabio Sodano flauto e fiati popolari e Massimo Pino al basso. La band ha donato, autografandoli alcuni CD alla Radio che ha ricambiato con le celebri magliette di Radio Empire. Poi tutti a cena al ristorante, conduttori, musicisti e amici della Radio dove sono proseguiti i racconti delle storie che hanno fatto da prequel a questa o quella canzone o particolari e curiosit\u00e0 che hanno accompagnato i loro concerti o la genesi delle loro canzoni in un clima di spensieratezza. Per un sicuro arrivederci.<br \/>\n<iframe loading=\"lazy\" title=\"Kunsertu live a radio Empire\" width=\"800\" height=\"450\" src=\"https:\/\/www.youtube.com\/embed\/tex3bGCw4DI?feature=oembed\" frameborder=\"0\" allow=\"accelerometer; autoplay; clipboard-write; encrypted-media; gyroscope; picture-in-picture\" allowfullscreen><\/iframe><\/p>\n","protected":false},"excerpt":{"rendered":"<p>Di Orazio Leotta &#8211; mercoled\u00ec 23 settembre 2020 Metti una sera a cena con i Kunsertu. Non \u00e8 il titolo di una pi\u00e8ce teatrale ma ci\u00f2 che \u00e8 realmente accaduto<\/p>\n<div><a class=\"permalink\" href=\"https:\/\/www.radioempire.it\/index.php\/2020\/09\/23\/ieri-a-radio-empire-due-ore-assieme-ai-kunsertu\/\">Read More&#8230;<\/a><\/div>\n","protected":false},"author":2,"featured_media":18567,"comment_status":"closed","ping_status":"closed","sticky":false,"template":"","format":"standard","meta":[],"categories":[3,36],"tags":[],"_links":{"self":[{"href":"https:\/\/www.radioempire.it\/index.php\/wp-json\/wp\/v2\/posts\/18566"}],"collection":[{"href":"https:\/\/www.radioempire.it\/index.php\/wp-json\/wp\/v2\/posts"}],"about":[{"href":"https:\/\/www.radioempire.it\/index.php\/wp-json\/wp\/v2\/types\/post"}],"author":[{"embeddable":true,"href":"https:\/\/www.radioempire.it\/index.php\/wp-json\/wp\/v2\/users\/2"}],"replies":[{"embeddable":true,"href":"https:\/\/www.radioempire.it\/index.php\/wp-json\/wp\/v2\/comments?post=18566"}],"version-history":[{"count":3,"href":"https:\/\/www.radioempire.it\/index.php\/wp-json\/wp\/v2\/posts\/18566\/revisions"}],"predecessor-version":[{"id":18570,"href":"https:\/\/www.radioempire.it\/index.php\/wp-json\/wp\/v2\/posts\/18566\/revisions\/18570"}],"wp:featuredmedia":[{"embeddable":true,"href":"https:\/\/www.radioempire.it\/index.php\/wp-json\/wp\/v2\/media\/18567"}],"wp:attachment":[{"href":"https:\/\/www.radioempire.it\/index.php\/wp-json\/wp\/v2\/media?parent=18566"}],"wp:term":[{"taxonomy":"category","embeddable":true,"href":"https:\/\/www.radioempire.it\/index.php\/wp-json\/wp\/v2\/categories?post=18566"},{"taxonomy":"post_tag","embeddable":true,"href":"https:\/\/www.radioempire.it\/index.php\/wp-json\/wp\/v2\/tags?post=18566"}],"curies":[{"name":"wp","href":"https:\/\/api.w.org\/{rel}","templated":true}]}}