{"id":19643,"date":"2020-11-17T17:09:21","date_gmt":"2020-11-17T17:09:21","guid":{"rendered":"https:\/\/www.radioempire.it\/?p=19643"},"modified":"2020-11-17T17:09:21","modified_gmt":"2020-11-17T17:09:21","slug":"la-pianificazione-regionale-e-la-legge-19-2020-nuove-prospettive-e-criticita-per-il-governo-del-territorio-in-sicilia-2","status":"publish","type":"post","link":"https:\/\/www.radioempire.it\/index.php\/2020\/11\/17\/la-pianificazione-regionale-e-la-legge-19-2020-nuove-prospettive-e-criticita-per-il-governo-del-territorio-in-sicilia-2\/","title":{"rendered":"LA PIANIFICAZIONE REGIONALE E LA LEGGE 19\/2020: NUOVE PROSPETTIVE E CRITICITA\u2019  PER IL GOVERNO DEL TERRITORIO IN SICILIA"},"content":{"rendered":"<p>\nLe organizzazioni aderenti alla Co.Re.P.A. (Consulta Regionale Permanente sull\u2019Ambiente costituita con protocollo di intesa ratificato a Palermo il 9 novembre 2019) hanno promosso un incontro sul tema \u201cLA PIANIFICAZIONE REGIONALE E LA LEGGE 19\/2020: NUOVE PROSPETTIVE E CRITICITA\u2019  PER IL GOVERNO DEL TERRITORIO IN SICILIA\u201c, che ha avuto luogo in webinar e che ha visto la partecipazione di oltre 500 professionisti e con un\u2019ampia attenzione sui social attraverso la diretta facebook che \u00e8 stata predisposta.<br \/>\nQuesta iniziativa \u00e8 stata finalizzata alla conoscenza di questa nuova piattaforma tecnica e associativa costituita un anno addietro e che adesso, dopo l\u2019attivazione di tavoli di lavoro relativi a problematiche ambientali sensibili del territorio siciliano, si presenta con il primo evento pubblico su un argomento di particolare interesse per la tutela del territorio, del paesaggio e dell\u2019ambiente.<br \/>\nIl Co.Re.P.A. \u00e8 costituito da importanti associazioni ambientaliste regionali (Distretto Lions 108 Yb come soggetto promotore della Consulta, Amici della Terra, Club Alpino Italiano, CGIL, Compagnia delle Opere, I Borghi ad armonia Sociale, Istituto Nazionale di Bioarchitettura, Istituto Nazionale di Urbanistica, Italia Nostra, Marevivo, Ramarro Sicilia, Societ\u00e0 Italiana di Geologia Ambientale, Slow Food, World Wide Fund) e dalle Consulte professionali Regionali (Dottori Agronomi e Forestali, Architetti, P., P. e C., Geologi, Geometri e Geometri Laureati, Ingegneri).<br \/>\nTutte le associazioni e le Consulte Professionali regionali aderenti hanno proposto dei propri contributi rappresentando (questo \u00e8 il criterio che \u00e8 stato adottato) un aspetto positivo ed una criticit\u00e0 della norma approvata ad agosto dal parlamento siciliano.<br \/>\nAttraverso questo focus sono stati delineati i punti di vista dei soggetti aderenti (consulte ed associazioni)  in materia di riforma urbanistica e paesaggistica al fine di definire un documento condiviso comune che individui  l\u2019ambito di approfondimento che sar\u00e0 proseguito nei tavoli di lavoro gi\u00e0 avviati da diversi mesi ma, soprattutto, per fornire un contributo fortemente rappresentativo ai tavoli istituzionali per la fase di rielaborazione resasi necessaria a seguito dell\u2019impugnativa del Consiglio dei Ministri su numerosi articoli ed all\u2019avvio della predisposizione dei decreti attuativi che struttureranno la Legge per consentirne una adeguata applicazione.<br \/>\nL\u2019attenzione dei relatori si \u00e8 concentrata soprattutto verso questo fronte immaginando che la tempistica scelata per il forum Co.Re.P.A. sia stato opportuna ed utile per fare chiarezza su punti controversi della norma.<br \/>\nNon secondario \u00e8 stato il rilievo sulle discrasie gi\u00e0 presenti in materia di competenza urbanistica, ambientale e paesistica e sull\u2019analisi delle conseguenze che l\u2019abolizione delle province comporter\u00e0 sull\u2019applicazione del testo.<br \/>\nDopo i saluti dell\u2019avv. Mariella Sciammetta Governatore del Distretto Lions 108 Yb (che l\u2019anno scorso \u00e8 stato il soggetto promotore della formazione del Co.Re.P.A.) ha preso la parola l\u2019arch. Andrea Dons\u00ec che ha descritto un breve exursus sulle fasi che hanno condotto alla costituzione della Consulta, sugli obiettivi prefissati e sul percorso che ha portato all\u2019organizzazione del convegno.<br \/>\n<img loading=\"lazy\" src=\"https:\/\/www.radioempire.it\/wp-content\/uploads\/2020\/11\/Ratifica-protocollo-9-novembre-2019-1-300x200.jpg\" alt=\"\" width=\"300\" height=\"200\" class=\"alignleft size-medium wp-image-19645\" srcset=\"https:\/\/www.radioempire.it\/wp-content\/uploads\/2020\/11\/Ratifica-protocollo-9-novembre-2019-1-300x200.jpg 300w, https:\/\/www.radioempire.it\/wp-content\/uploads\/2020\/11\/Ratifica-protocollo-9-novembre-2019-1-1024x683.jpg 1024w, https:\/\/www.radioempire.it\/wp-content\/uploads\/2020\/11\/Ratifica-protocollo-9-novembre-2019-1-768x512.jpg 768w, https:\/\/www.radioempire.it\/wp-content\/uploads\/2020\/11\/Ratifica-protocollo-9-novembre-2019-1-1536x1024.jpg 1536w, https:\/\/www.radioempire.it\/wp-content\/uploads\/2020\/11\/Ratifica-protocollo-9-novembre-2019-1-2048x1365.jpg 2048w\" sizes=\"(max-width: 300px) 100vw, 300px\" \/>Sono poi intervenuti nell\u2019ordine Toti Contraffatto per Compagnia delle Opere, Nunzio Santoro per la Consulta degli Ingegneri, Carlo Foder\u00e0 per Amici della Terra, Francesco Lo Cascio per il C.A.I., Salvatore Lo Balbo per la C.G.I.L., Roberta Andaloro per la Federazione Agronomi e Forestali, Vito Mancuso per la Consulta degli Architetti, Marcel Pidal\u00e0 per I.N.U., Carmelo Celona per I.B.a.s., Giuseppe Scannella per I.N.B.Ar., Fabio Galluzzo per Marevivo, Antonino Anastasi per il Distretto Lions, Francesco Cancellieri per Ramarro Sicilia, Gianni Fug\u00e0 per Italia Nostra, Vito Trecarichi per l\u2019Ordine Regionale dei Geologi, Sergio Di Marco per S.I.G.E.A., Giuseppe Mazzotta per il W.W.F., e Rosario Gugliotta per Slow Food.<br \/>\nIn conclusione dell\u2019incontro l\u2019arch. Dons\u00ec ha fatto presente che tutti i contributi prodotti saranno messi a disposizione delle istituzioni regionali nelle sedi opportune in un report propositivo e articolato condiviso da tutti i soggetti aderenti al Co.Re.P.A.<br \/>\nHanno partecipato all\u2019incontro in webinar circa 600 tecnici da tutta la Sicilia e la diretta face book ha fatto registrare oltre 1200 visualizzazioni.<br \/>\n                                                                                       Andrea Dons\u00ec<br \/>\n                                                                             Addetto stampa Co.Re.P.A.<\/p>\n","protected":false},"excerpt":{"rendered":"<p>Le organizzazioni aderenti alla Co.Re.P.A. (Consulta Regionale Permanente sull\u2019Ambiente costituita con protocollo di intesa ratificato a Palermo il 9 novembre 2019) hanno promosso un incontro sul tema \u201cLA PIANIFICAZIONE REGIONALE<\/p>\n<div><a class=\"permalink\" href=\"https:\/\/www.radioempire.it\/index.php\/2020\/11\/17\/la-pianificazione-regionale-e-la-legge-19-2020-nuove-prospettive-e-criticita-per-il-governo-del-territorio-in-sicilia-2\/\">Read More&#8230;<\/a><\/div>\n","protected":false},"author":2,"featured_media":19644,"comment_status":"closed","ping_status":"closed","sticky":false,"template":"","format":"standard","meta":[],"categories":[3,36],"tags":[],"_links":{"self":[{"href":"https:\/\/www.radioempire.it\/index.php\/wp-json\/wp\/v2\/posts\/19643"}],"collection":[{"href":"https:\/\/www.radioempire.it\/index.php\/wp-json\/wp\/v2\/posts"}],"about":[{"href":"https:\/\/www.radioempire.it\/index.php\/wp-json\/wp\/v2\/types\/post"}],"author":[{"embeddable":true,"href":"https:\/\/www.radioempire.it\/index.php\/wp-json\/wp\/v2\/users\/2"}],"replies":[{"embeddable":true,"href":"https:\/\/www.radioempire.it\/index.php\/wp-json\/wp\/v2\/comments?post=19643"}],"version-history":[{"count":1,"href":"https:\/\/www.radioempire.it\/index.php\/wp-json\/wp\/v2\/posts\/19643\/revisions"}],"predecessor-version":[{"id":19646,"href":"https:\/\/www.radioempire.it\/index.php\/wp-json\/wp\/v2\/posts\/19643\/revisions\/19646"}],"wp:featuredmedia":[{"embeddable":true,"href":"https:\/\/www.radioempire.it\/index.php\/wp-json\/wp\/v2\/media\/19644"}],"wp:attachment":[{"href":"https:\/\/www.radioempire.it\/index.php\/wp-json\/wp\/v2\/media?parent=19643"}],"wp:term":[{"taxonomy":"category","embeddable":true,"href":"https:\/\/www.radioempire.it\/index.php\/wp-json\/wp\/v2\/categories?post=19643"},{"taxonomy":"post_tag","embeddable":true,"href":"https:\/\/www.radioempire.it\/index.php\/wp-json\/wp\/v2\/tags?post=19643"}],"curies":[{"name":"wp","href":"https:\/\/api.w.org\/{rel}","templated":true}]}}