{"id":20749,"date":"2021-01-13T19:08:09","date_gmt":"2021-01-13T19:08:09","guid":{"rendered":"https:\/\/www.radioempire.it\/?p=20749"},"modified":"2021-01-13T19:08:09","modified_gmt":"2021-01-13T19:08:09","slug":"esce-venerdi-15-gennaio-prossimo-lattesa-opera-prima-di-g-massimo-cicala-viaggia-la-domenica-e-non-il-lunedi","status":"publish","type":"post","link":"https:\/\/www.radioempire.it\/index.php\/2021\/01\/13\/esce-venerdi-15-gennaio-prossimo-lattesa-opera-prima-di-g-massimo-cicala-viaggia-la-domenica-e-non-il-lunedi\/","title":{"rendered":"Esce venerdi 15 gennaio prossimo, l&#8217;attesa Opera prima di G.Massimo Cicala &#8220;Viaggia la domenica, e non il lunedi&#8221;"},"content":{"rendered":"<p>Esce venerdi 15 gennaio prossimo, l&#8217;attesa Opera prima di G.Massimo Cicala &#8220;Viaggia la domenica, e non il lunedi&#8221;, biografia del padre, Giovannino Cicala<br \/>\nche giusto nel giorno di uscita dell &#8216; Ebook avrebbe compiuto 100 anni.<\/p>\n<p><img loading=\"lazy\" src=\"https:\/\/www.radioempire.it\/wp-content\/uploads\/2021\/01\/Massimo-Cicala-300x200.jpg\" alt=\"\" width=\"300\" height=\"200\" class=\"alignleft size-medium wp-image-20751\" srcset=\"https:\/\/www.radioempire.it\/wp-content\/uploads\/2021\/01\/Massimo-Cicala-300x200.jpg 300w, https:\/\/www.radioempire.it\/wp-content\/uploads\/2021\/01\/Massimo-Cicala-1024x683.jpg 1024w, https:\/\/www.radioempire.it\/wp-content\/uploads\/2021\/01\/Massimo-Cicala-768x512.jpg 768w, https:\/\/www.radioempire.it\/wp-content\/uploads\/2021\/01\/Massimo-Cicala-1536x1024.jpg 1536w, https:\/\/www.radioempire.it\/wp-content\/uploads\/2021\/01\/Massimo-Cicala.jpg 1800w\" sizes=\"(max-width: 300px) 100vw, 300px\" \/><\/p>\n<p>Corposo il testo, di ben 128 pagine zeppe di storie, e di storia dagli ultimi del 700 ai giorni nostri, in una<br \/>\nbiografia &#8220;allargata&#8221; ad episodi fondamentali non solo del protagonista, ma anche del figlio e di diversi avi.<br \/>\nUna cronistoria impressionante, contrappuntata da foto inedite d&#8217;epoca, documenti, ritrovamenti, schemi, tabelle,<br \/>\nchicche, tradizioni e altro, uscite dalla maniacale precisione di Massimo Cicala di inanellare in un corpus unico, tutta la mole<br \/>\ndi racconti capaci di tracciare una linea lunga 7 generazioni.<br \/>\nAnche destinato alla parte della famiglia che risiede in America, il lavoro, che ribolliva dentro l&#8217;Autore da un decennio almeno,<br \/>\n\u00e8 stato iniziato il primo settembre, come un gioco, un esercizio di stile e di memoria, destinato a concludersi in un paio di<br \/>\npagine, fino ad una struttura da vero libro, e soprattutto con quasi una foto d&#8217;epoca ogni due pagine. L&#8217;uso della lingua siciliana,<br \/>\nrigorosamente corsivato, \u00e8 pi\u00f9 che abbondante ed i riferimenti alle note costitituiscono un altro libro &#8220;nel&#8221; libro.<br \/>\nIn copertina un giovanissimo ragazzo, nella commovente colorazione seppiata delle foto d&#8217;epoca, che suona<br \/>\nun violino, elegantissimo nel suo foulard al collo, da una terrazza di V.Sparagon\u00e0 a S.Teresa di Riva.<br \/>\nL&#8217;autore non si \u00e8 risparmiato: ha approfittato del fumus mediatico per annunciare niente di meno che la prossima, la seconda<br \/>\nfatica letteraria che ha in testa e che deve solo vedere la luce: ancora il titolo \u00e8 top secret, ma sappiamo che sar\u00e0 un<br \/>\nfoto &#8211; libro di inediti, riguardante il colonialismo italiano d&#8217;Africa con Mussolini, di cui Massimo Cicala si \u00e8 trovato<br \/>\nin cantina uno sterminato repertorio fotografico scattato dal nonno materno, autista civile al seguito delle truppe<br \/>\nitaliane d&#8217;occupazione. Saranno mesi allo scanner, ed al Photoshop, ma anche per la prossima uscita, si prevede una<br \/>\ngrande soddisfazione. Cicala si \u00e8 voluto sottoporre anche ad una breve intervista con il nostro Massimo Ferraro:<br \/>\nMassimo, come nasce questa idea?<br \/>\nLa genesi di questo lavoro affonda i primissimi esordi dalle tradizioni orali che hanno accompagnato la mia infanzia. Notavo, con il tempo che le notizie in arrivo, pi\u00f9 e pi\u00f9 volte raccontate, intanto arrivavano da pi\u00f9 direzioni, segno che erano diversi i parenti, nei diversi \u201crami\u201d che erano specializzati nei racconti di un tempo.<br \/>\nQuindi una serie di episodi, ma slegati tra loro&#8230;<br \/>\nL\u2019altra parte, non meno affascinante, era che i ricordi affondavano in tempo davvero lontano dal mio, e per di pi\u00f9 vi erano addirittura episodi di vero e proprio contatto storico ed umano tra le varie discendenze, spesso senza sapere di un futuro \u201capparantamento\u201d o addirittura senza aver mai considerato tale conoscente come proprio futuro parente, in quanto eventi naturali o drammatici magari portavano via dalla vita terrena o l\u2019uno o l\u2019altro.<br \/>\nSu cosa ha esattamente lavorato, e di cosa parli?<br \/>\nMan mano che prendevo dimestichezza con l\u2019intero corpus di questa gigantesca mole di informazioni, e mi scoprivo una passione, e una conseguente buona memoria storica, mi rendevo altres\u00ec conto di altri piccoli tesori intangibili che appartenevano al mio sapere e alla mia storia familiare: intanto i campi, gli ambiti erano molteplici, svariando da fatti giudiziari, a bellici, ad amorosi, a\u2026sessuali, a\u2026paranormali, a semplicemente tradizionali, drammi epocali come terremoti, emigrazioni, morti premature, agricoltura, commercio etc. Forse, e grazie a Dio, l\u2019aspetto sociale che manca, il grande assente, \u00e8 proprio la politica, cos\u00ec non scassa le scatole!<br \/>\nQuindi, in pratica, un racconto o una serie di racconti passati in prosa e messi insieme..<br \/>\ndi pi\u00f9, il fitto intreccio di quello che avevo in testa, sin dai racconti dell\u2019infanzia, sia ad episodi che ho vissuto in prima persona negli anni 60, e che Madre Natura mi ha messo in grado di ricordare lucidamente (compreso il meteo che c\u2019era\u2026per farvi una idea(!)) mi ha gradatamente convinto che prendendo la centralit\u00e0 della biografia di mio pap\u00e0 Giovanni Cicala, allargata via via a episodi miei, magari dei miei figli Amos e IvanRui, di suo padre (mio nonno) Peppi Cicala, di suo nonno Giovanni Cicala, di suo bisnonno Vincenzo Cicala, di suo trisnonno Luigi Aliberti, in automatico veniva fuori una meravigliosa traccia di come sia cambiata la nostra societ\u00e0, vita, abitudini, quotidianit\u00e0, dagli ultimi del \u2018700 a stamattina, lungo ben 7 generazioni. Tutto qui.<br \/>\n&#8230;quindi poi hai messo il valore aggiunto di queste pagine&#8230;<br \/>\nQualche mia buona compagnia, prodiga di consigli, e tanta esperienza raggranellata nei mille e mille rivoli della mia attivit\u00e0 culturale sul territorio, e sul lavoro sulla mia persona, mi ha permesso di dare dei tagli professionalizzanti a quello che magari voleva essere una mera attivit\u00e0 orale da reiterare a figli e nipoti, con il reperimento e la ricerca tecnica di documenti, notizie e riferimenti ufficiali, cercando sempre e comunque la condivisione dei vari patrimoni di conoscenza.<br \/>\nQuesto ultimo particolare, se ci fate un po\u2019 caso, \u00e8 quello che mi ha permesso la quadratura di un progetto che era sempre rimasto prigioniero nella mia testa e destinato, come detto, ad un esercizio di stile e di memoria.<\/p>\n","protected":false},"excerpt":{"rendered":"<p>Esce venerdi 15 gennaio prossimo, l&#8217;attesa Opera prima di G.Massimo Cicala &#8220;Viaggia la domenica, e non il lunedi&#8221;, biografia del padre, Giovannino Cicala che giusto nel giorno di uscita dell<\/p>\n<div><a class=\"permalink\" href=\"https:\/\/www.radioempire.it\/index.php\/2021\/01\/13\/esce-venerdi-15-gennaio-prossimo-lattesa-opera-prima-di-g-massimo-cicala-viaggia-la-domenica-e-non-il-lunedi\/\">Read More&#8230;<\/a><\/div>\n","protected":false},"author":2,"featured_media":20751,"comment_status":"closed","ping_status":"closed","sticky":false,"template":"","format":"standard","meta":[],"categories":[1],"tags":[],"_links":{"self":[{"href":"https:\/\/www.radioempire.it\/index.php\/wp-json\/wp\/v2\/posts\/20749"}],"collection":[{"href":"https:\/\/www.radioempire.it\/index.php\/wp-json\/wp\/v2\/posts"}],"about":[{"href":"https:\/\/www.radioempire.it\/index.php\/wp-json\/wp\/v2\/types\/post"}],"author":[{"embeddable":true,"href":"https:\/\/www.radioempire.it\/index.php\/wp-json\/wp\/v2\/users\/2"}],"replies":[{"embeddable":true,"href":"https:\/\/www.radioempire.it\/index.php\/wp-json\/wp\/v2\/comments?post=20749"}],"version-history":[{"count":1,"href":"https:\/\/www.radioempire.it\/index.php\/wp-json\/wp\/v2\/posts\/20749\/revisions"}],"predecessor-version":[{"id":20752,"href":"https:\/\/www.radioempire.it\/index.php\/wp-json\/wp\/v2\/posts\/20749\/revisions\/20752"}],"wp:featuredmedia":[{"embeddable":true,"href":"https:\/\/www.radioempire.it\/index.php\/wp-json\/wp\/v2\/media\/20751"}],"wp:attachment":[{"href":"https:\/\/www.radioempire.it\/index.php\/wp-json\/wp\/v2\/media?parent=20749"}],"wp:term":[{"taxonomy":"category","embeddable":true,"href":"https:\/\/www.radioempire.it\/index.php\/wp-json\/wp\/v2\/categories?post=20749"},{"taxonomy":"post_tag","embeddable":true,"href":"https:\/\/www.radioempire.it\/index.php\/wp-json\/wp\/v2\/tags?post=20749"}],"curies":[{"name":"wp","href":"https:\/\/api.w.org\/{rel}","templated":true}]}}