{"id":21502,"date":"2021-02-14T19:31:13","date_gmt":"2021-02-14T19:31:13","guid":{"rendered":"https:\/\/www.radioempire.it\/?p=21502"},"modified":"2021-02-14T19:31:13","modified_gmt":"2021-02-14T19:31:13","slug":"paolo-benvegnu-domenica-14-febbraio-blackcandy-produzioni-presenta-delle-inutili-premonizioni-vol-1-dodici-volumi-di-enciclopedia-acustica","status":"publish","type":"post","link":"https:\/\/www.radioempire.it\/index.php\/2021\/02\/14\/paolo-benvegnu-domenica-14-febbraio-blackcandy-produzioni-presenta-delle-inutili-premonizioni-vol-1-dodici-volumi-di-enciclopedia-acustica\/","title":{"rendered":"PAOLO BENVEGN\u00d9 DOMENICA 14 FEBBRAIO BLACKCANDY PRODUZIONI PRESENTA \u201cDELLE INUTILI PREMONIZIONI VOL.1\u201d DODICI VOLUMI DI ENCICLOPEDIA ACUSTICA"},"content":{"rendered":"<p>Dal 14 febbraio sar\u00e0 disponibile sullo store digitale di BLACKCANDY PRODUZIONI il nuovo progetto discografico in acustico di PAOLO BENVEGN\u00d9 dal titolo \u201cDELLE INUTILI PREMONIZIONI VOL.1\u201d.<br \/>\nRegistrato al GRS Recordings Studio di Firenze da Lorenzo Buzzigoli e Paolo Benvegn\u00f9, e in seguito mixato e masterizzato al White Sound di Firenze da Lorenzo Buzzigoli e Tommaso Bianchi, \u201cDELLE INUTILI PREMONIZIONI VOL.1\u201d \u00e8 il nuovo lavoro discografico di PAOLO BENVEGN\u00d9. Registrato interamente dal vivo in un giorno d\u2019inverno, questo progetto include dodici tracce in acustico intrise di riflessioni e ricordi agrodolci dell\u2019autore.<br \/>\nDi seguito la tracklist di \u201cDelle Inutili Premonizioni Vol. 1\u201d: \u201cIn Dissolvenza\u201d, \u201cIo Ho Visto\u201d, \u201cIl Nemico\u201d, \u201cIl Sentimento Delle Cose\u201d, \u201cAndromeda Maria\u201d, \u201cNelle Stelle\u201d, \u201cNello Spazio Profondo\u201d, \u201cCerchi Nell&#8217;acqua\u201d, \u201cAvanzate Ascoltate\u201d, \u201cLa Schiena\u201d, \u201cOlovisione In Parte Terza\u201d, \u201cSempiterni Sguardi E Primati\u201d.<\/p>\n<p>Il pre-order del disco sar\u00e0 disponibile dal 13 gennaio.<\/p>\n<p>Biografia<br \/>\nPaolo Benvegn\u00f9 \u00e8 un chitarrista e cantautore italiano. Anche Mina, ha reinterpretato una sua canzone \u201cIo e Te\u201d; i suoi brani sono stati cantati anche da Irene Grandi (\u00c8 solo un sogno), Giusy Ferreri, Marina Rei (Il mare verticale). Paolo Benvegn\u00f9 \u00e8 stato il chitarrista-cantante fondatore degli Scisma, imprescindibile gruppo alternative-rock italiano ormai sciolto, con cui ha registrato, prodotto e composto tre dischi su etichetta Parlophone-EMI. Dopo lo scioglimento, Paolo Benvegn\u00f9 inizia nuove collaborazioni e diventa uno dei quattro cantanti del Presepe Vivente (cantante), spettacolo di e con David Riondino e Stefano Bollani. Instaurato un forte legame con la scena artistica di Firenze, Benvegn\u00f9 costruisce un proprio studio di registrazione a Prato e, parallelamente alla nuova carriera solista, inizia quella di produttore artistico con tantissimi album lavorati, tra i quali Perturbazione, Terje Nordgarden e Brychan. Il brano di Paolo &#8220;\u00c8 solo un sogno&#8221; viene inserito da Irene Grandi nel suo album del 2003, ed \u00e8 stato anche incluso nel successivo \u201cBest Of\u201d di Irene in una versione live registrata con Stefano Bollani. Nello stesso periodo Paolo Benvegn\u00f9 stringe un accordo con le label toscane Santeria e Stoutmusic che pubblicano il suo primo album solista \u201cPiccoli Fragilissimi Film\u201d. A fine 2007 Paolo Benvegn\u00f9 pubblica un nuovo EP sulla propria nuovissima etichetta \u201cLa Pioggia Dischi\u201d, intitolato \u201c14-19\u201d, il disco crea grande attesa per il nuovo album \u201cLe Labbra\u201d, che esce a febbraio 2008 con distribuzione Venus. A inizio 2009, Benvegn\u00f9 prende parte al progetto\/compilation \u201cIl Paese \u00e8 Reale\u201d degli Afterhours, con il brano \u201cIo e il mio Amore\u201d. Il 3 aprile  esce l\u2019 EP di Paolo Benvegn\u00f9 intitolato \u201c500\u201d e lanciato dal singolo \u201cNel Silenzio\u201d, prodotto da Fabrizio Barbacci (Ligabue, Roy Paci) ed il tour porta Paolo al Primo Maggio a Roma, sul main stage di Italia Wave per concludersi a dicembre 2009 al Circolo degli Artisti di Roma, con Dissolution, il memorabile concerto divenuto nel giugno 2010 un disco dal vivo omonimo che ha dato luogo a un fortunato tour nazionale di oltre venti date nelle principali citt\u00e0 italiane. Nel maggio 2010 Mina esce con il suo nuovo cd \u201cCaramella\u201d nel quale reinterpreta un brano di Benvegn\u00f9 \u201cIo e te\u201d contenuto nel primo disco da solista \u201cPiccoli fragilissimi film\u201d. Benvegn\u00f9 riceve al MEI il premio come miglior solista dell\u2019anno, Premio Italiano Musica Indipendente 2011 (PIMI). Con il suo Hermann Tour partecipa a numerosi eventi di grande prestigio, tra cui La Repubblica delle idee a Bologna, Suo.na a Napoli al Maschio Angioino, &#8220;Roma Rock&#8221; in apertura ai Cure e partecipa come ospite anche al Premio Tenco al Teatro Ariston di Sanremo e al Premio PIMI al Teatro Kismet di Bari. Nel 2012 collabora con Marina Rei come coautore e cantante nel brano \u201cI fiori infranti \u201c, contenuto nel disco della cantante romana e partecipa alla compilation Tributo a Ivan Graziani con la canzone \u201cOlanda\u201d. Nell\u2019Ottobre 2014 esce Earth Hotel per l\u2019etichetta Woodworm Music, distribuito da Audioglobe. Nel 2015 firma, con Michele Pazzaglia, la sigla del programma \u201cDECANTER\u201d di Radio2. Sempre nel 2015 pubblica, con gli Scisma, l\u2019EP di inediti \u201cMr.Newman\u201d (Woodworm Label), a cui segue un minitour di quattro date, tutte sold out. Il 3 marzo 2017 esce il suo nuovo disco, \u201cH3+\u201d, seguito da un lungo tour. Il 2018 lo ha visto nuovamente al fianco di Marina Rei nel tour di \u201cCanzoni contro la disattenzione\u201d e con Nicholas Ciuferri nella genesi del progetto \u201cI Racconti delle Nebbie\u201d. Nato come serie di reading-concerti, \u201cI Racconti delle Nebbie\u201d \u00e8 uscito a marzo 2019 sotto forma di raccolta di narrazioni musicali pubblicata da Woodworm. All\u2019inizio del 2019 \u00e8 entrato a far parte della famiglia di Black Candy Records, a Firenze. Il suo nuovo album dal titolo \u201cDell\u2019odio dell\u2019innocenza\u201d (Blackcandy Produzioni) \u00e8 disponibile sulle piattaforme digitali dallo scorso marzo. Il brano \u201cLa nostra vita innocente\u201d, estratto dall\u2019album, \u00e8 in rotazione radiofonica dal 12 giugno.<br \/>\nIl nuovo progetto discografico full lenght di Paolo Benvegn\u00f9 dal titolo \u201cDelle Inutili Premonizioni Vol. 1\u201d \u00e8 disponibile sullo store di Blackcandy Produzioni dal 14 febbraio 2021.<\/p>\n","protected":false},"excerpt":{"rendered":"<p>Dal 14 febbraio sar\u00e0 disponibile sullo store digitale di BLACKCANDY PRODUZIONI il nuovo progetto discografico in acustico di PAOLO BENVEGN\u00d9 dal titolo \u201cDELLE INUTILI PREMONIZIONI VOL.1\u201d. Registrato al GRS Recordings<\/p>\n<div><a class=\"permalink\" href=\"https:\/\/www.radioempire.it\/index.php\/2021\/02\/14\/paolo-benvegnu-domenica-14-febbraio-blackcandy-produzioni-presenta-delle-inutili-premonizioni-vol-1-dodici-volumi-di-enciclopedia-acustica\/\">Read More&#8230;<\/a><\/div>\n","protected":false},"author":2,"featured_media":21503,"comment_status":"closed","ping_status":"closed","sticky":false,"template":"","format":"standard","meta":[],"categories":[3,36],"tags":[],"_links":{"self":[{"href":"https:\/\/www.radioempire.it\/index.php\/wp-json\/wp\/v2\/posts\/21502"}],"collection":[{"href":"https:\/\/www.radioempire.it\/index.php\/wp-json\/wp\/v2\/posts"}],"about":[{"href":"https:\/\/www.radioempire.it\/index.php\/wp-json\/wp\/v2\/types\/post"}],"author":[{"embeddable":true,"href":"https:\/\/www.radioempire.it\/index.php\/wp-json\/wp\/v2\/users\/2"}],"replies":[{"embeddable":true,"href":"https:\/\/www.radioempire.it\/index.php\/wp-json\/wp\/v2\/comments?post=21502"}],"version-history":[{"count":1,"href":"https:\/\/www.radioempire.it\/index.php\/wp-json\/wp\/v2\/posts\/21502\/revisions"}],"predecessor-version":[{"id":21504,"href":"https:\/\/www.radioempire.it\/index.php\/wp-json\/wp\/v2\/posts\/21502\/revisions\/21504"}],"wp:featuredmedia":[{"embeddable":true,"href":"https:\/\/www.radioempire.it\/index.php\/wp-json\/wp\/v2\/media\/21503"}],"wp:attachment":[{"href":"https:\/\/www.radioempire.it\/index.php\/wp-json\/wp\/v2\/media?parent=21502"}],"wp:term":[{"taxonomy":"category","embeddable":true,"href":"https:\/\/www.radioempire.it\/index.php\/wp-json\/wp\/v2\/categories?post=21502"},{"taxonomy":"post_tag","embeddable":true,"href":"https:\/\/www.radioempire.it\/index.php\/wp-json\/wp\/v2\/tags?post=21502"}],"curies":[{"name":"wp","href":"https:\/\/api.w.org\/{rel}","templated":true}]}}