{"id":229,"date":"2016-06-21T05:12:51","date_gmt":"2016-06-21T05:12:51","guid":{"rendered":"http:\/\/www.radioempire.it\/?p=229"},"modified":"2016-07-29T05:15:10","modified_gmt":"2016-07-29T05:15:10","slug":"roma-il-jazz-di-scarcella-da-rebibbia-alla-banca-ditalia","status":"publish","type":"post","link":"https:\/\/www.radioempire.it\/index.php\/2016\/06\/21\/roma-il-jazz-di-scarcella-da-rebibbia-alla-banca-ditalia\/","title":{"rendered":"ROMA. Il jazz di Scarcella da Rebibbia alla Banca d\u2019Italia"},"content":{"rendered":"<p>Sempre pi\u00f9 interessante il percorso artistico di Santi Scarcella che marted\u00ec 21 Giugno sar\u00e0 in doppio concerto la mattina alle 9,30 presso il Carcere di Rebibbia e alle 18,00 presso la Banca d\u2019Italia.<br \/>\nUna scaletta di grande effetto, scelta per Rebibbia con canzoni come Cu J\u00e8 ca jetta l\u2019oru nto fangu,<br \/>\nin dialetto siciliano (chi butta l\u2019oro nel fango), Innamorarsi ogni giorno del Mondo, Sciurandido (tutti uguali) e poi omaggio ai grandi della musica passando da De Andr\u00e8 a Bob Dylan.<br \/>\nNel pomeriggio si sposter\u00e0 alla Banca D\u2019Italia per il suo piano solo (Dall\u2019America all\u2019Italia) viaggio tra le musiche del mondo in cui inserir\u00e0 i brani scelti a Rebibbia,volutamente per creare una vera osmosi tra i due concerti.Singolare la coincidenza dice lo stesso musicista, \u201ccredo a dimostrare l\u2019importanza della musica capace di abbattere tutte le distanze e regalare ad ognuno importanti messaggi\u201d.<a href=\"http:\/\/www.radioempire.it\/wp-content\/uploads\/2016\/06\/FOTOSCARCELLA2-003.jpg\"><img loading=\"lazy\" class=\"alignleft size-medium wp-image-2147\" src=\"http:\/\/www.radioempire.it\/wp-content\/uploads\/2016\/06\/FOTOSCARCELLA2-003-200x300.jpg\" alt=\"FOTOSCARCELLA2 (003)\" width=\"200\" height=\"300\" \/><\/a><br \/>\nScarcella che ha appena vinto un premio a New York per le musiche del film \u201cArt of the Prank\u201d scritte con un team guidato da Philip Abussi, in questo momento oltre al piano solo, il suo 5et e Ciuriciurijazz, sta preparando un duo d\u2019eccezione e orchestrando le canzoni della domenica in jazz, continua a confermare la sua linea di artista che possiamo certamente definire Cristiano, carico di attenzione nei confronti di tutte le categorie.Santi Scarcella vanta oramai un curriculum di tutto rispetto sia per i teatri, gli spazi e rassegne jazz in giro per l\u2019Italia in cui ha portato la sua \u201carte\u201d (Blue Note Milano, Viterbo Jazz, Villacelimontana jazz Roma, Piano City Napoli, Palacultura di Messina, Roccella Jazz, Castrovillari Jazz,) sia per le collaborazioni da Radio 2 con Nino Frassica a Radio 3 con Stefano Roffi, a Radio Vaticana e poi Marisa Laurito, Andrea Mingardi, Lucio Dalla, oltre che i grandi nomi della musica jazz e contemporanea come: Steve Reich, Scoot Reeves, Giovanni Falzone, Santa Cecilia Jazz Orchestra etc.<br \/>\nCarcere di Rebibbia<br \/>\nMarted\u00ec 21 giugno ore 9,30.<br \/>\nBanca d\u2019Italia<br \/>\nMarted\u00ec 21 Giugno ore 18,00<br \/>\nVia del Mandrione 190<br \/>\nIngresso libero.<br \/>\nInfo: www.santiscarcella.it<\/p>\n","protected":false},"excerpt":{"rendered":"<p>Sempre pi\u00f9 interessante il percorso artistico di Santi Scarcella che marted\u00ec 21 Giugno sar\u00e0 in doppio concerto la mattina alle 9,30 presso il Carcere di Rebibbia e alle 18,00 presso<\/p>\n<div><a class=\"permalink\" href=\"https:\/\/www.radioempire.it\/index.php\/2016\/06\/21\/roma-il-jazz-di-scarcella-da-rebibbia-alla-banca-ditalia\/\">Read More&#8230;<\/a><\/div>\n","protected":false},"author":1,"featured_media":230,"comment_status":"closed","ping_status":"closed","sticky":false,"template":"","format":"standard","meta":[],"categories":[3],"tags":[],"_links":{"self":[{"href":"https:\/\/www.radioempire.it\/index.php\/wp-json\/wp\/v2\/posts\/229"}],"collection":[{"href":"https:\/\/www.radioempire.it\/index.php\/wp-json\/wp\/v2\/posts"}],"about":[{"href":"https:\/\/www.radioempire.it\/index.php\/wp-json\/wp\/v2\/types\/post"}],"author":[{"embeddable":true,"href":"https:\/\/www.radioempire.it\/index.php\/wp-json\/wp\/v2\/users\/1"}],"replies":[{"embeddable":true,"href":"https:\/\/www.radioempire.it\/index.php\/wp-json\/wp\/v2\/comments?post=229"}],"version-history":[{"count":1,"href":"https:\/\/www.radioempire.it\/index.php\/wp-json\/wp\/v2\/posts\/229\/revisions"}],"predecessor-version":[{"id":231,"href":"https:\/\/www.radioempire.it\/index.php\/wp-json\/wp\/v2\/posts\/229\/revisions\/231"}],"wp:featuredmedia":[{"embeddable":true,"href":"https:\/\/www.radioempire.it\/index.php\/wp-json\/wp\/v2\/media\/230"}],"wp:attachment":[{"href":"https:\/\/www.radioempire.it\/index.php\/wp-json\/wp\/v2\/media?parent=229"}],"wp:term":[{"taxonomy":"category","embeddable":true,"href":"https:\/\/www.radioempire.it\/index.php\/wp-json\/wp\/v2\/categories?post=229"},{"taxonomy":"post_tag","embeddable":true,"href":"https:\/\/www.radioempire.it\/index.php\/wp-json\/wp\/v2\/tags?post=229"}],"curies":[{"name":"wp","href":"https:\/\/api.w.org\/{rel}","templated":true}]}}