{"id":23187,"date":"2021-04-30T12:32:26","date_gmt":"2021-04-30T12:32:26","guid":{"rendered":"https:\/\/www.radioempire.it\/?p=23187"},"modified":"2021-04-30T12:35:01","modified_gmt":"2021-04-30T12:35:01","slug":"esce-oggi-in-radio-e-in-digitale-lo-racconterei-e-il-nuovo-singolo-della-cantante-rnb-siciliana","status":"publish","type":"post","link":"https:\/\/www.radioempire.it\/index.php\/2021\/04\/30\/esce-oggi-in-radio-e-in-digitale-lo-racconterei-e-il-nuovo-singolo-della-cantante-rnb-siciliana\/","title":{"rendered":"Esce oggi in radio e in digitale &#8220;Lo racconterei&#8221; \u00e8 il nuovo singolo della cantante r\u2019n\u2019b siciliana"},"content":{"rendered":"<p><strong>\u201cun brano autobiografico che racconta la storia d\u2019amore tra me e il mio compagno\u201d.<\/strong><\/p>\n<p>Il brano sar\u00e0 accompagnato dal videoclip.<\/p>\n<p>A partire da oggi \u00e8 disponibile in digitale e in rotazione radiofonica\u201cLo racconterei\u201d, nuovo singolo di Celo, nome d\u2019arte della cantante r\u2019n\u2019b siciliana Celeste De Lisi. Il brano sar\u00e0 accompagnato dal videoclip.<\/p>\n<p><img loading=\"lazy\" src=\"https:\/\/www.radioempire.it\/wp-content\/uploads\/2021\/04\/CELO-foto1-300x214.jpg\" alt=\"\" width=\"300\" height=\"214\" class=\"alignleft size-medium wp-image-23189\" srcset=\"https:\/\/www.radioempire.it\/wp-content\/uploads\/2021\/04\/CELO-foto1-300x214.jpg 300w, https:\/\/www.radioempire.it\/wp-content\/uploads\/2021\/04\/CELO-foto1-1024x730.jpg 1024w, https:\/\/www.radioempire.it\/wp-content\/uploads\/2021\/04\/CELO-foto1-768x547.jpg 768w, https:\/\/www.radioempire.it\/wp-content\/uploads\/2021\/04\/CELO-foto1.jpg 1500w\" sizes=\"(max-width: 300px) 100vw, 300px\" \/>&#8220;Lo racconterei&#8221; \u00e8 un brano prettamente autobiografico, che racconta la storia d&#8217;amore tra me e il mio compagno: da quando ci siamo conosciuti, al centro di collocamento di Palermo, luogo molto imprevedibile, ad oggi &#8211; racconta Celo &#8211; Un brano che nasce durante il primo lockdown, momento in cui, non potendo n\u00e9 abbracciarci n\u00e9 vederci, la frase &#8220;mi manchi&#8221; diventava sempre pi\u00f9 grande e sempre pi\u00f9 pesante.Il mio quadernetto magico qui \u00e8 stato pi\u00f9 fedele che mai perch\u00e9 questo brano \u00e8 uscito fuori di getto, scritto tutto d&#8217;un fiato e come dico nel testo infatti &#8220;. Come questa penna rossa, non finisce la sua corsa&#8230; &#8221; perch\u00e9 \u00e8 stato realmente cos\u00ec!<\/p>\n<p>\u201cUna canzone che nasce dal mio bisogno di mettere in musica qualcosa che mi appartenesse in modo cos\u00ec profondo, rendere ancora pi\u00f9 bello qualcosa di gi\u00e0 letteralmente emozionante.Emozionante perch\u00e9 ancora ora, a distanza di 7 anni, raccontare come ci siamo conosciuti, insieme a tutte le coincidenze di cui ancora rimaniamo senza parole, ci fa emozionare come due bambini che si prendono per mano per la prima volta.E, ogni volta che riavvolgiamo il nastro, abbiamo la sensazione di vederci in un film.Ho voluto che fosse una dedica ad Attilio, in quei giorni assurdi dove non sapevamo ancora come si sarebbero evolute le cose.Questo \u00e8 stato il modo per stargli vicino, anche se distanti.\u201d<\/p>\n<p>Il brano, scritto da Celo con la collaborazione di Jacopo Ratini e prodotto,missato da Jacopo Mariotti, mastering a cura di Alessandro Di Nunzio, \u00e8 ilquartodi una serie di singoli che saranno raccolti in un Ep che uscir\u00e0 nei prossimi mesi:\u201cRicordati di me\u201d, &#8220;Grazie a Celo&#8221; e \u201cCome sei\u201d. <\/p>\n<p><img loading=\"lazy\" src=\"https:\/\/www.radioempire.it\/wp-content\/uploads\/2021\/04\/CELO-foto-225x300.jpg\" alt=\"\" width=\"225\" height=\"300\" class=\"alignleft size-medium wp-image-23191\" srcset=\"https:\/\/www.radioempire.it\/wp-content\/uploads\/2021\/04\/CELO-foto-225x300.jpg 225w, https:\/\/www.radioempire.it\/wp-content\/uploads\/2021\/04\/CELO-foto-768x1024.jpg 768w, https:\/\/www.radioempire.it\/wp-content\/uploads\/2021\/04\/CELO-foto-1152x1536.jpg 1152w, https:\/\/www.radioempire.it\/wp-content\/uploads\/2021\/04\/CELO-foto.jpg 1500w\" sizes=\"(max-width: 225px) 100vw, 225px\" \/><br \/>\nNata e cresciuta a Palermo, Celeste De Lisi, in arte Celo, inizia a studiare canto nel 2006 nelle pi\u00f9 importanti accademie musicali palermitane. Partecipa a diversi concorsi come il &#8220;Premio Filippo Alotta&#8221; e il &#8220;57\u00b0 Festival di Castrocaro&#8221;, arrivando alle semifinali nazionali. Fa parte del quartetto polifonico &#8220;CUPido&#8221; con il quale, nel 2014, attira l&#8217;attenzione del programma televisivo Italia&#8217;s Got Talent, grazie allo spettacolo coreografico di Cupsongaccompagnato dalle 4 voci a cappella. Passa alle semifinali con i \u201c4\u201ds\u00ec della giuria formata da Luciana Littizzetto, Claudio Bisio, Nina Zilli e Frank Matano, con la presentazione di Vanessa Incontrada. Con lo stesso si esibisce in diversi locali viene ospitata al Teatro Savio di Palermo per l\u2019apertura di uno spettacolo televisivo TRM. Nel 2016 inizia la collaborazione con DjTaze interpreta due brani, un inedito &#8220;From N.Y. to L.A&#8221; e un remake degli anni &#8217;80 di Luther Vandross&#8221;Nevertoomuch&#8221;. Continua nel 2018 con lo stesso interpretando un altro inedito &#8220;Tell me baby&#8221;, con un featuring dell&#8217;artista belga MG-The Artist. Nel 2018 continua a formarsi facendo parte dell&#8217;Accademia Spettacolo Italia di Roma. Nel 2019 continua il suo percorso di studio e artistico presso l\u2019Accademia romana Fenice Academy of Arts, seguita da maestri del calibro di Fulvio Tomaino, Marco Biaggioli, Fabio Di Cocco, Jacopo Ratini, Stefano Calabrese, grazie alla quale affina la sua personalit\u00e0 artistica e d\u00e0 vita ad un nuovo progetto: il suo primo singolo, \u201cRicordati di me\u201d. Nel frattempo, sempre per il suo incessante e instancabile desiderio di esprimersi in musica, nel settembre 2019 mette su un duo acustico, voce e chitarra (Vittorio Chiparo), con il quale interpreta un repertorio musicale black, soul e pop. Nel giugno 2020 esce \u201cRicordati di me\u201d, primo step che porter\u00e0 ad altri singoli e all\u2019album e ad ottobre \u201cGrazie al Celo\u201d<\/p>\n","protected":false},"excerpt":{"rendered":"<p>\u201cun brano autobiografico che racconta la storia d\u2019amore tra me e il mio compagno\u201d. Il brano sar\u00e0 accompagnato dal videoclip. A partire da oggi \u00e8 disponibile in digitale e in<\/p>\n<div><a class=\"permalink\" href=\"https:\/\/www.radioempire.it\/index.php\/2021\/04\/30\/esce-oggi-in-radio-e-in-digitale-lo-racconterei-e-il-nuovo-singolo-della-cantante-rnb-siciliana\/\">Read More&#8230;<\/a><\/div>\n","protected":false},"author":2,"featured_media":23188,"comment_status":"closed","ping_status":"closed","sticky":false,"template":"","format":"standard","meta":[],"categories":[3,36],"tags":[],"_links":{"self":[{"href":"https:\/\/www.radioempire.it\/index.php\/wp-json\/wp\/v2\/posts\/23187"}],"collection":[{"href":"https:\/\/www.radioempire.it\/index.php\/wp-json\/wp\/v2\/posts"}],"about":[{"href":"https:\/\/www.radioempire.it\/index.php\/wp-json\/wp\/v2\/types\/post"}],"author":[{"embeddable":true,"href":"https:\/\/www.radioempire.it\/index.php\/wp-json\/wp\/v2\/users\/2"}],"replies":[{"embeddable":true,"href":"https:\/\/www.radioempire.it\/index.php\/wp-json\/wp\/v2\/comments?post=23187"}],"version-history":[{"count":3,"href":"https:\/\/www.radioempire.it\/index.php\/wp-json\/wp\/v2\/posts\/23187\/revisions"}],"predecessor-version":[{"id":23194,"href":"https:\/\/www.radioempire.it\/index.php\/wp-json\/wp\/v2\/posts\/23187\/revisions\/23194"}],"wp:featuredmedia":[{"embeddable":true,"href":"https:\/\/www.radioempire.it\/index.php\/wp-json\/wp\/v2\/media\/23188"}],"wp:attachment":[{"href":"https:\/\/www.radioempire.it\/index.php\/wp-json\/wp\/v2\/media?parent=23187"}],"wp:term":[{"taxonomy":"category","embeddable":true,"href":"https:\/\/www.radioempire.it\/index.php\/wp-json\/wp\/v2\/categories?post=23187"},{"taxonomy":"post_tag","embeddable":true,"href":"https:\/\/www.radioempire.it\/index.php\/wp-json\/wp\/v2\/tags?post=23187"}],"curies":[{"name":"wp","href":"https:\/\/api.w.org\/{rel}","templated":true}]}}