{"id":23435,"date":"2021-05-12T16:14:33","date_gmt":"2021-05-12T16:14:33","guid":{"rendered":"https:\/\/www.radioempire.it\/?p=23435"},"modified":"2021-05-12T16:14:33","modified_gmt":"2021-05-12T16:14:33","slug":"taobuk-presenta-il-nuovo-visual-dedicato-a-la-metamorfosi-di-europa-la-ii-edizione-della-conferenza-di-taormina-e-messina-che-si-terra-dal-18-al-20-giugno","status":"publish","type":"post","link":"https:\/\/www.radioempire.it\/index.php\/2021\/05\/12\/taobuk-presenta-il-nuovo-visual-dedicato-a-la-metamorfosi-di-europa-la-ii-edizione-della-conferenza-di-taormina-e-messina-che-si-terra-dal-18-al-20-giugno\/","title":{"rendered":"Taobuk presenta il nuovo Visual dedicato a \u201cLa Metamorfosi di Europa\u201d, la II edizione della Conferenza di Taormina e Messina che si terr\u00e0 dal 18 al 20 giugno"},"content":{"rendered":"<p><strong>Dal 18 al 20 giugno, attese 30 grandi voci per leggere il futuro del continente e prefigurare l\u2019uscita dalla pandemia.<\/strong><\/p>\n<p>\u201cLa metamorfosi di Europa\u201d riparte dove l\u2019Europa \u00e8 nata, insieme al suo \u201cmito\u201d: nel cuore del Mediterraneo. Qui \u00e8 fiorita la leggenda della fanciulla fenicia Europa, ed \u00e8 nella Sicilia mediterranea, a Messina, che nel 1955 si progettarono, con una pionieristica Conferenza, le istituzioni cardine del nuovo progetto europeo, CEE ed EURATOM, schiudendo cos\u00ec la strada al trattato di Roma. Proprio da Messina e Taormina, in una prospettiva di rilancio e rigenerazione per l\u2019Europa, Taobuk Festival ripartir\u00e0 dal 17 al 21 giugno: \u00abla pandemia ha segnato con tutta evidenza un crocevia della storia \u2013 spiega Antonella Ferrara, Presidente e direttore artistico del Festival &#8211; e indica la necessit\u00e0 di riformare radicalmente l\u2019Unione europea per offrire risposte utili a fronteggiare shock che potrebbero diventare una caratteristica permanente del 21\u00b0 secolo. La \u201cmetamorfosi di Europa\u2019\u2019 corrisponde all\u2019inevitabile evoluzione verso un nuovo ordine del continente. La \u201cguerra\u201d pandemica, con le drammatiche crisi economiche e politiche che ne derivano, ha evidenziato un\u2019Europa strutturalmente lenta nelle risposte, a cominciare dalla campagna di vaccinazione 2021: L\u2019obiettivo della Conferenza \u00e8 offrire risposte, idee e strumenti operativi che saranno sintetizzati nel Manifesto per la Metamorfosi di Europa\u00bb.<\/p>\n<p><img loading=\"lazy\" src=\"https:\/\/www.radioempire.it\/wp-content\/uploads\/2021\/05\/collage-1-1068x601-1-300x169.jpg\" alt=\"\" width=\"300\" height=\"169\" class=\"alignleft size-medium wp-image-23437\" srcset=\"https:\/\/www.radioempire.it\/wp-content\/uploads\/2021\/05\/collage-1-1068x601-1-300x169.jpg 300w, https:\/\/www.radioempire.it\/wp-content\/uploads\/2021\/05\/collage-1-1068x601-1-1024x576.jpg 1024w, https:\/\/www.radioempire.it\/wp-content\/uploads\/2021\/05\/collage-1-1068x601-1-768x432.jpg 768w, https:\/\/www.radioempire.it\/wp-content\/uploads\/2021\/05\/collage-1-1068x601-1.jpg 1068w\" sizes=\"(max-width: 300px) 100vw, 300px\" \/>Alla Conference di giugno sono attese 30 personalit\u00e0 di spicco: giornalisti, sociologi, analisti, storici e politologi, ma anche importanti autori europei, in un melting di voci chiamate a prefigurare l\u2019uscita dalla pandemia e riprogettare il \u201ccontratto\u201d fra le istituzioni e i cittadini europei. Fra i protagonisti della Conferenza ci sar\u00e0 anche l\u2019autore e poeta spagnolo Manuel Vilas, a Taobuk anche per la presentazione della nuova raccolta di versi \u201cAmor\u201d, uscito per Guanda lo scorso 6 maggio. <\/p>\n<p>La finalit\u00e0 della Conferenza \u00e8 costruire un Manifesto di priorit\u00e0 e proposte operative, risposte e \u201cbuone pratiche\u201d, capaci non solo di rilanciare gli obiettivi e le sfide dei tempi, ma anche di sostenerle \u201cdal basso\u201d, attraverso strategie di coinvolgimento e sensibilizzazione dei cittadini.<\/p>\n<p>L\u2019Assessore per lo Sport il Turismo e lo Spettacolo della Regione Siciliana Manlio Messina auspica \u00abpi\u00f9 diritti e pi\u00f9 cultura per un nuovo rinascimento anche economico, che metta al centro l\u2019uomo in quanto tale, e non la sola logica del profitto. Su questo campo l\u2019Europa dovr\u00e0 porsi all\u2019avanguardia negli anni a venire\u00bb. Per Gaetano Armao, Vice Presidente della Regione Siciliana, \u00absiamo in una fase cruciale nella creazione di un primo piano di ripresa. Sar\u00e0 un biennio europeo di grande importanza che porter\u00e0 a una morfologia politica profondamente diversa da quella attuale: per un Europa che guarda alla solidariet\u00e0, al confronto, alla coesione, con un\u2019energia nuova\u00bb.<br \/>\n\u00abSi \u00e8 aperta dunque una fase di combattimento per trasformare la struttura oppressiva dell\u2019Unione in qualcosa di molto diverso e, sperabilmente, di autenticamente solidale\u00bb, come sostiene lo storico Luciano Canfora.<\/p>\n<p>Per l\u2019editorialista britannico Bill Emmott, fra i Chairs dell\u2019evento, la Conferenza \u00absar\u00e0 l\u2019occasione per produrre analisi e proposte di grande impatto, per contribuire alla costruzione di un\u2019Europa migliore\u00bb. Da parte sua, Stefania Giannini, Vice Direttore Generale Unesco per il settore educazione afferma: \u00abIl Covid ha inciso profondamente nella sfera dell\u2019educazione e della cultura. Abbiamo l\u2019opportunit\u00e0 di rigenerare la nostra societ\u00e0. Abbiamo scoperto e riscoperto l&#8217;importanza della scuola come luogo dove si impara e si condivide\u00bb. E aggiunge che \u00abl\u2019Europa deve anche guardare al Sud del Mediterraneo e deve stabilire un nuovo rapporto che non sia solo di assistenza, ma di formazione inclusiva\u00bb. <\/p>\n<p>Della sinergia tra il Taormina Book Festival e l\u2019Universit\u00e0 degli Studi di Messina ha parlato il Rettore Salvatore Cuzzocrea: \u00abDopo il successo dello scorso anno, questa seconda conferenza si prefigura come un evento culturale molto atteso. Taobuk ha organizzato momenti di riflessione molto importanti a livello internazionale a cui il nostro Ateneo sapr\u00e0 dare il contributo\u00bb.<br \/>\n\u00abAbbiamo bisogno di coraggio, entusiasmo e intelligenza. L\u2019Europa deve recuperare le sue radici, che sono nella ragione \u2013 politica, economica \u2013 e nei valori, nelle identit\u00e0, nelle passioni\u00bb, afferma Francesco Grillo, Direttore di \u201cVision\u201d partner della Conferenza.<\/p>\n<p>La conferenza \u00e8 co-organizzata da Taobuk taormina book festival e Vision think tank con il supporto dell\u2019Universit\u00e0 degli Studi di Messina e della Regione Siciliana<br \/>\n<iframe loading=\"lazy\" title=\"La metamorfosi di Europa - Conferenza stampa di presentazione\" width=\"800\" height=\"450\" src=\"https:\/\/www.youtube.com\/embed\/I-QLVokZcxg?feature=oembed\" frameborder=\"0\" allow=\"accelerometer; autoplay; clipboard-write; encrypted-media; gyroscope; picture-in-picture\" allowfullscreen><\/iframe><\/p>\n","protected":false},"excerpt":{"rendered":"<p>Dal 18 al 20 giugno, attese 30 grandi voci per leggere il futuro del continente e prefigurare l\u2019uscita dalla pandemia. \u201cLa metamorfosi di Europa\u201d riparte dove l\u2019Europa \u00e8 nata, insieme<\/p>\n<div><a class=\"permalink\" href=\"https:\/\/www.radioempire.it\/index.php\/2021\/05\/12\/taobuk-presenta-il-nuovo-visual-dedicato-a-la-metamorfosi-di-europa-la-ii-edizione-della-conferenza-di-taormina-e-messina-che-si-terra-dal-18-al-20-giugno\/\">Read More&#8230;<\/a><\/div>\n","protected":false},"author":2,"featured_media":23436,"comment_status":"closed","ping_status":"closed","sticky":false,"template":"","format":"standard","meta":[],"categories":[3,36],"tags":[],"_links":{"self":[{"href":"https:\/\/www.radioempire.it\/index.php\/wp-json\/wp\/v2\/posts\/23435"}],"collection":[{"href":"https:\/\/www.radioempire.it\/index.php\/wp-json\/wp\/v2\/posts"}],"about":[{"href":"https:\/\/www.radioempire.it\/index.php\/wp-json\/wp\/v2\/types\/post"}],"author":[{"embeddable":true,"href":"https:\/\/www.radioempire.it\/index.php\/wp-json\/wp\/v2\/users\/2"}],"replies":[{"embeddable":true,"href":"https:\/\/www.radioempire.it\/index.php\/wp-json\/wp\/v2\/comments?post=23435"}],"version-history":[{"count":1,"href":"https:\/\/www.radioempire.it\/index.php\/wp-json\/wp\/v2\/posts\/23435\/revisions"}],"predecessor-version":[{"id":23438,"href":"https:\/\/www.radioempire.it\/index.php\/wp-json\/wp\/v2\/posts\/23435\/revisions\/23438"}],"wp:featuredmedia":[{"embeddable":true,"href":"https:\/\/www.radioempire.it\/index.php\/wp-json\/wp\/v2\/media\/23436"}],"wp:attachment":[{"href":"https:\/\/www.radioempire.it\/index.php\/wp-json\/wp\/v2\/media?parent=23435"}],"wp:term":[{"taxonomy":"category","embeddable":true,"href":"https:\/\/www.radioempire.it\/index.php\/wp-json\/wp\/v2\/categories?post=23435"},{"taxonomy":"post_tag","embeddable":true,"href":"https:\/\/www.radioempire.it\/index.php\/wp-json\/wp\/v2\/tags?post=23435"}],"curies":[{"name":"wp","href":"https:\/\/api.w.org\/{rel}","templated":true}]}}