{"id":23516,"date":"2021-05-16T10:51:51","date_gmt":"2021-05-16T10:51:51","guid":{"rendered":"https:\/\/www.radioempire.it\/?p=23516"},"modified":"2021-05-16T10:53:06","modified_gmt":"2021-05-16T10:53:06","slug":"premio-andrea-parodi-vincono-gli-still-life-ad-alessio-arena-il-premio-della-critica","status":"publish","type":"post","link":"https:\/\/www.radioempire.it\/index.php\/2021\/05\/16\/premio-andrea-parodi-vincono-gli-still-life-ad-alessio-arena-il-premio-della-critica\/","title":{"rendered":"\u2018PREMIO ANDREA PARODI\u2019: VINCONO GLI STILL LIFE AD ALESSIO ARENA IL PREMIO DELLA CRITICA"},"content":{"rendered":"<p><strong><br \/>\nIL 14 E 15 MAGGIO A SELARGIUS (CAGLIARI) IL RECUPERO DELLE FINALI DELLA 13 EDIZIONE DEL PRESTIGIOSO CONTEST DI WORLD MUSIC <\/strong><\/p>\n<p>Sono gli Still Life (dalla Catalogna) con il brano \u201cTempo\u201d a vincere il Premio Andrea Parodi, l\u2019unico contest europeo riservato alla world music. A loro anche la menzione per la miglior musica e quella per la migliore interpretazione, nonch\u00e9 il premio dei ragazzi e il Premio Bianca d\u2019Aponte International.<br \/>\nNonostante le molte difficolt\u00e0 legate alla pandemia, la Fondazione Andrea Parodi \u00e8 riuscita a organizzare per il 14 e 15 maggio le finali della 13a edizione, inizialmente previste per lo scorso autunno ma poi rinviate a causa dell\u2019emergenza sanitaria.<br \/>\nIl premio della critica \u00e8 andato ad Alessio Arena (Campania\/Catalogna) con \u201cLos ni\u00f1os que vuelan\u201d, cos\u00ec come la menzione per il miglior testo e il premio dei concorrenti. A lui anche il premio per la miglior interpretazione di un brano di Andrea Parodi. La menzione per l\u2019arrangiamento va invece a Stefania Secci Rosa (Sardegna\/Portogallo). La menzione della giuria internazionale a Maria Mazzotta (Salento).<br \/>\nIl concorso ha visto in gara anche: Ars Nova Napoli (Campania); Eleonora Bordonaro (Sicilia); Elena D`Ascenzo (Abruzzo); Kalascima (Salento); Danilo Ruggero (Sicilia).<br \/>\nLa manifestazione, che si avvale della direzione artistica di Elena Ledda, si \u00e8 svolta al Teatro Si&#8217; e Boi di Selargius (Cagliari). \u00c8 stata trasmessa in streaming sulle pagine Facebook della Fondazione Andrea Parodi, di EjaTv, di SardegnaEventi24, di Rai Radio1 e Rai Radio Tutta Italiana, media-partner dell\u2019evento.<br \/>\nIl Premio \u00e8 l\u2019unico contest europeo di world music, nato per omaggiare un grande artista come Andrea Parodi, importante esponente della musica etnica italiana e internazionale scomparso 15 anni fa.<br \/>\nHanno condotto questa edizione Ottavio Nieddu e Gianmaurizio Foderaro. Sabato 15 si \u00e8 esibito in veste di ospite Pierpaolo Vacca, organettista dallo stile molto personale, che mescola le radici sarde con l\u2019elettronica e la contemporaneit\u00e0. Venerd\u00ec invece \u00e8 stato trasmesso il videoclip, prodotto della Fondazione Parodi, del brano \u201cRahil\u201d di Fanfara Station, band vincitrice del Premio nel 2019.<br \/>\nI finalisti si sono esibiti davanti a una Giuria tecnica (composta da addetti ai lavori, autori, musicisti, poeti, scrittori e cantautori), che ha decretato il vincitore assoluto e le menzioni, e a una Giuria critica (giornalisti e critici musicali), che ha assegnato appunto il premio della critica. Entrambe le giurie, come negli scorsi anni, erano composte da autorevoli esponenti del settore, in gran parte connessi da remoto.<br \/>\nDella giuria tecnica hanno fatto parte: Gianfranco Cabiddu (regista), Gigi Camedda (musicista), Lia Careddu (attrice), Gaetano d\u2019Aponte (Premio Bianca d\u2019Aponte, partner), Andrea Del Favero (Folkest, partner), Elena Ledda (direttrice artistica, musicista), Silvano Lobina (musicista), Annamaria Loddo (operatrice culturale), Marco Lutzu (etnomusicologo), Ignazio Macchiarella (Universit\u00e0 di Cagliari), Gino Marielli (musicista), Andrea Marco Ricci (NUOVOIMAIE), Simonetta Soro (musicista, attrice), Nicola Spiga (operatore culturale), Jacopo Tomatis (Premio Citt\u00e0 di Loano, partner), Gisella Vacca (musicista, attrice), Gigi Di Luca (Ethnos Festival, partner), Pippo Rinaldi Kaball\u00e0 (musicista), Nicola Meloni (operatore culturale), Andrea Ruggeri (musicista), Stefano Starace (Mo\u2019l\u2019estate, partner), Dario Zigiotto (operatore culturale).<br \/>\nLa giuria critica era composta da: Claudio Agostoni (Radio Popolare, partner), Simone Cavagnino (Unica Radio, partner), Flavia Corda (Tgr Sardegna), Valerio Corzani (Rai Radio3), Tore Cubeddu (Eja Tv, partner), Daniela Deidda (SardegnaEventi24, partner), Ciro De Rosa (Songlines \/Globofonie), Max De Tomassi (Rai Radio 1), Elisabetta Malantrucco (Rai Radio Techete), Luigi Mameli (Radiolina), Duccio Pasqua (Rai Radio1), Francesco Pintore (L\u2019Unione Sarda), Cristiano Sanna (Tiscali), Giacomo Serreli (Giornalista musicale), Mario Tasca (Sardegna 1 Tv), John Vignola (Rai Radio1), Gabriele Antonucci (Panorama), Angela Calvini (Avvenire), Franz Coriasco (Rai Italia), Enrico de Angelis (Storico della canzone), Salvatore Esposito (Blogfoolk), Luigi Fontana (U.N.A. Unione Autori Musicali), Felice Liperi (Repubblica), Marco Mangiarotti (Qn &#8211; Il Giorno), Andrea Massidda (La nuova Sardegna), Maria Grazia Maxia (Federazione degli autori, partner), Tonino Merolli (Funweek), Timisoara Pinto (Gr1), Claudio Scaccianoce (Linkiesta), Paolo Talanca (Fatto Quotidiano), Giuseppe Vota (Rai).<br \/>\nPer la giuria internazionale hanno votato: Sergio Albertoni (Rsi Radio Svizzera Italiana), Andrew Cronshaw (Froots Magazine, Rough Guide To World Music, Regno Unito), Petr Doruzka (Czech Radio, Rep. Ceca), Edyta \u0141ubi\u0144ska (Universit\u00e0 di Varsavia, Istituto di Etnologia e Antropologia culturale), Juan Antonio Vazquez (Mundofonias, Spagna), Piotr Pucylo (Globaltica Festival, Polonia).<br \/>\nPer il vincitore assoluto sono previsti diversi bonus, fra cui una serie di concerti e di partecipazioni alle prossime edizioni di alcuni festival partner del Parodi, dall&#8217;\u201cEuropean Jazz Expo\u201d in Sardegna a Folkest in Friuli, fino allo stesso Premio Parodi. Oltre a questo, ha diritto a una borsa di studio di 2.500 euro. Al vincitore del premio della critica andr\u00e0 invece la realizzazione professionale del videoclip del brano in concorso, a spese della Fondazione Andrea Parodi. Inoltre, uno tra i finalisti verr\u00e0 invitato ad esibirsi durante la prossima edizione di un altro festival partner, Mare e Miniere.<br \/>\n\u00c8 intanto gi\u00e0 disponibile il bando di concorso per la 14a edizione del Premio, le cui finali sono in programma a Cagliari dal 14 al 16 ottobre. Il bando \u00e8 reperibile su www.fondazioneandreaparodi.it ed \u00e8 aperto ad artisti di tutto il mondo. L\u2019iscrizione \u00e8 gratuita, mentre la la scadenza \u00e8 prevista per il 31 maggio 2021. Le domande di iscrizione dovranno essere inviate tramite il format presente su www.fondazioneandreaparodi.it (per informazioni: fondazione.andreaparodi@gmail.com ).<br \/>\nIl Premio Andrea Parodi \u00e8 realizzato dall&#8217;omonima Fondazione grazie a: Regione autonoma della Sardegna (fondatore), Fondazione di Sardegna, NUOVOIMAIE, con il patrocinio gratuito del Comune di Selargius (CA).<\/p>\n","protected":false},"excerpt":{"rendered":"<p>IL 14 E 15 MAGGIO A SELARGIUS (CAGLIARI) IL RECUPERO DELLE FINALI DELLA 13 EDIZIONE DEL PRESTIGIOSO CONTEST DI WORLD MUSIC Sono gli Still Life (dalla Catalogna) con il brano<\/p>\n<div><a class=\"permalink\" href=\"https:\/\/www.radioempire.it\/index.php\/2021\/05\/16\/premio-andrea-parodi-vincono-gli-still-life-ad-alessio-arena-il-premio-della-critica\/\">Read More&#8230;<\/a><\/div>\n","protected":false},"author":2,"featured_media":23517,"comment_status":"closed","ping_status":"closed","sticky":false,"template":"","format":"standard","meta":[],"categories":[3,36,1],"tags":[],"_links":{"self":[{"href":"https:\/\/www.radioempire.it\/index.php\/wp-json\/wp\/v2\/posts\/23516"}],"collection":[{"href":"https:\/\/www.radioempire.it\/index.php\/wp-json\/wp\/v2\/posts"}],"about":[{"href":"https:\/\/www.radioempire.it\/index.php\/wp-json\/wp\/v2\/types\/post"}],"author":[{"embeddable":true,"href":"https:\/\/www.radioempire.it\/index.php\/wp-json\/wp\/v2\/users\/2"}],"replies":[{"embeddable":true,"href":"https:\/\/www.radioempire.it\/index.php\/wp-json\/wp\/v2\/comments?post=23516"}],"version-history":[{"count":1,"href":"https:\/\/www.radioempire.it\/index.php\/wp-json\/wp\/v2\/posts\/23516\/revisions"}],"predecessor-version":[{"id":23518,"href":"https:\/\/www.radioempire.it\/index.php\/wp-json\/wp\/v2\/posts\/23516\/revisions\/23518"}],"wp:featuredmedia":[{"embeddable":true,"href":"https:\/\/www.radioempire.it\/index.php\/wp-json\/wp\/v2\/media\/23517"}],"wp:attachment":[{"href":"https:\/\/www.radioempire.it\/index.php\/wp-json\/wp\/v2\/media?parent=23516"}],"wp:term":[{"taxonomy":"category","embeddable":true,"href":"https:\/\/www.radioempire.it\/index.php\/wp-json\/wp\/v2\/categories?post=23516"},{"taxonomy":"post_tag","embeddable":true,"href":"https:\/\/www.radioempire.it\/index.php\/wp-json\/wp\/v2\/tags?post=23516"}],"curies":[{"name":"wp","href":"https:\/\/api.w.org\/{rel}","templated":true}]}}