{"id":23736,"date":"2021-05-24T18:40:04","date_gmt":"2021-05-24T18:40:04","guid":{"rendered":"https:\/\/www.radioempire.it\/?p=23736"},"modified":"2021-05-24T18:40:04","modified_gmt":"2021-05-24T18:40:04","slug":"messina-calendario-eventi-arena-villa-dante","status":"publish","type":"post","link":"https:\/\/www.radioempire.it\/index.php\/2021\/05\/24\/messina-calendario-eventi-arena-villa-dante\/","title":{"rendered":"Messina &#8211; Calendario eventi Arena Villa Dante"},"content":{"rendered":"<p>Ecco il calendario degli eventi all\u2019Arena Villa Dante di Messina presentato  in conferenza stampa.<\/p>\n<p>MARIO VENUTI &#8211; 24 LUGLIO (a cura de Il Botteghino)<br \/>\nMAX GAZZ\u00c8 \u2013 7 AGOSTO (a cura dell\u2019Associazione Development)<br \/>\nFIORELLA MANNOIA \u2013 8 AGOSTO (a cura di GG Entertainment)<br \/>\nSAMUELE BERSANI \u2013 12 AGOSTO (a cura di GG Entertainment)<br \/>\nSUBSONICA \u2013 16 AGOSTO \u2013 (a cura dell\u2019Associazione Darlin)<br \/>\nFRANCESCO RENGA \u2013 21 AGOSTO (a cura dell\u2019Associazione Sopra La Panca)<\/p>\n<p>MARIO VENUTI<br \/>\n24 LUGLIO 2021 &#8211; ARENA VILLA DANTE ORE 21.3O<br \/>\nDopo l\u2019uscita del 7 maggio in radio e in digitale di \u201cMa che freddo fa\u201d, Mario Venuti torna questa<br \/>\nestate con un nuovo tour e toccher\u00e0 mondi che gi\u00e0 aveva gi\u00e0 incontrato scrivendo Fortuna che da<br \/>\nsempre hanno caratterizzato il suo stile.<br \/>\n\u00abSe mai ce ne fosse bisogno, durante questa lunga lontananza dal palco, ho capito che cantare<br \/>\ndavanti al pubblico per me \u00e8 ossigeno, \u00e8 un balsamo necessario a curare le ferite che<br \/>\ninevitabilmente la vita pu\u00f2 procurarti. Quindi sono gi\u00e0 qui a scaldare i motori, o per meglio dire la<br \/>\nvoce e la chitarra e non vedo l\u2019ora di procuravi un po\u2019 di gioia che \u00e8 sempre poca confronto a quella<br \/>\nche voi donate a me\u00bb.<br \/>\nMario Incontrer\u00e0 il suo pubblico presentando in acustico oltre i brani del suo repertorio, alcune<br \/>\ndelle canzoni che faranno parte del nuovo disco.<br \/>\nIl live ha la produzione artistica di Tony Canto, che sar\u00e0 con Mario Venuti sul palco assieme a<br \/>\nNeney Bispo Dos Santos e Vincenzo Virgillito.<br \/>\ninformazioni e biglietti 090\/343818<\/p>\n<p>MAX GAZZ\u00c8<br \/>\n7 AGOSTO 2021 &#8211; ARENA VILLA DANTE ORE 21.30<br \/>\nMax Gazz\u00e8 riprende il suo basso e torna in tour.<br \/>\nSar\u00e0 un&#8217;estate ancora all&#8217;insegna dei live quella dell&#8217;artista, che in questi mesi non si \u00e8 mai fermato<br \/>\ne ha continuato a produrre musica, pubblicando il suo nuovo disco &#8220;La matematica dei rami&#8221;,<br \/>\nprodotto insieme alla Magical Mystery Band, tra underground e pop, elettronica e rock.<br \/>\nGazz\u00e8, dopo essere stato il primo a tornare sul palco la scorsa estate per far ripartire la filiera della<br \/>\nmusica live, sfiorando le 30 date, ed essere sceso in piazza per dare voce alla categoria dei<br \/>\nlavoratori dello spettacolo, \u00e8 pronto a far suonare live i nuovi brani insieme ai suoi straordinari<br \/>\nmusicisti: Max Dedo ai fiati, Cristiano Micalizzi alla batteria, Clemente Ferrari alle tastiere, Daniele<br \/>\nFiaschi alle chitarre.<br \/>\ninformazioni e biglietti 090\/343818<\/p>\n<p>FIORELLA MANNOIA<br \/>\n8 AGOSTO 2021 \u2013 ARENA VILLA DANTE ORE 21.30<br \/>\nQuest\u2019estate Fiorella Mannoia torna in concerto con il suo \u201cPADRONI DI NIENTE TOUR\u201d! A partire<br \/>\nda luglio, Fiorella calcher\u00e0 i palchi delle principali venue all\u2019aperto di tutta Italia dove,<br \/>\naccompagnata dalla sua band, interpreter\u00e0 live i brani del suo ultimo album di inediti \u201cPadroni di<br \/>\nniente\u201d e le canzoni pi\u00f9 amate del suo repertorio.<br \/>\n\u00abDare questa notizia per me \u00e8 una gioia immensa. Quest\u2019estate ripartiamo: finalmente ci<br \/>\nrivedremo, si torna a fare concerti sui palchi di tutta Italia \u2013 dichiara Fiorella Mannoia \u2013 Dopo mesi<br \/>\ndi stop, tornare a suonare significa, non solo per me, ma per i musicisti che mi accompagneranno e<br \/>\nper tutte le persone che lavorano alla macchina di un tour, tornare a lavorare. E ovviamente<br \/>\ntornare a vedere tutti voi e condividere con voi, in sicurezza, un po\u2019 di normalit\u00e0, oltre che la voglia<br \/>\ndi musica. Sono davvero felice. Stiamo tornando\u00bb.<br \/>\ninformazioni e biglietti 090\/343818<\/p>\n<p>SAMUELE BERSANI<br \/>\n12 AGOSTO 2021 \u2013 ARENA VILLA DANTE ORE 21.30<br \/>\nSamuele Bersani torna sul palco per una serie di concerti speciali all&#8217;interno dei pi\u00f9 presti-giosi<br \/>\nfestival estivi della penisola.<br \/>\nUn \u201ctour estemporaneo\u201d che attraversa l&#8217;Italia e porta la musica di uno degli artisti pi\u00f9 amati di<br \/>\nsempre in un crocevia di suoni, tra le note e le storie dei suoi album precedenti e un piccolo<br \/>\nassaggio, in una versione completamente nuova, di alcune &#8216;sale&#8217; di Cinema Samuele, il suo ultimo<br \/>\napprezzatissimo disco.<br \/>\nNon un vero e proprio tour, ma tanti appuntamenti in location bellissime fatti e pensati per dare<br \/>\nun segnale di reciproco incontro con il suo pubblico.<br \/>\nBersani sar\u00e0 sul palco insieme a 5 musicisti (Tony Pujia e Silvio Masanotti alle chitarre, Stefano<br \/>\nCenci alle tastiere, Davide Beatino al basso, Marco Rovinelli alla batteria) con i quali ridisegner\u00e0<br \/>\nnuove traiettorie dei suoi brani: un live inedito, ricco di quelle canzoni fis-sate nella storia della<br \/>\nmusica, e un artista che non ha bisogno di artefatti effetti speciali perch\u00e8 in concerto \u00e8<br \/>\nesattamente come lo si immagina attraverso i suoi dischi, poetico e diretto, ma capace di colpirti<br \/>\ncon poche note.<br \/>\ninformazioni e biglietti 090\/343818<\/p>\n<p>SUBSONICA<br \/>\n16 AGOSTO 2021 ARENA &#8211; VILLA DANTE ORE 21.30<br \/>\nI Subsonica sono molto felici di annunciare il ritorno sui palchi dal vivo con le prime date &#8211; di una<br \/>\nlunga serie &#8211; del tour estivo che li porter\u00e0 a suonare in tutta Italia.<br \/>\n\u201cQuesto \u00e8 uno di quei comunicati che fa immenso piacere scrivere &#8211; cos\u00ec i Subsonica descrivono il<br \/>\nritorno live &#8211; Stiamo infatti annunciando che torniamo a suonare dal vivo, questa estate. Stiamo<br \/>\nannunciando che rivedremo al lavoro la nostra crew di tecnici e che insieme a loro torneremo a<br \/>\nviaggiare in tutta l\u2019Italia. Con questo tour, infatti, toccheremo anche regioni non raggiunte nei<br \/>\npercorsi degli ultimi anni. Si riparte insomma, e visto che si riparte a 25 anni esatti dall\u2019inizio della<br \/>\nnostra storia, potrebbe essere significativo ritornare un po\u2019 ai groove di quel primissimo<br \/>\n\u201cSubsonica\u201d dalle sonorit\u00e0 che sembrano riscoprirsi oggi cos\u00ec attuali. Non vediamo l\u2019ora di<br \/>\nrivedere i nostri strumenti su un palco, i nostri amici collaboratori e soprattutto il nostro pubblico<br \/>\nche durante tutto questo tempo ha continuato a farci sentire la propria vicinanza\u201d.<br \/>\ninformazioni e biglietti 090\/343818<\/p>\n<p>FRANCESCO RENGA<br \/>\n21 AGOSTO 2021 \u2013 ARENA VILLA DANTE ORE 21.30<br \/>\nEra da un po\u2019 che ci stavamo lavorando&#8230; e io morivo dalla voglia di potervelo comunicare! Questa<br \/>\nestate finalmente dopo pi\u00f9 di un anno potremo ritornare ad \u201cabbracciarci\u201d almeno con lo sguardo,<br \/>\ne certamente con la musica. Ecco qui le prime date di questa meraviglia che finalmente pu\u00f2<br \/>\nricominciare. Sul palco saremo in quattro, sto lavorando ad una scaletta speciale con<br \/>\narrangiamenti speciali, tutti nuovi&#8230; solo per voi. Solo per questa volta. Un modo fantastico per<br \/>\nricominciare insieme, per tornare ad una normalit\u00e0 che per tutti noi significa vita. Non aspettavo<br \/>\naltro, e spero di potervi finalmente rivedere tutti&#8230; e ricominciare il nostro viaggio tra musica e<br \/>\nparole. Ricominciare a ridere, piangere&#8230; emozionarci insieme. Un modo per ringraziarvi tutti per<br \/>\nquanto avete fatto per me in questo periodo cos\u00ec triste \u00e8 strano per tutti&#8230; mi avete fatto sentire<br \/>\nmeno solo, mi avete fatto sentire ancora vivo! Adesso \u00e8 il momento!<br \/>\nQueste le parole di Francesco Renga che sar\u00e0 accompagnato dal suo Acoustic trio composto da<br \/>\nFulvio Arnoldi (chitarra acustica e tastiere), Vincenzo Messina (pianoforte e tastiere) e Stefano<br \/>\nBrandoni (chitarre).<br \/>\ninformazioni e biglietti 090\/343818<\/p>\n","protected":false},"excerpt":{"rendered":"<p>Ecco il calendario degli eventi all\u2019Arena Villa Dante di Messina presentato in conferenza stampa. MARIO VENUTI &#8211; 24 LUGLIO (a cura de Il Botteghino) MAX GAZZ\u00c8 \u2013 7 AGOSTO (a<\/p>\n<div><a class=\"permalink\" href=\"https:\/\/www.radioempire.it\/index.php\/2021\/05\/24\/messina-calendario-eventi-arena-villa-dante\/\">Read More&#8230;<\/a><\/div>\n","protected":false},"author":2,"featured_media":23737,"comment_status":"closed","ping_status":"closed","sticky":false,"template":"","format":"standard","meta":[],"categories":[3,36],"tags":[],"_links":{"self":[{"href":"https:\/\/www.radioempire.it\/index.php\/wp-json\/wp\/v2\/posts\/23736"}],"collection":[{"href":"https:\/\/www.radioempire.it\/index.php\/wp-json\/wp\/v2\/posts"}],"about":[{"href":"https:\/\/www.radioempire.it\/index.php\/wp-json\/wp\/v2\/types\/post"}],"author":[{"embeddable":true,"href":"https:\/\/www.radioempire.it\/index.php\/wp-json\/wp\/v2\/users\/2"}],"replies":[{"embeddable":true,"href":"https:\/\/www.radioempire.it\/index.php\/wp-json\/wp\/v2\/comments?post=23736"}],"version-history":[{"count":1,"href":"https:\/\/www.radioempire.it\/index.php\/wp-json\/wp\/v2\/posts\/23736\/revisions"}],"predecessor-version":[{"id":23738,"href":"https:\/\/www.radioempire.it\/index.php\/wp-json\/wp\/v2\/posts\/23736\/revisions\/23738"}],"wp:featuredmedia":[{"embeddable":true,"href":"https:\/\/www.radioempire.it\/index.php\/wp-json\/wp\/v2\/media\/23737"}],"wp:attachment":[{"href":"https:\/\/www.radioempire.it\/index.php\/wp-json\/wp\/v2\/media?parent=23736"}],"wp:term":[{"taxonomy":"category","embeddable":true,"href":"https:\/\/www.radioempire.it\/index.php\/wp-json\/wp\/v2\/categories?post=23736"},{"taxonomy":"post_tag","embeddable":true,"href":"https:\/\/www.radioempire.it\/index.php\/wp-json\/wp\/v2\/tags?post=23736"}],"curies":[{"name":"wp","href":"https:\/\/api.w.org\/{rel}","templated":true}]}}