{"id":25224,"date":"2021-08-05T13:19:20","date_gmt":"2021-08-05T13:19:20","guid":{"rendered":"https:\/\/www.radioempire.it\/?p=25224"},"modified":"2021-08-05T13:19:20","modified_gmt":"2021-08-05T13:19:20","slug":"green-pass-meglio-che-chiudere-ma-si-rischia-di-penalizzare-sempre-i-soliti","status":"publish","type":"post","link":"https:\/\/www.radioempire.it\/index.php\/2021\/08\/05\/green-pass-meglio-che-chiudere-ma-si-rischia-di-penalizzare-sempre-i-soliti\/","title":{"rendered":"Green pass meglio che chiudere, ma si rischia di penalizzare sempre i soliti"},"content":{"rendered":"<p>\u201cDa domani entra in vigore l&#8217;obbligo del green pass. Ci adegueremo anche a questo che rappresenta al momento l&#8217;unica strada percorribile per contenere la pandemia e dunque evitare ulteriori chiusure forzate alle attivit\u00e0 gi\u00e0 duramente colpite dal lockdown\u201d. Cos\u00ec il presidente di Confesercenti Messina Alberto Palella.<\/p>\n<p>Il green pass, tuttavia, non sar\u00e0 di certo una soluzione indolore e avr\u00e0 un grave impatto sulle imprese. Secondo una stima di Confesercenti Nazionale, infatti,  restringere l\u2019accesso ai soli possessori del certificato verde rischia di far perdere in tutta Italia 1,5 miliardi di fatturato alle attivit\u00e0 turistiche e pubblici esercizi, con una perdita di 300 milioni di euro di fatturato per i soli bar e ristoranti. <\/p>\n<p>\u201cUn altro aspetto da non sottovalutare, come ho sottolineato durante un incontro avuto ieri con il Prefetto di Messina, \u00e8 la platea a cui \u00e8 destinato l&#8217;obbligo del green pass. Se questo tipo d&#8217;intervento  non verr\u00e0 applicato a tutti i settori che operano al chiuso e che generano presenze importanti, penso ai trasporti e allescuole, ad esempio,  si rischia di vanificare quest&#8217; ulterore sacrificio che viene richiesto alle attivit\u00e0 economiche. Ad essere penalizzati, conclude Palella, saranno sempre i soliti noti, con in testa il settore della ristorazione, che ha gi\u00e0 registato perdite ingenti non solo in termini di fatturato, ma anche di occupazione\u201d.<\/p>\n","protected":false},"excerpt":{"rendered":"<p>\u201cDa domani entra in vigore l&#8217;obbligo del green pass. Ci adegueremo anche a questo che rappresenta al momento l&#8217;unica strada percorribile per contenere la pandemia e dunque evitare ulteriori chiusure<\/p>\n<div><a class=\"permalink\" href=\"https:\/\/www.radioempire.it\/index.php\/2021\/08\/05\/green-pass-meglio-che-chiudere-ma-si-rischia-di-penalizzare-sempre-i-soliti\/\">Read More&#8230;<\/a><\/div>\n","protected":false},"author":2,"featured_media":25225,"comment_status":"closed","ping_status":"closed","sticky":false,"template":"","format":"standard","meta":[],"categories":[3,36,1],"tags":[],"_links":{"self":[{"href":"https:\/\/www.radioempire.it\/index.php\/wp-json\/wp\/v2\/posts\/25224"}],"collection":[{"href":"https:\/\/www.radioempire.it\/index.php\/wp-json\/wp\/v2\/posts"}],"about":[{"href":"https:\/\/www.radioempire.it\/index.php\/wp-json\/wp\/v2\/types\/post"}],"author":[{"embeddable":true,"href":"https:\/\/www.radioempire.it\/index.php\/wp-json\/wp\/v2\/users\/2"}],"replies":[{"embeddable":true,"href":"https:\/\/www.radioempire.it\/index.php\/wp-json\/wp\/v2\/comments?post=25224"}],"version-history":[{"count":1,"href":"https:\/\/www.radioempire.it\/index.php\/wp-json\/wp\/v2\/posts\/25224\/revisions"}],"predecessor-version":[{"id":25226,"href":"https:\/\/www.radioempire.it\/index.php\/wp-json\/wp\/v2\/posts\/25224\/revisions\/25226"}],"wp:featuredmedia":[{"embeddable":true,"href":"https:\/\/www.radioempire.it\/index.php\/wp-json\/wp\/v2\/media\/25225"}],"wp:attachment":[{"href":"https:\/\/www.radioempire.it\/index.php\/wp-json\/wp\/v2\/media?parent=25224"}],"wp:term":[{"taxonomy":"category","embeddable":true,"href":"https:\/\/www.radioempire.it\/index.php\/wp-json\/wp\/v2\/categories?post=25224"},{"taxonomy":"post_tag","embeddable":true,"href":"https:\/\/www.radioempire.it\/index.php\/wp-json\/wp\/v2\/tags?post=25224"}],"curies":[{"name":"wp","href":"https:\/\/api.w.org\/{rel}","templated":true}]}}