{"id":25253,"date":"2021-08-06T19:52:31","date_gmt":"2021-08-06T19:52:31","guid":{"rendered":"https:\/\/www.radioempire.it\/?p=25253"},"modified":"2021-08-06T19:52:31","modified_gmt":"2021-08-06T19:52:31","slug":"il-18rally-del-tirreno-pronto-alle-grandi-sfide-giuseppe-nucita-mira-a-posizioni-di-vertice","status":"publish","type":"post","link":"https:\/\/www.radioempire.it\/index.php\/2021\/08\/06\/il-18rally-del-tirreno-pronto-alle-grandi-sfide-giuseppe-nucita-mira-a-posizioni-di-vertice\/","title":{"rendered":"Il 18\u00b0Rally del Tirreno pronto alle grandi sfide, Giuseppe Nucita mira a posizioni di vertice."},"content":{"rendered":"<p>Nella classe regina dell\u2019appuntamento di Coppa Rally 8^ Zona a confronto Alessio Profeta, vincitore dell&#8217;ultima edizione e Marcello Calandrino entrambi su Skoda Fabia. Puntano al Top Giuseppe Nucita, Bartolomeo Mistretta e Salvatore De Grazia. Nel TRZ storico spiccano le tre Porsche di Lombardo, Savioli e Di Lorenzo. Il via alle 0.00 di domenica e l&#8217;arrivo alle 9.05 a Villafranca Tirrena<\/p>\n<p>Villafranca Tirrena (ME) 05 agosto. Cresce l&#8217;attesa in vista dell\u2019entrata nel vivo del 18\u00b0 Rally del Tirreno. Con la pubblicazione di un elenco iscritti di alto livello per nomi e vetture in gara sale, infatti, la tensione e si cominciano a contare le ore che mancano al via del quarto appuntamento col CRZ e col TRZ per il quale 118 equipaggi hanno fatto pervenire alla Top Competition, che organizza l&#8217;evento, le loro adesioni. Al vertice del lungo elenco, due nomi lontani per generazioni, quello del giovane palermitano Alessio Profeta, affiancato da Sergio Raccuia vincitori della precedente edizione del \u201cTirreno\u201d,  e quello dell\u2019esperto alcamese Marcello Calandrino, che per l&#8217;occasione sar\u00e0 coadiuvato da Mirko Lo Piano. Entrambi gli equipaggi con le Skoda Fabia R5, quella di Profeta con cui sta prendendo parte al Cir, in versione EVO.<br \/>\nMirano a posizioni di vertice anche Giuseppe Nucita e Bartolomeo Mistretta. Il pi\u00f9 grande dei fratelli Nucita lascia le note del Cir e prende per l&#8217;occasione il volante della Ford Fiesta Mk8 di classe R2B con i colori del team Phoenix. Il driver di Santa Teresa Riva sar\u00e0 affiancato da Bernardo Di Caro.<br \/>\n<img loading=\"lazy\" src=\"https:\/\/www.radioempire.it\/wp-content\/uploads\/2021\/08\/Mistretta-300x191.jpg\" alt=\"\" width=\"300\" height=\"191\" class=\"alignleft size-medium wp-image-25255\" srcset=\"https:\/\/www.radioempire.it\/wp-content\/uploads\/2021\/08\/Mistretta-300x191.jpg 300w, https:\/\/www.radioempire.it\/wp-content\/uploads\/2021\/08\/Mistretta.jpg 700w\" sizes=\"(max-width: 300px) 100vw, 300px\" \/>Altro pilota di lungo corso il trapanese Bartolomeo Mistretta navigato qui dal locale Alessandro Anastasi sulla Renault Clio R3C dell&#8217;ASD Team Del Mago.<br \/>\nPartono con buone ambizioni i due equipaggi delle Super 2000 sulle Peugeot 207, quello composto dal trapanese Andrea Nastasi e dalla padrona di casa Graziella Rappazzo e quello di Salvatore De Grazia, driver con licenza tedesca, ma di evidenti origini tricolori, con alle note Nazzareno Rosa.<br \/>\nAssolo in gruppo R4 per la bella Mitsubishi Lancer Evo IX dell&#8217;ex equipaggio tutto cefaludese formato dall\u2019ex kartista Antonio Damiani e dall\u2019esperto Giuseppe Li Vecchi.<br \/>\nSi preannuncia emozionante la sfida anche tra le Super 1600, dove con due Renault Clio entrambi sotto le insegne della Scuderia Sunbeam M .Sport si daranno battaglia Carmelo Molica Franco, con alle note la laziale Carmen Grandi, e l&#8217;equipaggio di Rometta composto da Giuseppe e Simone Messina.<br \/>\nAssenza annunciata del nisseno, attuale leader del Campionato, Roberto Lombardo,  per motivi personali.<br \/>\nSi ripropone l&#8217;equipaggio formato dai due figli d&#8217;arte: il cerdese Ernesto Riolo alla guida con il palermitano Giorgio Genovese alle note. I due portacolori della Cst Sport disporranno di una Peugeot 208. Con le stesse insegne, la Renault Clio di classe R3C del nisseno Giuseppe Nicoletti.<br \/>\nAppassionante come sempre, la classe R2b che, oltre al gi\u00e0 citato Giuseppe Nucita, vedr\u00e0 al via tanti altri ottimi equipaggi, molti dei quali anche loro su Peugeot 208. Tornano a condividere una vettura da corsa Maurizio Messina e Giuseppe Scibilia con la particolarit\u00e0 che questa volta al volante ci sar\u00e0 il due volte tricolore e Scibilia esordir\u00e0 nel ruolo di copilota.<br \/>\nOttime chance per Rosario Cannino, giovane promettente palermitano, per la conferma messinese Marcello Rizzo e per il castelbuonese Giovanni Barreca, che per\u00f2 sar\u00e0 al volante di una Renault Twingo.<br \/>\nAffollata anche la classe A7 dove sempre protagonisti, saranno Nazareno Pellitteri e Tindaro Previti, entrambi con le Renault Clio e tanti altri competitivi equipaggi messinesi. Sempre in gr. A occhi puntati in classe A6 sul nisseno Salvatore Pio Scannella con la Peugeot 106, in K10 sul messinese Antonino Armaleo,  con la Citroen Sax\u00f2 in versione Kit e in A5 su Silvestro Vella con la MG Rover ZR 105.<br \/>\nPunta dritto alla vittoria in gruppo N l&#8217;equipaggio della CST Sport composto da Giovanni Catania e Rosario Siragusano con la Renault Clio di classe N3, mentre nella N2, che conta ben 19 equipaggi al via sono tanti i driver che cercano il successo di classe e fra questi  \u201cquotati\u201d l\u2019agrigentino di Mussomeli Salvatore Farina e il locale Giuseppe Gangemi, entrambi su Peugeot 106.<br \/>\nFra le vetture di classe Racing Start nella PLUS  risalta il nome di Paolo Celi, gi\u00e0 campione di zona, che sar\u00e0 al volante di una Citroen Sax\u00f2 Vts.<br \/>\nCon la stessa vettura ma di categoria RS da sottolineare la presenza storica di Antonino Bertuccio, driver di lungo corso.<br \/>\nA calamitare l\u2019attenzione fra le vetture storiche saranno tre Porsche due delle quali di terzo raggruppamento. Per la Ro Racing l&#8217;equipaggio cefaludese composto da Mauro Lombardo e Rosario Merendino e per l\u2019Island Motorsport quello dei corleonesi Antonio Di Lorenzo e Francesco Cardella. Sotto le luci della notte del Tirreno si riforma un grande equipaggio del passato: Marco Savioli e Davis, che disporranno della terza vettura di Stoccarda in gara con i colori del Team Bassano.<br \/>\nIl primo di questo lungo elenco prender\u00e0 il via alla mezzanotte di domenica dall&#8217;Ex Area Pirelli che sar\u00e0 anche sede del parco assistenza e di arrivo, previsto alle 09.05  <\/p>\n","protected":false},"excerpt":{"rendered":"<p>Nella classe regina dell\u2019appuntamento di Coppa Rally 8^ Zona a confronto Alessio Profeta, vincitore dell&#8217;ultima edizione e Marcello Calandrino entrambi su Skoda Fabia. Puntano al Top Giuseppe Nucita, Bartolomeo Mistretta<\/p>\n<div><a class=\"permalink\" href=\"https:\/\/www.radioempire.it\/index.php\/2021\/08\/06\/il-18rally-del-tirreno-pronto-alle-grandi-sfide-giuseppe-nucita-mira-a-posizioni-di-vertice\/\">Read More&#8230;<\/a><\/div>\n","protected":false},"author":2,"featured_media":25254,"comment_status":"closed","ping_status":"closed","sticky":false,"template":"","format":"standard","meta":[],"categories":[3,36],"tags":[],"_links":{"self":[{"href":"https:\/\/www.radioempire.it\/index.php\/wp-json\/wp\/v2\/posts\/25253"}],"collection":[{"href":"https:\/\/www.radioempire.it\/index.php\/wp-json\/wp\/v2\/posts"}],"about":[{"href":"https:\/\/www.radioempire.it\/index.php\/wp-json\/wp\/v2\/types\/post"}],"author":[{"embeddable":true,"href":"https:\/\/www.radioempire.it\/index.php\/wp-json\/wp\/v2\/users\/2"}],"replies":[{"embeddable":true,"href":"https:\/\/www.radioempire.it\/index.php\/wp-json\/wp\/v2\/comments?post=25253"}],"version-history":[{"count":1,"href":"https:\/\/www.radioempire.it\/index.php\/wp-json\/wp\/v2\/posts\/25253\/revisions"}],"predecessor-version":[{"id":25256,"href":"https:\/\/www.radioempire.it\/index.php\/wp-json\/wp\/v2\/posts\/25253\/revisions\/25256"}],"wp:featuredmedia":[{"embeddable":true,"href":"https:\/\/www.radioempire.it\/index.php\/wp-json\/wp\/v2\/media\/25254"}],"wp:attachment":[{"href":"https:\/\/www.radioempire.it\/index.php\/wp-json\/wp\/v2\/media?parent=25253"}],"wp:term":[{"taxonomy":"category","embeddable":true,"href":"https:\/\/www.radioempire.it\/index.php\/wp-json\/wp\/v2\/categories?post=25253"},{"taxonomy":"post_tag","embeddable":true,"href":"https:\/\/www.radioempire.it\/index.php\/wp-json\/wp\/v2\/tags?post=25253"}],"curies":[{"name":"wp","href":"https:\/\/api.w.org\/{rel}","templated":true}]}}