{"id":25294,"date":"2021-08-09T14:41:18","date_gmt":"2021-08-09T14:41:18","guid":{"rendered":"https:\/\/www.radioempire.it\/?p=25294"},"modified":"2021-08-09T14:41:18","modified_gmt":"2021-08-09T14:41:18","slug":"puntalazzo-jazz-festival-al-via-con-eddie-gomez-il-decano-del-jazz-felice-di-suonare-in-sicilia-in-un-trio-meraviglioso","status":"publish","type":"post","link":"https:\/\/www.radioempire.it\/index.php\/2021\/08\/09\/puntalazzo-jazz-festival-al-via-con-eddie-gomez-il-decano-del-jazz-felice-di-suonare-in-sicilia-in-un-trio-meraviglioso\/","title":{"rendered":"Puntalazzo Jazz Festival, al via con Eddie G\u00f3mez, il decano del jazz: \u00abFelice di suonare in Sicilia in un trio meraviglioso\u00bb"},"content":{"rendered":"<p><strong>PUNTALAZZO JAZZ FESTIVAL<\/strong><br \/>\nL\u2019edizione 2021 della kermesse internazionale ospitata nell\u2019anfiteatro lavico di Puntalazzo di Mascali debutta il 9 agosto con l\u2019Eddie G\u00f3mez Trio. Con il leggendario contrabbassista portoricano, newyorkese d\u2019adozione, suoneranno due palermitani dalla caratura internazionale come Salvatore Bonafede al pianoforte e Marcello Pellitteri alla batteria<\/p>\n<p>Grazie al Puntalazzo Jazz Festival, il grande jazz torna sull\u2019Etna: 9, 11 e 13 agosto sono le giornate della edizione 2021 della kermesse jazz internazionale dell\u2019etnea Puntalazzo di Mascali, organizzato dall\u2019associazione Puntalazzo Open Art, con la direzione artistica di Luigi Monterosso (ideatore) e di Lorenzo Jocolano Spagna (consulente musicale), diventata una recente tradizione per gli amanti della musica afroamericana.<br \/>\n<img loading=\"lazy\" src=\"https:\/\/www.radioempire.it\/wp-content\/uploads\/2021\/08\/Marcello-Pellitteri-300x156.jpeg\" alt=\"\" width=\"300\" height=\"156\" class=\"alignleft size-medium wp-image-25296\" srcset=\"https:\/\/www.radioempire.it\/wp-content\/uploads\/2021\/08\/Marcello-Pellitteri-300x156.jpeg 300w, https:\/\/www.radioempire.it\/wp-content\/uploads\/2021\/08\/Marcello-Pellitteri.jpeg 660w\" sizes=\"(max-width: 300px) 100vw, 300px\" \/>Debutto in grande stile per Puntalazzo jazz festival 2021 con il concerto dell\u2019Eddie Gom\u00e9z Trio. La formazione: Eddie G\u00f3mez contrabbasso, Salvatore Bonafede pianoforte, Marcello Pellitteri batteria. Il leggendario bassista portoricano Eddie Gomez, due volte vincitore del Grammy Award, \u00e8 stato all&#8217;avanguardia della musica per oltre quattro decenni. Il suo impressionante curriculum include collaborazioni con giganti del jazz come Miles Davis, Dizzy Gillespie, Bill Evans, Gerry Mulligan, Chick Corea, Benny Goodman. Il suono e lo stile unici di Eddie possono essere ascoltati su molti dischi vincitori di Grammy cos\u00ec come su centinaia di registrazioni che abbracciano il mondo del jazz, della classica, del latin jazz, del rhythm &#038; blues, della musica popolare e contemporanea.<br \/>\nEntrare nel 1966 a far parte del Bill Evans Trio \u00e8 stato un punto di svolta nella carriera di Eddie. Per 11 anni, Eddie ha giocato un ruolo fondamentale nel suono e nell&#8217;evoluzione del Bill Evans Trio. Questo periodo di grande crescita artistica con il pianista Bill Evans ha incluso esibizioni negli Stati Uniti, in Europa, in Sud America e in Asia, oltre a dozzine di registrazioni, due delle quali hanno vinto Grammy Awards. Durante questo periodo, Eddie realizz\u00f2 anche un altro sogno esibendosi in molte occasioni con il grande Miles Davis, nel quintetto di Davis che comprendeva anche Wayne Shorter, Herbie Hancock e Tony Williams. Nel 1977, Gomez lasci\u00f2 l&#8217;Evans Trio per esplorare nuovi territori musicali. Nel decennio successivo si \u00e8 esibito in molti contesti musicali diversi, lavorando con Dizzy Gillespie, Freddie Hubbard, George Benson, McCoy Tyner, Hank Jones, Nancy Wilson, Tanya Maria, i gruppi All Star \u201cSteps Ahead\u201d e \u201cNew Directions\u201d e molti altri, cos\u00ec come sulle registrazioni vincitrici di Grammy con Chick Corea.<br \/>\n<img loading=\"lazy\" src=\"https:\/\/www.radioempire.it\/wp-content\/uploads\/2021\/08\/Salvatore-Bonafede-300x200.jpg\" alt=\"\" width=\"300\" height=\"200\" class=\"alignleft size-medium wp-image-25297\" srcset=\"https:\/\/www.radioempire.it\/wp-content\/uploads\/2021\/08\/Salvatore-Bonafede-300x200.jpg 300w, https:\/\/www.radioempire.it\/wp-content\/uploads\/2021\/08\/Salvatore-Bonafede-1024x682.jpg 1024w, https:\/\/www.radioempire.it\/wp-content\/uploads\/2021\/08\/Salvatore-Bonafede-768x512.jpg 768w, https:\/\/www.radioempire.it\/wp-content\/uploads\/2021\/08\/Salvatore-Bonafede-1536x1024.jpg 1536w, https:\/\/www.radioempire.it\/wp-content\/uploads\/2021\/08\/Salvatore-Bonafede.jpg 1772w\" sizes=\"(max-width: 300px) 100vw, 300px\" \/>\u00abSono molto felice di suonare di nuovo con Salvatore Bonafede, uno dei musicisti e compositori che amo di pi\u00f9 al mondo, un artista speciale con una spiccata sensibilit\u00e0 \u2013 commenta Gomez -. E pi\u00f9 suoniamo insieme e maggiormente lo apprezzo. Mi piace l\u2019interazione musicale con lui ma lo apprezzo anche dal punto di vista personale. Marcello (Pellitteri nda) \u00e8 un altro musicista stupendo e non vedo l\u2019ora di suonare con loro. E\u2019 un trio meraviglioso, sar\u00e0 un grande piacere per me. Io da buon portoricano mi sentir\u00f2 pi\u00f9 vicino al sentimento siciliano di questi giorni (i tre suoneranno anche il 10 agosto a Palermo ed il 12 agosto ad Agrigento nda). Portorico \u00e8 un\u2019isola piccolina per certi versi simile alla Sicilia. Non vanta le tante culture che si sono incrociate nella storia siciliana ma qualcosa di simile \u00e8 accaduto anche a Portorico\u00bb.<br \/>\nL\u2019immagine che caratterizza la lunga carriera di Gomez \u00e8 certamente l\u2019aver fatto parte per pi\u00f9 di 10 anni del Bill Evans Trio. Altri geni del jazz hanno attraversato la sua strada, Miles Davis o Chick Corea per ricordarne solo un paio, ma Evans fu veramente speciale per il contrabbassista portoricano. \u00abBill Evans ha colpito in maniera profonda molti musicisti, la sua era una speciale capacit\u00e0 di comunicare profondamente con la musica. E\u2019 stata una vera benedizione poter suonare con lui cos\u00ec a lungo, non si finiva mai di imparare. Lo stesso \u00e8 stato con Miles ma per un periodo breve, con Bill dur\u00f2 a lungo. Fu un periodo veramente esplosivo\u00bb.<br \/>\nL\u2019edizione 2021 di Puntalazzo Jazz Festival, come di consueto, si svolger\u00e0 sul palco naturale dell\u2019Azienda Costa Sovere a Puntalazzo di Mascali. Puntalazzo Jazz Festival si svolge all\u2019interno dell\u2019azienda agricola Costa Sovere in un anfiteatro naturale ricavato in un anfratto nato dalla colata lavica del 1928 (quella famosa che raggiunse Mascali) divenuto palcoscenico. Puntalazzo Jazz festival \u00e8 anche area food. Come \u00e8 noto il cibo cambia agli occhi di chi lo mangia se c\u2019\u00e8 un particolare tipo di musica ad accompagnarlo. Stesso discorso per un buon bicchiere di vino. La musica distende e rilassa e rende il tutto pi\u00f9 conviviale. A #puntalazzojazzfestival2021 il cibo e il vino saranno protagonisti al pari della musica. A cominciare dalle ore 20, le tre serate di musica avranno il buon sapore dell&#8217;area food dove si potranno degustare i vini delle Cantine Russo di Solicchiata e le pietanza preparate da PeriPeri Bar-Gastronomia-Pasticceria di Giarre.<\/p>\n<p>Il programma del Puntalazzo Jazz festival<br \/>\n9 agosto, h 21 Eddie Gomez Trio (Eddie Gomez contrabbasso; Salvatore Bonafede pianoforte; Marcello Pellitteri batteria)<br \/>\n11 agosto, h 21 Seamus Blake meets Kevin Hays (Seamus Blake sax tenore, Kevin Hays pianoforte); 13 agosto, h 21 Gaetano Spart\u00e0 Quartet (Gaetano Spart\u00e0 pianoforte; Marco Caruso sax contralto; Carmelo Venuto contrabbasso; Emanuele Primavera batteria); 13 agosto, h 22.30 Marco Panasc\u00eca e Dario Deidda Bass Duo (Marco Panasc\u00eca contrabbasso; Dario Deidda basso elettrico).<\/p>\n","protected":false},"excerpt":{"rendered":"<p>PUNTALAZZO JAZZ FESTIVAL L\u2019edizione 2021 della kermesse internazionale ospitata nell\u2019anfiteatro lavico di Puntalazzo di Mascali debutta il 9 agosto con l\u2019Eddie G\u00f3mez Trio. Con il leggendario contrabbassista portoricano, newyorkese d\u2019adozione,<\/p>\n<div><a class=\"permalink\" href=\"https:\/\/www.radioempire.it\/index.php\/2021\/08\/09\/puntalazzo-jazz-festival-al-via-con-eddie-gomez-il-decano-del-jazz-felice-di-suonare-in-sicilia-in-un-trio-meraviglioso\/\">Read More&#8230;<\/a><\/div>\n","protected":false},"author":2,"featured_media":25295,"comment_status":"closed","ping_status":"closed","sticky":false,"template":"","format":"standard","meta":[],"categories":[3,36],"tags":[],"_links":{"self":[{"href":"https:\/\/www.radioempire.it\/index.php\/wp-json\/wp\/v2\/posts\/25294"}],"collection":[{"href":"https:\/\/www.radioempire.it\/index.php\/wp-json\/wp\/v2\/posts"}],"about":[{"href":"https:\/\/www.radioempire.it\/index.php\/wp-json\/wp\/v2\/types\/post"}],"author":[{"embeddable":true,"href":"https:\/\/www.radioempire.it\/index.php\/wp-json\/wp\/v2\/users\/2"}],"replies":[{"embeddable":true,"href":"https:\/\/www.radioempire.it\/index.php\/wp-json\/wp\/v2\/comments?post=25294"}],"version-history":[{"count":1,"href":"https:\/\/www.radioempire.it\/index.php\/wp-json\/wp\/v2\/posts\/25294\/revisions"}],"predecessor-version":[{"id":25298,"href":"https:\/\/www.radioempire.it\/index.php\/wp-json\/wp\/v2\/posts\/25294\/revisions\/25298"}],"wp:featuredmedia":[{"embeddable":true,"href":"https:\/\/www.radioempire.it\/index.php\/wp-json\/wp\/v2\/media\/25295"}],"wp:attachment":[{"href":"https:\/\/www.radioempire.it\/index.php\/wp-json\/wp\/v2\/media?parent=25294"}],"wp:term":[{"taxonomy":"category","embeddable":true,"href":"https:\/\/www.radioempire.it\/index.php\/wp-json\/wp\/v2\/categories?post=25294"},{"taxonomy":"post_tag","embeddable":true,"href":"https:\/\/www.radioempire.it\/index.php\/wp-json\/wp\/v2\/tags?post=25294"}],"curies":[{"name":"wp","href":"https:\/\/api.w.org\/{rel}","templated":true}]}}