{"id":25317,"date":"2021-08-10T09:05:50","date_gmt":"2021-08-10T09:05:50","guid":{"rendered":"https:\/\/www.radioempire.it\/?p=25317"},"modified":"2021-08-10T09:15:15","modified_gmt":"2021-08-10T09:15:15","slug":"lopera-tango-di-piazzolla-infiamma-il-giardino-bellini-di-catania","status":"publish","type":"post","link":"https:\/\/www.radioempire.it\/index.php\/2021\/08\/10\/lopera-tango-di-piazzolla-infiamma-il-giardino-bellini-di-catania\/","title":{"rendered":"L&#8217;OPERA TANGO DI PIAZZOLLA INFIAMMA IL GIARDINO BELLINI DI CATANIA"},"content":{"rendered":"<p>Il 10 Agosto, alle 21, il capolavoro di Astor Piazzolla, MARIA DE BUENOS AIRES, travolger\u00e0 con i suoi ritmi argentini il cuore verde della citt\u00e0 di Catania.<\/p>\n<p>Il prossimo 10 Agosto, alle 21, in esclusiva per tutta la Sicilia orientale sar\u00e0 rappresentato il capolavoro di Astor Piazzolla, Maria de Buenos Aires, presso il Giardino Bellini di Catania per celebrare il centenario di Astor Piazzolla, straordinario compositore argentino di fama mondiale.<\/p>\n<p>Tra i suoi capolavori meglio riusciti, unica opera tango composta, Maria de Buenos Aires rappresenta la summa della produzione musicale del grande musicista.<\/p>\n<p>Operita tango, come lui stesso la definisce, ispirata alla cantante Milva, parla di Maria, prostituta della citt\u00e0 di Buenos Aires, che viene rapita dal tango e, infine, uccisa. Prima si aggirer\u00e0 come ombra per le vie della citt\u00e0 argentina, poi partorir\u00e0 s\u00e9 stessa, rinascendo a vita nuova. La trama \u00e8 particolarmente surreale e prevede anche un payador, un folletto che fa da voce narrante, alcune marionette sotto il suo controllo, e degli psicanalisti, che si muovono sul palcoscenico a ritmo di tango.<\/p>\n<p>Sar\u00e0 la profonda e viscerale voce narrante di Alessandro Haber, nei panni del Duende, surreale elfo presente nel libretto originale di Horacio Ferrer, a raccontare e a far vivere le sorti di Maria di Buenos Aires.<br \/>\nL&#8217;opera tango sar\u00e0 sostenuta dall&#8217;Orchestra Filarmonica della Calabria diretta da Filippo Arlia che impreziosir\u00e0 e suggeller\u00e0 la complessa scrittura di Piazzolla.<br \/>\nLa frizzante partitura del grande musicista argentino vedr\u00e0 nei panni della protagonista Ce Suarez Paz, figlia dello storico violinista di Piazzolla e in quelli del Payador Alberto Munaf\u00f2 Siragusa.<\/p>\n<p>L&#8217;opera sar\u00e0 rappresentata, per la prima volta, in forma scenica completa in un sontuoso, accattivante e inedito allestimento firmato Orchestra Filarmonica della Calabria con la regia del vulcanico Giandomenico Vaccari.<\/p>\n<p><img loading=\"lazy\" src=\"https:\/\/www.radioempire.it\/wp-content\/uploads\/2021\/08\/CE-SUAREZ-PAZ-ARLIA-300x200.jpg\" alt=\"\" width=\"300\" height=\"200\" class=\"alignleft size-medium wp-image-25318\" srcset=\"https:\/\/www.radioempire.it\/wp-content\/uploads\/2021\/08\/CE-SUAREZ-PAZ-ARLIA-300x200.jpg 300w, https:\/\/www.radioempire.it\/wp-content\/uploads\/2021\/08\/CE-SUAREZ-PAZ-ARLIA.jpg 600w\" sizes=\"(max-width: 300px) 100vw, 300px\" \/>Anche quest&#8217;anno, il Festival Lirico dei Teatri di Pietra, che prevede un enorme dispiegamento di oltre 200 tra artisti e maestranze, ha ottenuto i pi\u00f9 prestigiosi patrocini, tra cui spiccano quello del Parlamento Europeo, del Presidente del Senato e del Presidente della Camera e ha ottenuto il prestigioso marchio Effe Label, che viene dato ai festival pi\u00f9 prestigiosi d&#8217;Europa. <\/p>\n<p>Il fil rouge su cui si fonda l&#8217;edizione 2021 \u00e8 il tema dell\u2019incontro, quel contatto che ci \u00e8 stato negato a causa della pandemia, ma di cui tutti abbiamo bisogno.<br \/>\nE\u2019 questa la mission della terza edizione del \u201cFestival Lirico dei Teatri di Pietra\u201d: trasmettere la bellezza dell\u2019arte e della cultura per favorire la ricchezza dell\u2019incontro e del confronto tra le persone e le proprie identit\u00e0; un incontro fecondo e vitale tra antichit\u00e0 e contemporaneit\u00e0, tra arte e individui, capace di rigenerare le comunit\u00e0 attraverso l&#8217;incanto dello spettacolo.<br \/>\nRipartire, dunque, dal nostro passato, dall\u2019arte, dalla cultura, dalla musica, per ritrovare quella \u201cvicinanza\u201d indispensabile per guardare, con fiducia, a un futuro che \u00e8 prodigo di speranza e di bellezza.<\/p>\n<p>Posti in special promotion (terzo settore) a 10 euro acquistabili presso tutti i punti vendita Ticketone, Tickettando e Posto riservato (posti limitati acquistabili anche al seguente link https:\/\/bit.ly\/3jyT77N).<\/p>\n<p>Festival Lirico dei Teatri di Pietra: potete girare il mondo, o venire a visitarlo, in Sicilia!<\/p>\n","protected":false},"excerpt":{"rendered":"<p>Il 10 Agosto, alle 21, il capolavoro di Astor Piazzolla, MARIA DE BUENOS AIRES, travolger\u00e0 con i suoi ritmi argentini il cuore verde della citt\u00e0 di Catania. Il prossimo 10<\/p>\n<div><a class=\"permalink\" href=\"https:\/\/www.radioempire.it\/index.php\/2021\/08\/10\/lopera-tango-di-piazzolla-infiamma-il-giardino-bellini-di-catania\/\">Read More&#8230;<\/a><\/div>\n","protected":false},"author":2,"featured_media":25319,"comment_status":"closed","ping_status":"closed","sticky":false,"template":"","format":"standard","meta":[],"categories":[3,36],"tags":[],"_links":{"self":[{"href":"https:\/\/www.radioempire.it\/index.php\/wp-json\/wp\/v2\/posts\/25317"}],"collection":[{"href":"https:\/\/www.radioempire.it\/index.php\/wp-json\/wp\/v2\/posts"}],"about":[{"href":"https:\/\/www.radioempire.it\/index.php\/wp-json\/wp\/v2\/types\/post"}],"author":[{"embeddable":true,"href":"https:\/\/www.radioempire.it\/index.php\/wp-json\/wp\/v2\/users\/2"}],"replies":[{"embeddable":true,"href":"https:\/\/www.radioempire.it\/index.php\/wp-json\/wp\/v2\/comments?post=25317"}],"version-history":[{"count":1,"href":"https:\/\/www.radioempire.it\/index.php\/wp-json\/wp\/v2\/posts\/25317\/revisions"}],"predecessor-version":[{"id":25320,"href":"https:\/\/www.radioempire.it\/index.php\/wp-json\/wp\/v2\/posts\/25317\/revisions\/25320"}],"wp:featuredmedia":[{"embeddable":true,"href":"https:\/\/www.radioempire.it\/index.php\/wp-json\/wp\/v2\/media\/25319"}],"wp:attachment":[{"href":"https:\/\/www.radioempire.it\/index.php\/wp-json\/wp\/v2\/media?parent=25317"}],"wp:term":[{"taxonomy":"category","embeddable":true,"href":"https:\/\/www.radioempire.it\/index.php\/wp-json\/wp\/v2\/categories?post=25317"},{"taxonomy":"post_tag","embeddable":true,"href":"https:\/\/www.radioempire.it\/index.php\/wp-json\/wp\/v2\/tags?post=25317"}],"curies":[{"name":"wp","href":"https:\/\/api.w.org\/{rel}","templated":true}]}}