{"id":2545,"date":"2017-06-20T13:39:46","date_gmt":"2017-06-20T13:39:46","guid":{"rendered":"http:\/\/www.radioempire.it\/?p=2545"},"modified":"2017-06-20T13:39:46","modified_gmt":"2017-06-20T13:39:46","slug":"progetto-voiceu-valorizzare-la-voce-dei-cittadini-per-comprendere-leuroscetticismo","status":"publish","type":"post","link":"https:\/\/www.radioempire.it\/index.php\/2017\/06\/20\/progetto-voiceu-valorizzare-la-voce-dei-cittadini-per-comprendere-leuroscetticismo\/","title":{"rendered":"Progetto VoicEU  \u201cValorizzare la voce dei cittadini per comprendere l&#8217;euroscetticismo\u201d"},"content":{"rendered":"<p>&nbsp;<\/p>\n<p>.<\/p>\n<p>&nbsp;<\/p>\n<p><strong><u>Comunicato stampa &#8211;<\/u><\/strong><\/p>\n<p>Dopo il grande successo e il notevole ritorno d&#8217;immagine ottenuti con il G7, la citt\u00e0 di <strong>Taormina<\/strong> si appresta ad ospitare un altro evento di carattere internazionale. La \u201cPerla dello Jonio\u201d, dal 21 al 25 giugno prossimi, sar\u00e0 infatti sede della seconda delle cinque conferenze europee previste dal <strong>Progetto \u201cVoicEu\u201d<\/strong>, promosso dal <strong>Comune di Taormina<\/strong> nell&#8217;ambito del <strong>Programma \u201cEurope for citizens\u201d<\/strong>. L&#8217;obiettivo dell&#8217;iniziativa, che ha preso ufficialmente il via lo scorso mese di marzo a Santiago di Compostela, in Spagna, \u00e8 quello di riflettere sulle cause che, negli ultimi anni, hanno portato ad una sempre maggiore diffusione di sentimenti antieuropeisti. A confronto si ritroveranno sedici soggetti partner, in rappresentanza di <strong>Italia<\/strong>, <strong>Spagna<\/strong>, <strong>Romania<\/strong>, <strong>Portogallo<\/strong>, <strong>Slovacchia<\/strong>, <strong>Macedonia<\/strong>, <strong>Lituania<\/strong>, <strong>Lettonia<\/strong>, <strong>Ungheria<\/strong>, <strong>Serbia<\/strong>, <strong>Francia<\/strong>, <strong>Grecia<\/strong>, <strong>Estonia<\/strong>, <strong>Bulgaria<\/strong> e <strong>Croazia<\/strong>.<\/p>\n<p>Seminari e workshop previsti dal fitto programma avranno il compito di analizzare le ragioni profonde di un malcontento ormai sempre pi\u00f9 esteso in tutte le nazioni europee. Di pari passo, si valuteranno possibili soluzioni attraverso lo scambio di esperienze, competenze e buone pratiche tra cittadini.<\/p>\n<p><em>\u201cTaormina \u00e8 una citt\u00e0 per sua natura cosmopolita<\/em> \u2013 ha evidenziato il sindaco <strong>Eligio Giardina<\/strong> \u2013 <em>e siamo felicissimi di ospitare questo evento che ritengo far\u00e0 da traino per tutto il comprensorio. Siamo convinti che la strada da percorrere per arrivare alla piena integrazione europea sia quella del dialogo. Occorre sedersi e ragionare tutti insieme, ed \u00e8 quello che faremo insieme ai nostri ospiti\u201d<\/em>. Sulla stessa lunghezza d&#8217;onda il presidente del Consiglio comunale, <strong>Antonio D&#8217;Aveni<\/strong>: \u201cC&#8217;\u00e8 grande soddisfazione da parte mia e dell&#8217;intero Consiglio \u2013 ha sottolineato<\/p>\n<p>\u2013, siamo certi che questa sar\u00e0 un&#8217;occasione di ampio confronto e riflessione su problematiche di sempre pi\u00f9 stretta attualit\u00e0\u201d.<\/p>\n<p>La conferenza europea di <strong>Taormina<\/strong> si aprir\u00e0 <strong>gioved\u00ec 22 giugno<\/strong>, alle 10, nell&#8217;aula consiliare di Palazzo dei Giurati, con il seminario sul tema <strong>\u201cEurope, Communication e Codes\u201d<\/strong>. I lavori saranno introdotti dal sindaco <strong>Giardina<\/strong> e dal presidente <strong>D&#8217;Aveni<\/strong>. Dopo l&#8217;intervento dei vari relatori, le conclusioni saranno affidate all&#8217;assessore <strong>Pina Raneri<\/strong>.<\/p>\n<p>Il <strong>23 giugno<\/strong>, alle 10, sempre nell&#8217;aula consiliare del municipio taorminese, sar\u00e0 invece firmato il <strong>Patto di Fratellanza<\/strong> tra tutti i soggetti partner. La cerimonia sar\u00e0 moderata dalla progettista europea <strong>Beatrice Briguglio<\/strong>.<\/p>\n<p>I lavori del terzo e ultimo giorno si svolgeranno nel pomeriggio di sabato, con inizio alle 15.30. In agenda il workshop <strong>\u201cEurope of the rules and the Europe of the people?\u201d<\/strong>. I lavori saranno introdotti dall&#8217;assessore <strong>Salvo Cilona<\/strong>, mentre la chiusura della sessione toccher\u00e0 all&#8217;assessore <strong>Gaetano Carella<\/strong>.<\/p>\n<p>Le delegazioni partecipanti avranno inoltre l&#8217;opportunit\u00e0 di scoprire, attraverso visite guidate, le impareggiabili bellezze offerte dalla citt\u00e0 di Taormina e dai suoi dintorni.<\/p>\n<p>Dopo la tappa italiana, il<strong> Progetto \u201cVoicEu\u201d <\/strong>proseguir\u00e0 con altre tre conferenze europee che avranno luogo nella seconda met\u00e0 dell&#8217;anno a<strong> Sofia<\/strong> (Bulgaria), <strong>Tallin <\/strong>(Estonia) e <strong>Budapest<\/strong> (Ungheria).<\/p>\n<p>Servizio di Gianluca Santisi<\/p>\n<p>&nbsp;<\/p>\n","protected":false},"excerpt":{"rendered":"<p>&nbsp; . &nbsp; Comunicato stampa &#8211; Dopo il grande successo e il notevole ritorno d&#8217;immagine ottenuti con il G7, la citt\u00e0 di Taormina si appresta ad ospitare un altro evento<\/p>\n<div><a class=\"permalink\" href=\"https:\/\/www.radioempire.it\/index.php\/2017\/06\/20\/progetto-voiceu-valorizzare-la-voce-dei-cittadini-per-comprendere-leuroscetticismo\/\">Read More&#8230;<\/a><\/div>\n","protected":false},"author":2,"featured_media":2546,"comment_status":"closed","ping_status":"closed","sticky":false,"template":"","format":"standard","meta":[],"categories":[3,36],"tags":[],"_links":{"self":[{"href":"https:\/\/www.radioempire.it\/index.php\/wp-json\/wp\/v2\/posts\/2545"}],"collection":[{"href":"https:\/\/www.radioempire.it\/index.php\/wp-json\/wp\/v2\/posts"}],"about":[{"href":"https:\/\/www.radioempire.it\/index.php\/wp-json\/wp\/v2\/types\/post"}],"author":[{"embeddable":true,"href":"https:\/\/www.radioempire.it\/index.php\/wp-json\/wp\/v2\/users\/2"}],"replies":[{"embeddable":true,"href":"https:\/\/www.radioempire.it\/index.php\/wp-json\/wp\/v2\/comments?post=2545"}],"version-history":[{"count":1,"href":"https:\/\/www.radioempire.it\/index.php\/wp-json\/wp\/v2\/posts\/2545\/revisions"}],"predecessor-version":[{"id":2547,"href":"https:\/\/www.radioempire.it\/index.php\/wp-json\/wp\/v2\/posts\/2545\/revisions\/2547"}],"wp:featuredmedia":[{"embeddable":true,"href":"https:\/\/www.radioempire.it\/index.php\/wp-json\/wp\/v2\/media\/2546"}],"wp:attachment":[{"href":"https:\/\/www.radioempire.it\/index.php\/wp-json\/wp\/v2\/media?parent=2545"}],"wp:term":[{"taxonomy":"category","embeddable":true,"href":"https:\/\/www.radioempire.it\/index.php\/wp-json\/wp\/v2\/categories?post=2545"},{"taxonomy":"post_tag","embeddable":true,"href":"https:\/\/www.radioempire.it\/index.php\/wp-json\/wp\/v2\/tags?post=2545"}],"curies":[{"name":"wp","href":"https:\/\/api.w.org\/{rel}","templated":true}]}}