{"id":25580,"date":"2021-08-21T19:32:14","date_gmt":"2021-08-21T19:32:14","guid":{"rendered":"https:\/\/www.radioempire.it\/?p=25580"},"modified":"2021-08-21T19:32:14","modified_gmt":"2021-08-21T19:32:14","slug":"unaltra-conferma-per-il-roster-dellamando-volley-barbora-basile-per-il-secondo-anno-consecutivo-vestira-i-colori-della-societa-di-s-teresa-di-riva","status":"publish","type":"post","link":"https:\/\/www.radioempire.it\/index.php\/2021\/08\/21\/unaltra-conferma-per-il-roster-dellamando-volley-barbora-basile-per-il-secondo-anno-consecutivo-vestira-i-colori-della-societa-di-s-teresa-di-riva\/","title":{"rendered":"Un&#8217;altra conferma per il roster dell\u2019Amando Volley, Barbora Basile per il secondo anno consecutivo vestir\u00e0 i colori della societ\u00e0 di S. Teresa di Riva"},"content":{"rendered":"<p>Barbora Basile ,una di noi!<\/p>\n<p>Un&#8217;altra conferma per il roster dell\u2019Amando Volley Farmacia Schultze 21-22 \u00e8 Barbora Basile. Barbora vestir\u00e0 per il secondo anno consecutivo i colori della societ\u00e0 Amando Volley.<br \/>\nEcco le sue parole (raggiunta telefonicamente prima dell&#8217;ultimo periodo di vacanze estive)<br \/>\n&#8221; Sin da piccola ho sempre giocato a Santa Teresa, ho iniziato con il minivolley e successivamente con primi campionati under 14,16 ,18 e 2 divisione. Nel 2017 mi sono trasferita in Slovacchia, li ho continuato a giocare e sono stata convocata anche nella nazionale under 16 dove abbiamo vinto il primo premio. Sono stata convocata anche al torneo di Budapest dove partecipavano 4 citt\u00e0 (Praga,Budapest,Lubljana e Bratislava) e noi rappresentavamo la citt\u00e0 di Bratislava, questa \u00e8 stata per me l\u2019esperienza pi\u00f9 significativa che ho fatto in Slovacchia. Nel 2020 sono tornata in Sicilia dove ho iniziato la mia esperienza in b1 , anche in serie d e coppa Italia.<\/p>\n<p>Ho sempre sognato di entrare in B1 sin da quando guardavo le partite al palabucalo dagli spalti e quindi sono molto felice di poter continuare anche quest\u2019anno in B1, cos\u00ec da poter migliorare sempre giorno dopo giorno, grazie anche a Jimenez che mi segue da sempre.&#8221;<br \/>\nNon si ferma il mercato dell&#8217;Amando Volley a quasi 15 giorni dall&#8217;inizio della preparazione.<br \/>\n La Societ\u00e0 con in testa il Presidente Lama sta ancora lavorando per ampliare il Roster.<br \/>\nQuello di settembre sar\u00e0 dunque il mese caldo per la Societ\u00e0 che sta allestendo una Squadra moto competitiva al campionato 21-22..<\/p>\n","protected":false},"excerpt":{"rendered":"<p>Barbora Basile ,una di noi! Un&#8217;altra conferma per il roster dell\u2019Amando Volley Farmacia Schultze 21-22 \u00e8 Barbora Basile. Barbora vestir\u00e0 per il secondo anno consecutivo i colori della societ\u00e0 Amando<\/p>\n<div><a class=\"permalink\" href=\"https:\/\/www.radioempire.it\/index.php\/2021\/08\/21\/unaltra-conferma-per-il-roster-dellamando-volley-barbora-basile-per-il-secondo-anno-consecutivo-vestira-i-colori-della-societa-di-s-teresa-di-riva\/\">Read More&#8230;<\/a><\/div>\n","protected":false},"author":2,"featured_media":25581,"comment_status":"closed","ping_status":"closed","sticky":false,"template":"","format":"standard","meta":[],"categories":[3,36],"tags":[],"_links":{"self":[{"href":"https:\/\/www.radioempire.it\/index.php\/wp-json\/wp\/v2\/posts\/25580"}],"collection":[{"href":"https:\/\/www.radioempire.it\/index.php\/wp-json\/wp\/v2\/posts"}],"about":[{"href":"https:\/\/www.radioempire.it\/index.php\/wp-json\/wp\/v2\/types\/post"}],"author":[{"embeddable":true,"href":"https:\/\/www.radioempire.it\/index.php\/wp-json\/wp\/v2\/users\/2"}],"replies":[{"embeddable":true,"href":"https:\/\/www.radioempire.it\/index.php\/wp-json\/wp\/v2\/comments?post=25580"}],"version-history":[{"count":1,"href":"https:\/\/www.radioempire.it\/index.php\/wp-json\/wp\/v2\/posts\/25580\/revisions"}],"predecessor-version":[{"id":25582,"href":"https:\/\/www.radioempire.it\/index.php\/wp-json\/wp\/v2\/posts\/25580\/revisions\/25582"}],"wp:featuredmedia":[{"embeddable":true,"href":"https:\/\/www.radioempire.it\/index.php\/wp-json\/wp\/v2\/media\/25581"}],"wp:attachment":[{"href":"https:\/\/www.radioempire.it\/index.php\/wp-json\/wp\/v2\/media?parent=25580"}],"wp:term":[{"taxonomy":"category","embeddable":true,"href":"https:\/\/www.radioempire.it\/index.php\/wp-json\/wp\/v2\/categories?post=25580"},{"taxonomy":"post_tag","embeddable":true,"href":"https:\/\/www.radioempire.it\/index.php\/wp-json\/wp\/v2\/tags?post=25580"}],"curies":[{"name":"wp","href":"https:\/\/api.w.org\/{rel}","templated":true}]}}