{"id":25637,"date":"2021-08-24T23:25:13","date_gmt":"2021-08-24T23:25:13","guid":{"rendered":"https:\/\/www.radioempire.it\/?p=25637"},"modified":"2021-08-24T23:25:13","modified_gmt":"2021-08-24T23:25:13","slug":"le-notti-magiche-di-gianna-nannini-in-sicilia","status":"publish","type":"post","link":"https:\/\/www.radioempire.it\/index.php\/2021\/08\/24\/le-notti-magiche-di-gianna-nannini-in-sicilia\/","title":{"rendered":"LE \u201cNOTTI MAGICHE\u201d DI GIANNA NANNINI IN SICILIA"},"content":{"rendered":"<p>Dopo i tre grandi concerti di Enna, Taormina e Campobello di Mazara con circa 3000 presenze<br \/>\ngran finale questa sera a Cefal\u00f9 con il sold out al Castello Bordonaro, in collaborazione con il Comune di Cefal\u00f9 e Aria di Eventi.<br \/>\n\u2022        Apertura botteghino ore 18.30<br \/>\n\u2022        Apertura porte ore 20.00,<br \/>\n\u2022        Inizio spettacolo ore 21.30<\/p>\n<p>INFO PARCHEGGI<br \/>\nSono disponibili due aree adibite a parcheggio gratuito da cui partir\u00e0 il servizio navette gratuito (andata e ritorno &#8211; inizio servizio navetta ore 19.00)<br \/>\n1. Palazzetto dello Sport Marzio Tricoli;<br \/>\n2. Parcheggio AcquaVerde (Parco Acquatico Costaverde).<br \/>\nParcheggi disabili: accanto Castello Bordonaro <\/p>\n<p>***********************************<br \/>\nGLI EVENTI DI QUESTA SETTIMANA<br \/>\n***********************************<\/p>\n<p>GIGI D\u2019ALESSIO<br \/>\nVENERD\u00cc 27 AGOSTO \u2013 TAORMINA TEATRO ANTICO ORE 21.30<br \/>\nSABATO 28 AGOSTO \u2013 CAMPOBELLO DI MAZARA CAVE DI CUSA ORE 21.30<br \/>\nBiglietti disponibili on line e nei punti vendita dei circuiti abituali (puntoeacapo.uno, boxoffice sicilia, ticketone, ciaotickets) e ai botteghini dei concerti dalle 18.30<\/p>\n<p>In una inedita ed esclusiva versione live piano e voce il cantautore Gigi D\u2019Alessio afferma: \u00ab\u00c8 stato difficilissimo stare in silenzio e lontani e questo ritorno sul palcoscenico lo sento come un nuovo inizio, con l\u2019emozione e l\u2019entusiasmo di tutte le prime volte. Il pensiero di allontanare finalmente le ombre e le sofferenze che ci hanno accompagnato in questo ultimo anno mi rende ancora pi\u00f9 felice nel poter annunciare che questa estate potr\u00f2 tornare ad abbracciarvi tutti. Almeno dal palco. La pandemia ci ha costretti a riflessioni e alla ricerca delle cose essenziali. Anche per questo ho pensato di dedicare questa prima parte di tour a ci\u00f2 che davvero \u00e8 fondamentale per ricominciare e tornare da voi: le mani che si libereranno sui tasti di un pianoforte e la voce che aspetta solo di unirsi a quelle del mio pubblico, la mia famiglia, in coro! Vi aspetto per un grande abbraccio e perch\u00e9 oggi pi\u00f9 che mai insieme potremo gridare: Non mollare mai!\u00bb.<\/p>\n<p>FRANCESCO DE GREGORI<br \/>\nSABATO 28 AGOSTO \u2013 SIRACUSA TEATRO GRECO ORE 21.30<br \/>\nDOMENICA 29 AGOSTO \u2013 RAGUSA ARENA PIAZZA DELLA LIBERT\u00c0 ORE 21.30<br \/>\nMARTED\u00cc 31 AGOSTO \u2013 MARSALA ARENA PIAZZA DELLA VITTORIA ORE 21.30<br \/>\nBiglietti disponibili on line e nei punti vendita dei circuiti abituali (puntoeacapo.uno, boxoffice sicilia, ticketone, ciaotickets) e ai botteghini dei concerti dalle 18.30<\/p>\n<p>Dopo aver sfiorato tre sold out a fine luglio, Francesco De Gregori ritorna in Sicilia insieme alla sua band per regalare altre emozioni dal vivo, proponendo al pubblico le canzoni pi\u00f9 famose e significative del suo repertorio.  Ad accompagnarlo sul palco: Guido Guglielminetti (basso e contrabasso), Carlo Gaudiello (tastiere), Paolo Giovenchi (chitarre), Alessandro Valle (pedal steel guitar e mandolino), Primiano Di Biase (hammond) e Simone Talone (percussioni).<br \/>\n<img loading=\"lazy\" src=\"https:\/\/www.radioempire.it\/wp-content\/uploads\/2021\/08\/Colapesce-foto-240x300.jpg\" alt=\"\" width=\"240\" height=\"300\" class=\"alignleft size-medium wp-image-25639\" srcset=\"https:\/\/www.radioempire.it\/wp-content\/uploads\/2021\/08\/Colapesce-foto-240x300.jpg 240w, https:\/\/www.radioempire.it\/wp-content\/uploads\/2021\/08\/Colapesce-foto-819x1024.jpg 819w, https:\/\/www.radioempire.it\/wp-content\/uploads\/2021\/08\/Colapesce-foto-768x960.jpg 768w, https:\/\/www.radioempire.it\/wp-content\/uploads\/2021\/08\/Colapesce-foto.jpg 1000w\" sizes=\"(max-width: 240px) 100vw, 240px\" \/><br \/>\nCOLAPESCEDIMARTINO<br \/>\nSABATO 28 AGOSTO \u2013 TAORMINA TEATRO ANTICO ORE 21.30<br \/>\nI due cantautori siciliani presenteranno uno show potente e sorprendente in cui suoneranno live sia i brani che compongono \u201cI Mortali\u201d che alcuni classici del loro repertorio solista.<br \/>\nUna data speciale, con una serie di ospiti, che si preannuncia come il vero e proprio evento del tour estivo.<\/p>\n<p>FRANCO 126<br \/>\nDOMENICA 29 AGOSTO \u2013 ZAFFERANA ANFITEATRO FALCONE BORSELLINO ORE 21.30<br \/>\nMULTISALA PREMIERE \u00e8 il viaggio estivo di Franco126. L\u2019artista romano, gi\u00e0 principale esponente della nuova scena cantautorale italiana, con una lucida capacit\u00e0 di mettere a fuoco il reale e le emozioni, \u00e8 reduce dalla pubblicazione di \u201cMultisala\u201d, il suo secondo album in studio da solista, uscito per Bomba Dischi \/ Island Records il 23 aprile 2021.<br \/>\nProdotto e distribuito da Vivo Concerti, i live estivi sono dei veri e propri appuntamenti dal vivo in cui prendono vita i lungometraggi in musica di Franco126, accompagnato sul palco da una band di cinque elementi composta da Pietro Di Dionisio alla chitarra acustica, Danilo De Candia al basso, Gabriele Terlizzi alle chitarre elettriche, Davide Pasculli alla batteria e Francesco Bellani ai synth e al piano. Set e lighting design sono a cura di Martino Cerati.<\/p>\n<p>LINK FOTO UFFICIALI HTTPS:\/\/DRIVE.GOOGLE.COM\/DRIVE\/FOLDERS\/1_OGN3OQZG6Y9TXHMS1RPO1KVZPSNF7F0?USP=SHARING<\/p>\n<p>GLI ALTRI EVENTI IN PROGRAMMA <\/p>\n<p>Taormina &#8211; Teatro antico<br \/>\nCARL BRAVE \u2013 30 AGOSTO \u2013 sold out<br \/>\nENRICO BRIGNANO \u2013 13 SETTEMBRE<br \/>\nMADAME \u2013 14 SETTEMBRE<br \/>\nSANGIOVANNI &#8211; 15 SETTEMBRE<br \/>\nZUCCHERO \u2013 20 e 21 SETTEMBRE<br \/>\nALBERTO URSO \u2013 26 SETTEMBRE<\/p>\n<p>Ragusa \u2013 Arena Piazza della libert\u00e0<br \/>\nENRICO BRIGNANO &#8211; 4 SETTEMBRE<\/p>\n<p>Siracusa \u2013 Teatro Greco<br \/>\nALICE \u2013 3 SETTEMBRE<\/p>\n<p>Partanna \u2013 Anfiteatro provinciale Lucio Dalla<br \/>\nALICE \u2013 5 SETTEMBRE<\/p>\n<p>Messina \u2013 Arena villa Dante<br \/>\nALICE \u2013 2 SETTEMBRE<br \/>\nENRICO BRIGNANO \u2013 3 SETTEMBRE<\/p>\n","protected":false},"excerpt":{"rendered":"<p>Dopo i tre grandi concerti di Enna, Taormina e Campobello di Mazara con circa 3000 presenze gran finale questa sera a Cefal\u00f9 con il sold out al Castello Bordonaro, in<\/p>\n<div><a class=\"permalink\" href=\"https:\/\/www.radioempire.it\/index.php\/2021\/08\/24\/le-notti-magiche-di-gianna-nannini-in-sicilia\/\">Read More&#8230;<\/a><\/div>\n","protected":false},"author":2,"featured_media":25638,"comment_status":"closed","ping_status":"closed","sticky":false,"template":"","format":"standard","meta":[],"categories":[3,36],"tags":[],"_links":{"self":[{"href":"https:\/\/www.radioempire.it\/index.php\/wp-json\/wp\/v2\/posts\/25637"}],"collection":[{"href":"https:\/\/www.radioempire.it\/index.php\/wp-json\/wp\/v2\/posts"}],"about":[{"href":"https:\/\/www.radioempire.it\/index.php\/wp-json\/wp\/v2\/types\/post"}],"author":[{"embeddable":true,"href":"https:\/\/www.radioempire.it\/index.php\/wp-json\/wp\/v2\/users\/2"}],"replies":[{"embeddable":true,"href":"https:\/\/www.radioempire.it\/index.php\/wp-json\/wp\/v2\/comments?post=25637"}],"version-history":[{"count":1,"href":"https:\/\/www.radioempire.it\/index.php\/wp-json\/wp\/v2\/posts\/25637\/revisions"}],"predecessor-version":[{"id":25640,"href":"https:\/\/www.radioempire.it\/index.php\/wp-json\/wp\/v2\/posts\/25637\/revisions\/25640"}],"wp:featuredmedia":[{"embeddable":true,"href":"https:\/\/www.radioempire.it\/index.php\/wp-json\/wp\/v2\/media\/25638"}],"wp:attachment":[{"href":"https:\/\/www.radioempire.it\/index.php\/wp-json\/wp\/v2\/media?parent=25637"}],"wp:term":[{"taxonomy":"category","embeddable":true,"href":"https:\/\/www.radioempire.it\/index.php\/wp-json\/wp\/v2\/categories?post=25637"},{"taxonomy":"post_tag","embeddable":true,"href":"https:\/\/www.radioempire.it\/index.php\/wp-json\/wp\/v2\/tags?post=25637"}],"curies":[{"name":"wp","href":"https:\/\/api.w.org\/{rel}","templated":true}]}}