{"id":2566,"date":"2017-06-21T07:16:35","date_gmt":"2017-06-21T07:16:35","guid":{"rendered":"http:\/\/www.radioempire.it\/?p=2566"},"modified":"2017-06-21T07:18:20","modified_gmt":"2017-06-21T07:18:20","slug":"taormina-premio-internazionale-di-giornalismo-g7-taormina-images-and-words-about-sicily","status":"publish","type":"post","link":"https:\/\/www.radioempire.it\/index.php\/2017\/06\/21\/taormina-premio-internazionale-di-giornalismo-g7-taormina-images-and-words-about-sicily\/","title":{"rendered":"PREMIO INTERNAZIONALE DI GIORNALISMO \u201cG7 TAORMINA \u2013 IMAGES AND WORDS ABOUT SICILY\u201d"},"content":{"rendered":"<p><strong>COMUNICATO STAMPA &#8211;<\/strong><\/p>\n<p>TAORMINA. Si \u00e8 riunito il tavolo tecnico preposto all\u2019organizzazione del premio di giornalismo \u201cG7 Taormina &#8211; Images and Words About Sicily\u201d. Un concorso riservato ai giornalisti accreditati al G7 di Taormina che premier\u00e0 servizi giornalistici, reportage fotografici o articoli, che sono riusciti a mettere in luce le peculiarit\u00e0 e le attrattive di Taormina e Giardini Naxos, del comprensorio jonico, dell\u2019Etna e, pi\u00f9 in generale, della Sicilia.<\/p>\n<p>Alla riunione che si \u00e8 tenuta presso l\u2019hotel Miramare erano presenti la direttrice del Parco Archeologico Naxos Taormina, Vera Greco, il presidente del Gal Taormina-Peloritani, Giuseppe Lombardo insieme ad un rappresentante Antonio Di Stefano, il presidente Federalberghi Riviera Jonica Messina, Pier Paolo Biondi, il presidente Federalberghi Taormina, Italo Mennella, il presidente Federalberghi Giardini Naxos, Giovanni Russotti insieme ad una rappresentante Floriana Ippolito, il Presidente emerito della UFTAA (United Federation of Travel Agents\u2019 Association), Mario Bevacqua, e la dirigente dell\u2019Ufficio Turistico Regionale di Taormina, Daniela Lo Cascio.<\/p>\n<p>Nel corso dell\u2019incontro i presenti hanno provveduto all\u2019elezione del presidente del Premio, cos\u00ec come previsto dal Regolamento approvato dal Comitato di Presidenza costituitosi nella seduta del 16 maggio scorso. La scelta \u00e8 ricaduta sul presidente Federalberghi Taormina, Italo Mennella, che, dopo aver ringraziato tutti per la fiducia, ha colto l\u2019occasione per commentare i risultati ottenuti dallo sforzo organizzativo da tutti profuso per la realizzazione del G7 di Taormina: \u00abNonostante tutti i problemi logistici e le immancabili difficolt\u00e0 organizzative \u2013 ha affermato Mennella &#8211; il G7 \u00e8 stato un successo il cui effetto comincia gi\u00e0 ad avere riscontro nelle prenotazioni in tutte le strutture ricettive di Taormina a partire gi\u00e0 dal corrente mese di giugno. D\u2019ora in poi occorrer\u00e0 operare bene per non sprecare tutto l\u2019operato positivo e sfruttare l\u2019onda lunga del successo ottenuto\u00bb.<\/p>\n<p>I presenti hanno poi richiamato il regolamento e nominato Presidenti Onorari del Premio gli assessori regionali Anthony Emanuele Barbagallo (Turismo), Antonello Cracolici (Agricoltura) e Carlo Vermiglio (Beni Culturali), che presenzieranno alla cerimonia di premiazione del prossimo 6 ottobre. \u00c8 stata costituita altres\u00ec una Segreteria Organizzativa con funzioni esecutive, affidata all\u2019Ufficio Turistico di Taormina\/Giardini Naxos. Il Comitato, ha poi fissato una scaletta di incontri per procedere alla selezione e successiva valutazione degli articoli pervenuti e provvedere alla traduzione di quelli in lingua straniera. Il termine di presentazione degli elaborati \u00e8 fissato al 15 luglio, quindi entro tale data sar\u00e0 possibile ricevere nuovi servizi e articoli anche in considerazione del fatto che \u00e8 stata contattata l\u2019Associazione Stampa Estera chiedendo di diffondere il bando presso le maggiori testate giornalistiche estere.<\/p>\n<p><img loading=\"lazy\" class=\"alignleft size-medium wp-image-2568\" src=\"http:\/\/www.radioempire.it\/wp-content\/uploads\/2017\/06\/IMG-20170620-WA0006-212x300.jpg\" alt=\"\" width=\"212\" height=\"300\" srcset=\"https:\/\/www.radioempire.it\/wp-content\/uploads\/2017\/06\/IMG-20170620-WA0006-212x300.jpg 212w, https:\/\/www.radioempire.it\/wp-content\/uploads\/2017\/06\/IMG-20170620-WA0006-768x1087.jpg 768w, https:\/\/www.radioempire.it\/wp-content\/uploads\/2017\/06\/IMG-20170620-WA0006-723x1024.jpg 723w, https:\/\/www.radioempire.it\/wp-content\/uploads\/2017\/06\/IMG-20170620-WA0006.jpg 904w\" sizes=\"(max-width: 212px) 100vw, 212px\" \/>Il Premio nasce da una collaborazione tra gli assessorati al Turismo, Agricoltura e Beni Culturali della Regione Siciliana, il Parco Archeologico di Naxos, i Comuni di Taormina e di Giardini Naxos, le Associazioni Albergatori Federalberghi Taormina, Federalberghi Giardini Naxos e Federalberghi Riviera Ionica Messina, il GAL \u201cTerre dell\u2019Etna e dell\u2019Alcantara\u201d, il GAL \u201cTaormina-Peloritani\u201d, l\u2019UFTAA (United Federation of Travel Agents\u2019 Associations) al fine di promuovere i luoghi del G7. Articoli, reportage fotografici, servizi televisivi e radiofonici che raccontino non solo l\u2019evento politico ma anche la cornice in cui si svolge. Tre le sezioni a cui i giornalisti possono iscriversi per partecipare: carta stampata (quotidiani e periodici), servizi televisivi e servizi radiofonici, testate online. I servizi giornalistici saranno giudicati da una giuria qualificata che selezioner\u00e0 i vincitori. La giuria esprimer\u00e0 le proprie valutazioni in base ai seguenti criteri: coerenza con il tema del concorso (max 20 punti), originalit\u00e0 (max 15 punti), efficacia comunicativa (max 20 punti), focus su aspetti enogastronomici e di turismo relazionale (max 15 punti), aspetti promozionali (max 30 punti) per un tota\u00f2e100 punti. La partecipazione \u00e8 gratuita e dovr\u00e0 avvenire tramite l\u2019invio delle opere pubblicate o diffuse entro il 15 luglio 2017 da quotidiani, agenzie di stampa, settimanali, periodici, siti internet, blog e servizi radiotelevisivi. Sono ammessi testi in tutte le lingue. Le pubblicazioni dovranno pervenire entro il 15 luglio 2017 tramite invio per email all\u2019indirizzo strtaormina@regione.sicilia.it o per via postale in busta chiusa all\u2019indirizzo Ufficio Turistico Regionale di Taormina, Palazzo Corvaja piazza Santa Caterina 98039 \u2013 Taormina \u2013 Me. L\u2019oggetto dell\u2019email o del plico cartaceo dovr\u00e0 riportare: Premio \u201cG7 Taormina &#8211; Images and Words about Sicily\u201d. La proclamazione dei vincitori avr\u00e0 luogo a Taormina il 6 ottobre 2017. Ai vincitori delle tre categorie verr\u00e0 offerto dalle Associazioni Federalberghi di Taormina, Giardini Naxos e Riviera Jonica di Messina un soggiorno di una settimana per due persone in hotel 4\/5 stelle comprensivo di volo aereo.<\/p>\n<p>Con preghiera di pubblicazione<\/p>\n<p>Vi auguro buon lavoro!<\/p>\n<p>L&#8217;addetto stampa<\/p>\n<p>Giusy Bottari<\/p>\n","protected":false},"excerpt":{"rendered":"<p>COMUNICATO STAMPA &#8211; TAORMINA. Si \u00e8 riunito il tavolo tecnico preposto all\u2019organizzazione del premio di giornalismo \u201cG7 Taormina &#8211; Images and Words About Sicily\u201d. Un concorso riservato ai giornalisti accreditati<\/p>\n<div><a class=\"permalink\" href=\"https:\/\/www.radioempire.it\/index.php\/2017\/06\/21\/taormina-premio-internazionale-di-giornalismo-g7-taormina-images-and-words-about-sicily\/\">Read More&#8230;<\/a><\/div>\n","protected":false},"author":2,"featured_media":2567,"comment_status":"closed","ping_status":"closed","sticky":false,"template":"","format":"standard","meta":[],"categories":[3,36],"tags":[],"_links":{"self":[{"href":"https:\/\/www.radioempire.it\/index.php\/wp-json\/wp\/v2\/posts\/2566"}],"collection":[{"href":"https:\/\/www.radioempire.it\/index.php\/wp-json\/wp\/v2\/posts"}],"about":[{"href":"https:\/\/www.radioempire.it\/index.php\/wp-json\/wp\/v2\/types\/post"}],"author":[{"embeddable":true,"href":"https:\/\/www.radioempire.it\/index.php\/wp-json\/wp\/v2\/users\/2"}],"replies":[{"embeddable":true,"href":"https:\/\/www.radioempire.it\/index.php\/wp-json\/wp\/v2\/comments?post=2566"}],"version-history":[{"count":3,"href":"https:\/\/www.radioempire.it\/index.php\/wp-json\/wp\/v2\/posts\/2566\/revisions"}],"predecessor-version":[{"id":2571,"href":"https:\/\/www.radioempire.it\/index.php\/wp-json\/wp\/v2\/posts\/2566\/revisions\/2571"}],"wp:featuredmedia":[{"embeddable":true,"href":"https:\/\/www.radioempire.it\/index.php\/wp-json\/wp\/v2\/media\/2567"}],"wp:attachment":[{"href":"https:\/\/www.radioempire.it\/index.php\/wp-json\/wp\/v2\/media?parent=2566"}],"wp:term":[{"taxonomy":"category","embeddable":true,"href":"https:\/\/www.radioempire.it\/index.php\/wp-json\/wp\/v2\/categories?post=2566"},{"taxonomy":"post_tag","embeddable":true,"href":"https:\/\/www.radioempire.it\/index.php\/wp-json\/wp\/v2\/tags?post=2566"}],"curies":[{"name":"wp","href":"https:\/\/api.w.org\/{rel}","templated":true}]}}