{"id":2592,"date":"2017-06-23T13:08:05","date_gmt":"2017-06-23T13:08:05","guid":{"rendered":"http:\/\/www.radioempire.it\/?p=2592"},"modified":"2017-06-23T13:08:05","modified_gmt":"2017-06-23T13:08:05","slug":"presenze-top-al-15-rally-di-caltanissettaspiccano-i-nomi-dei-messinesi-del-team-phoenix-giuseppe-nucita-e-nico-salvo","status":"publish","type":"post","link":"https:\/\/www.radioempire.it\/index.php\/2017\/06\/23\/presenze-top-al-15-rally-di-caltanissettaspiccano-i-nomi-dei-messinesi-del-team-phoenix-giuseppe-nucita-e-nico-salvo\/","title":{"rendered":"Presenze top al 15\u00b0 Rally di Caltanissetta,spiccano i nomi dei messinesi del Team Phoenix Giuseppe Nucita e Nico Salvo"},"content":{"rendered":"<div dir=\"ltr\">\n<div class=\"gmail_quote\">\n<div style=\"font-size: 11px; text-align: center; margin: 0px; line-height: normal;\"><\/div>\n<div style=\"font-size: 11px; text-align: center; margin: 0px; line-height: normal;\"><strong>Nomi e vetture di spicco tra i 71 iscritti alla gara del 24 e 25 giugno valida per la Coppa Italia e Campionato Regionale che assegner\u00e0 il \u201cTrofeo Tot\u00f2 Tornatore\u201d e il 1\u00b0 Historic Rally, soddisfatti gli organizzatori della Caltanissetta Corse ed AC nisseno. Sabato 24 verifiche e star<\/strong><b>t<\/b><\/div>\n<div style=\"font-size: 11px; text-align: center; min-height: 14px; margin: 0px; line-height: normal;\"><span style=\"font-family: tahoma, sans-serif;\">\u00a0<\/span><\/div>\n<div><span style=\"font-family: tahoma, sans-serif;\"><b>Caltanissetta, 22 giugno 2017.<\/b> Presenze top al 15\u00b0 Rally di Caltanissetta \u201cTrofeo Tot\u00f2 Tornatore\u201d e 1\u00b0 Historic Rally Caltanissetta, la gara del 24 e 25 giugno per auto moderne e storiche organizzata dalla Scuderia Caltanissetta Corse in collaborazione con l\u2019Automobile Club nisseno che ha registrato nomi e vetture di assoluto spicco tra i 71 iscritti.\u00a0 Tra i pretendenti al \u201cTrofeo Tot\u00f2 Tornatore\u201d ed ai punti della Coppa Italia e Campionato Siciliano ci saranno Tot\u00f2 Riolo e Ginafranco Rappa, l\u2019equipaggio palermitano della CST Sport porter\u00e0 all\u2019esordio in Sicilia la Hyundai I20 R5, auto di categoria regina, sorella minore della versione protagonista del Mondiale. Sempre in R5 sulla Skoda Fabia ci sar\u00e0 l\u2019esperto barese Franco Lagan\u00e0, pi\u00f9 volte tricolore e molto legato ai tracciati siciliani, che sar\u00e0 navigato da Elena Giovenale. Anche il catanese Alessandro Scalia navigato dal messinese Roberto Longo sar\u00e0 su una R5, la Ford Fiesta. Pronto a brillare il portacolori della scuderia organizzatrice Roberto Lombardo che per le strade di casa ha scelto la Peugeot 207 Super 2000 e sempre l\u2019affiatato Alessio Spiteri alle note. Due Renault Clio in versione Super 1600, quella di Carmelo Mattina, alfiere S.G.B. Rally e per il portacolori agrigentino del Team Project Biagio Mingoia. Nella classe R3, le energiche \u201ctuttoavanti\u201d pronte ad insidiare anch\u2019esse la vetta, spiccano i nomi dei messinesi del Team Phoenix Giuseppe Nucita e Nico Salvo, sulla Renault New Clio che entrambi ben conoscono, oltre ai portacolori Team del Mago Andrea Nastasi e Giuseppe Cangemi. In gruppo A l\u2019alfiere P.S. Start Nazzareno Pellitteri cercher\u00e0 di rinsaldare il comando nel regionale al volante della Renault Clio, come i principali avversari Alessio Di Franco e Santo Di Perna. In gruppo N, nella classe per le cilindrate fino a 2000 il portacolori Sunbeam Motorsport Angelo Lombardo difender\u00e0 la prima posizione al volante della Renault Clio, certamente insidiato dall\u2019esperto pilota di casa Carmelo Lanzalaco, anche lui sulla Clio, come gli altri nisseni Massimo Panzica ed il rientrante Cristian La Ferla. In classe N2 (fino a 1600 cc) il mussomelese Salvatore Farina cercher\u00e0 di prendere la vetta sulla Peugeot 106 1.6 16V, anche se allo stesso obiettivo ambir\u00e0 anche Giuseppe Cannino sulla Citroen Saxo. Con la Peugeot 106 in versione Kit saranno sotto i riflettori i giovani palermitani Alessio Profeta affiancato dal bravo Massimiliano Alduina, mentre Francesco Profeta sar\u00e0 navigato da Antonio Manganella.<img loading=\"lazy\" class=\"alignleft size-medium wp-image-2594\" src=\"http:\/\/www.radioempire.it\/wp-content\/uploads\/2017\/06\/Antonio-Di-Lorenzo-Francesco-Cardella-300x200.jpg\" alt=\"\" width=\"300\" height=\"200\" srcset=\"https:\/\/www.radioempire.it\/wp-content\/uploads\/2017\/06\/Antonio-Di-Lorenzo-Francesco-Cardella-300x200.jpg 300w, https:\/\/www.radioempire.it\/wp-content\/uploads\/2017\/06\/Antonio-Di-Lorenzo-Francesco-Cardella-768x512.jpg 768w, https:\/\/www.radioempire.it\/wp-content\/uploads\/2017\/06\/Antonio-Di-Lorenzo-Francesco-Cardella.jpg 810w\" sizes=\"(max-width: 300px) 100vw, 300px\" \/> Per il 1\u00b0 Historic Rally di Caltanissetta svettano i nomi dei corleonesi vincitori nel 2016 Antonio Di Lorenzo che avr\u00e0 al fianco l\u2019affiatato Franco Cardella sulla Porsche 911 SC di 3\u00b0 Raggruppamento, per i colori della Festina Lente, nella stessa categoria la Lancia Beta Montecarlo di Giovanni Spinnato, la Opel Ascona di Gandolfo Placa e la Opel Kadett GSI di Michele Giarratana. Per il 2\u00b0 Raggruppamento punter\u00e0 al pieno di punti Gianfilippo Quintino con la sempre ammirata Alfetta GTV, mentre in 1\u00b0Raggruppamento spicca la Morris Mini Cooper di Francesco Fontana.<\/span><\/div>\n<div><span style=\"font-family: tahoma, sans-serif;\">Presso la Concessionaria Fiat A.D. Pugliese saranno le verifiche sabato 24 giugno dalle 8.30 alle 13. Lo start sar\u00e0 nella serata di sabato alle 20.30, ma gi\u00e0 un\u2019ora prima sar\u00e0 possibile ammirare tutte le auto nel parco partenza allestito nel centro cittadino. Traguardo finale alle 19.30 di domenica 25 giugno. Saranno 363,44 i Km totali di gara. Novit\u00e0 a favore dell\u2019emozione e dello spettacolo \u00e8 lo start della prima prova speciale in citt\u00e0 alle 21.29, i concorrenti transiteranno in completo ordine numerico decrescente. Tutte le info su. <a title=\"http:\/\/www.rallydicaltanissetta.it\/\" href=\"http:\/\/www.rallydicaltanissetta.it\"><span style=\"line-height: normal;\">www.rallydicaltanissetta.it<\/span><\/a><br \/>\n<\/span><\/div>\n<\/div>\n<\/div>\n","protected":false},"excerpt":{"rendered":"<p>Nomi e vetture di spicco tra i 71 iscritti alla gara del 24 e 25 giugno valida per la Coppa Italia e Campionato Regionale che assegner\u00e0 il \u201cTrofeo Tot\u00f2 Tornatore\u201d<\/p>\n<div><a class=\"permalink\" href=\"https:\/\/www.radioempire.it\/index.php\/2017\/06\/23\/presenze-top-al-15-rally-di-caltanissettaspiccano-i-nomi-dei-messinesi-del-team-phoenix-giuseppe-nucita-e-nico-salvo\/\">Read More&#8230;<\/a><\/div>\n","protected":false},"author":2,"featured_media":2593,"comment_status":"closed","ping_status":"closed","sticky":false,"template":"","format":"standard","meta":[],"categories":[3,36],"tags":[],"_links":{"self":[{"href":"https:\/\/www.radioempire.it\/index.php\/wp-json\/wp\/v2\/posts\/2592"}],"collection":[{"href":"https:\/\/www.radioempire.it\/index.php\/wp-json\/wp\/v2\/posts"}],"about":[{"href":"https:\/\/www.radioempire.it\/index.php\/wp-json\/wp\/v2\/types\/post"}],"author":[{"embeddable":true,"href":"https:\/\/www.radioempire.it\/index.php\/wp-json\/wp\/v2\/users\/2"}],"replies":[{"embeddable":true,"href":"https:\/\/www.radioempire.it\/index.php\/wp-json\/wp\/v2\/comments?post=2592"}],"version-history":[{"count":1,"href":"https:\/\/www.radioempire.it\/index.php\/wp-json\/wp\/v2\/posts\/2592\/revisions"}],"predecessor-version":[{"id":2595,"href":"https:\/\/www.radioempire.it\/index.php\/wp-json\/wp\/v2\/posts\/2592\/revisions\/2595"}],"wp:featuredmedia":[{"embeddable":true,"href":"https:\/\/www.radioempire.it\/index.php\/wp-json\/wp\/v2\/media\/2593"}],"wp:attachment":[{"href":"https:\/\/www.radioempire.it\/index.php\/wp-json\/wp\/v2\/media?parent=2592"}],"wp:term":[{"taxonomy":"category","embeddable":true,"href":"https:\/\/www.radioempire.it\/index.php\/wp-json\/wp\/v2\/categories?post=2592"},{"taxonomy":"post_tag","embeddable":true,"href":"https:\/\/www.radioempire.it\/index.php\/wp-json\/wp\/v2\/tags?post=2592"}],"curies":[{"name":"wp","href":"https:\/\/api.w.org\/{rel}","templated":true}]}}