{"id":2608,"date":"2017-06-25T16:15:00","date_gmt":"2017-06-25T16:15:00","guid":{"rendered":"http:\/\/www.radioempire.it\/?p=2608"},"modified":"2017-06-25T16:17:51","modified_gmt":"2017-06-25T16:17:51","slug":"tramonti-musicali-sul-barocco-di-catania","status":"publish","type":"post","link":"https:\/\/www.radioempire.it\/index.php\/2017\/06\/25\/tramonti-musicali-sul-barocco-di-catania\/","title":{"rendered":"TRAMONTI MUSICALI SUL BAROCCO DI CATANIA"},"content":{"rendered":"<p>Sabato\u00a0<b><span style=\"font-size: 16pt;\">15 Luglio<\/span><\/b>, alle ore\u00a0<b>20.00<\/b><span style=\"font-size: 16pt;\">, prender\u00e0 avvio la tanto attesa Stagione Lirica Estiva firmata\u00a0<\/span><b>Coro Lirico Siciliano<\/b>\u00a0in una delle cornici pi\u00f9 suggestive della citt\u00e0 etnea:\u00a0<b>la terrazza barocca della Monumentale Chiesa della Badia di S. Agata.<\/b>Una iniziativa innovativa e di richiamo internazionale che permetter\u00e0 all&#8217;uditorio, che solitamente affolla gli eventi della compagine lirica, di poter gustare un repertorio cameristico in un gioiello incastonato nel cuore di Catania. Il tramonto, il mare, l&#8217;architettura barocca del Vaccarini saranno il palcoscenico naturale per cinque appuntamenti concertistici di forte impatto emozionale.<\/p>\n<div id=\"divtagdefaultwrapper\" dir=\"ltr\" style=\"font-size: 14pt; font-family: Cambria,Georgia,serif; color: #000000;\">\n<p style=\"font-size: 18px; margin-bottom: 0cm; font-family: Cambria, Georgia, serif, EmojiFont, 'Apple Color Emoji', 'Segoe UI Emoji', NotoColorEmoji, 'Segoe UI Symbol', 'Android Emoji', EmojiSymbols;\"><span style=\"font-size: 20pt;\"><img loading=\"lazy\" class=\"alignleft size-medium wp-image-2611\" src=\"http:\/\/www.radioempire.it\/wp-content\/uploads\/2017\/06\/Catania-Badia-di-SantAgata1-300x200.jpg\" alt=\"\" width=\"300\" height=\"200\" srcset=\"https:\/\/www.radioempire.it\/wp-content\/uploads\/2017\/06\/Catania-Badia-di-SantAgata1-300x200.jpg 300w, https:\/\/www.radioempire.it\/wp-content\/uploads\/2017\/06\/Catania-Badia-di-SantAgata1.jpg 600w\" sizes=\"(max-width: 300px) 100vw, 300px\" \/><img loading=\"lazy\" class=\"alignleft size-medium wp-image-2612\" src=\"http:\/\/www.radioempire.it\/wp-content\/uploads\/2017\/06\/Catania-vistadalla-Badia-S.Agata_-300x200.jpg\" alt=\"\" width=\"300\" height=\"200\" srcset=\"https:\/\/www.radioempire.it\/wp-content\/uploads\/2017\/06\/Catania-vistadalla-Badia-S.Agata_-300x200.jpg 300w, https:\/\/www.radioempire.it\/wp-content\/uploads\/2017\/06\/Catania-vistadalla-Badia-S.Agata_.jpg 600w\" sizes=\"(max-width: 300px) 100vw, 300px\" \/>\u00a0 \u00a0 \u00a0 \u00a0 \u00a0 \u00a0 \u00a0 \u00a0 \u00a0 \u00a0 \u00a0 \u00a0 \u00a0 \u00a0 \u00a0 \u00a0 \u00a0 \u00a0 \u00a0 \u00a0 \u00a0 \u00a0 \u00a0 \u00a0 \u00a0 \u00a0 \u00a0 \u00a0 \u00a0 \u00a0 \u00a0 \u00a0 \u00a0 \u00a0 \u00a0 \u00a0 \u00a0 \u00a0 \u00a0 \u00a0 \u00a0 \u00a0 \u00a0 \u00a0 \u00a0 \u00a0 \u00a0 \u00a0 \u00a0 \u00a0 \u00a0 \u00a0 \u00a0 \u00a0 \u00a0 \u00a0 \u00a0Il primo appuntamento,\u00a0<b>sabato 15 Luglio<\/b>, sar\u00e0 incentrato alla immortale e coinvolgente musica del Sud,<\/span><span style=\"font-size: 20pt;\">con il capolavoro di musica sacra del compositore argentino\u00a0<i><span style=\"font-size: 16pt;\">Ariel Ramirez<\/span><\/i><span style=\"font-size: 16pt;\">\u00a0\u201c<\/span><b>Misa Criolla<\/b>\u201d per soli, coro, percussioni, piano e chitarra; un omaggio in musica al Pontefice,\u00a0<i><span style=\"font-size: 16pt;\">il \u201cPapa del popolo\u201d<\/span><\/i><span style=\"font-size: 16pt;\">\u00a0Francesco I. La serata sar\u00e0, inoltre, arricchita dall&#8217;esecuzione di una serie di Tanghi criolli e argentini, evocativi di un&#8217;atmosfera sudamericana che si incastoner\u00e0 tra le cornici barocche del gioiello del Vaccarini.<\/span><\/span><\/p>\n<p style=\"font-size: 18px; margin-bottom: 0cm; font-family: Cambria, Georgia, serif, EmojiFont, 'Apple Color Emoji', 'Segoe UI Emoji', NotoColorEmoji, 'Segoe UI Symbol', 'Android Emoji', EmojiSymbols;\"><span style=\"font-size: 20pt;\"><img loading=\"lazy\" class=\"alignleft size-medium wp-image-2610\" src=\"http:\/\/www.radioempire.it\/wp-content\/uploads\/2017\/06\/foto-tramonti-musicali-barocco-catania-300x225.jpg\" alt=\"\" width=\"300\" height=\"225\" srcset=\"https:\/\/www.radioempire.it\/wp-content\/uploads\/2017\/06\/foto-tramonti-musicali-barocco-catania-300x225.jpg 300w, https:\/\/www.radioempire.it\/wp-content\/uploads\/2017\/06\/foto-tramonti-musicali-barocco-catania-768x576.jpg 768w, https:\/\/www.radioempire.it\/wp-content\/uploads\/2017\/06\/foto-tramonti-musicali-barocco-catania.jpg 960w\" sizes=\"(max-width: 300px) 100vw, 300px\" \/>Gli eventi musicali che coloreranno i tramonti della citt\u00e0 etnea proseguiranno il<b><span style=\"font-size: 16pt;\">\u00a029 Luglio<\/span><\/b>\u00a0con il<b>\u00a0PUCCINI OPERA GALA:\u00a0<\/b><span style=\"font-size: 16pt;\">un omaggio in musica al compositore che ha sempre decantato l&#8217;amore e la bellezza; il\u00a0<\/span><b>5 Agosto\u00a0<\/b>con il\u00a0<\/span><span style=\"font-size: 20pt;\"><b>VERDI OPERA GALA<\/b>; il\u00a0<b><span style=\"font-size: 16pt;\">26 Agosto\u00a0<\/span><\/b>sar\u00e0 la volta del\u00a0<b>GRAN GALA DELL&#8217;OPERETTA<\/b>: dalla Vedova Allegra alla Duchessa del Bel Tabarin, dal Cavallino Bianco a Cin-Ci-L\u00e0, le arie pi\u00f9 note del repertorio operettistico. La kermesse concertistica si concluder\u00e0 il \u00a0<b>30 Agosto\u00a0<\/b><span style=\"font-size: 16pt;\">con\u00a0<\/span><b>CANZONI ITALIANE D&#8217;AMORE<\/b>: omaggio alla canzone italiana; sentimenti evocativi del Bel Paese e della grande cultura artistica e musicale della\u00a0<i>Terra degli Dei<\/i>.<\/span><\/p>\n<p style=\"font-size: 18px; margin-bottom: 0cm; font-family: Cambria, Georgia, serif, EmojiFont, 'Apple Color Emoji', 'Segoe UI Emoji', NotoColorEmoji, 'Segoe UI Symbol', 'Android Emoji', EmojiSymbols;\"><span style=\"font-size: 20pt;\">Appuntamenti unici che legano la potenza della musica alle sontuosit\u00e0 architettoniche all&#8217;interno di un vero e proprio\u00a0<i>\u201cBalcone sul Barocco di Catania\u201d.<\/i><\/span><\/p>\n<\/div>\n","protected":false},"excerpt":{"rendered":"<p>Sabato\u00a015 Luglio, alle ore\u00a020.00, prender\u00e0 avvio la tanto attesa Stagione Lirica Estiva firmata\u00a0Coro Lirico Siciliano\u00a0in una delle cornici pi\u00f9 suggestive della citt\u00e0 etnea:\u00a0la terrazza barocca della Monumentale Chiesa della Badia<\/p>\n<div><a class=\"permalink\" href=\"https:\/\/www.radioempire.it\/index.php\/2017\/06\/25\/tramonti-musicali-sul-barocco-di-catania\/\">Read More&#8230;<\/a><\/div>\n","protected":false},"author":2,"featured_media":2609,"comment_status":"closed","ping_status":"closed","sticky":false,"template":"","format":"standard","meta":[],"categories":[3,36],"tags":[],"_links":{"self":[{"href":"https:\/\/www.radioempire.it\/index.php\/wp-json\/wp\/v2\/posts\/2608"}],"collection":[{"href":"https:\/\/www.radioempire.it\/index.php\/wp-json\/wp\/v2\/posts"}],"about":[{"href":"https:\/\/www.radioempire.it\/index.php\/wp-json\/wp\/v2\/types\/post"}],"author":[{"embeddable":true,"href":"https:\/\/www.radioempire.it\/index.php\/wp-json\/wp\/v2\/users\/2"}],"replies":[{"embeddable":true,"href":"https:\/\/www.radioempire.it\/index.php\/wp-json\/wp\/v2\/comments?post=2608"}],"version-history":[{"count":4,"href":"https:\/\/www.radioempire.it\/index.php\/wp-json\/wp\/v2\/posts\/2608\/revisions"}],"predecessor-version":[{"id":2616,"href":"https:\/\/www.radioempire.it\/index.php\/wp-json\/wp\/v2\/posts\/2608\/revisions\/2616"}],"wp:featuredmedia":[{"embeddable":true,"href":"https:\/\/www.radioempire.it\/index.php\/wp-json\/wp\/v2\/media\/2609"}],"wp:attachment":[{"href":"https:\/\/www.radioempire.it\/index.php\/wp-json\/wp\/v2\/media?parent=2608"}],"wp:term":[{"taxonomy":"category","embeddable":true,"href":"https:\/\/www.radioempire.it\/index.php\/wp-json\/wp\/v2\/categories?post=2608"},{"taxonomy":"post_tag","embeddable":true,"href":"https:\/\/www.radioempire.it\/index.php\/wp-json\/wp\/v2\/tags?post=2608"}],"curies":[{"name":"wp","href":"https:\/\/api.w.org\/{rel}","templated":true}]}}