{"id":27472,"date":"2021-10-29T15:30:15","date_gmt":"2021-10-29T15:30:15","guid":{"rendered":"https:\/\/www.radioempire.it\/?p=27472"},"modified":"2021-10-29T15:30:15","modified_gmt":"2021-10-29T15:30:15","slug":"aka-7even-6-pm","status":"publish","type":"post","link":"https:\/\/www.radioempire.it\/index.php\/2021\/10\/29\/aka-7even-6-pm\/","title":{"rendered":"Aka 7even &#8211; &#8220;6 PM&#8221;"},"content":{"rendered":"<p><strong>\u201c<em>Voglio raccontarvi di quel giorno in cui la musica \u00e8 diventata la mia migliore amica, la mia stella polare, il mio sogno<\/em>\u201d. Aka 7even, dopo aver annunciato l\u2019uscita del suo primo libro ed esser stato nominato agli MTV EMA 2021 nella categoria \u201cBest Italian Act\u201d, \u00e8 pronto a raccontarci un\u2019altra parte di s\u00e9 con il nuovo singolo, \u201c<em>6PM<\/em>\u201d<\/strong>\u00a0(Columbia Records Italy\/Sony Music Italy),<strong>\u00a0che<\/strong>\u00a0<strong>da oggi, venerd\u00ec 29 ottobre, \u00e8 in radio e su tutte le piattaforme streaming e digitali. Il brano \u00e8 disponibile al seguente link:\u00a0<\/strong><a href=\"http:\/\/email.mediasender.it\/ss\/c\/Yr9a4UPHwYyI-E_var5wCe6G1c-xHimyM_BWSY-H_O5j4fkggEce2Nj5FsZw-0lrYfUiz2-XUD7JFsClksfiQBW1n2dnPScSzjpyZXfBrvid9V2wQ2dpifySyAf388g9dpbKJU9PQTopYEHWPYfx_GJmb5pciQ_tIu1JUl2C7OJqYmdJ5cP-3gbMNDvk3VJ879S27hScCjjKEAPjKk3gwUFKksAD8baGUyMZYmetCp5Z86g6PD_GzvESrR_0-H55wLA2xwvd21qVc9CS068LjPokIO7f6WMfblHM49oDJkeoacq8g7DPidxIU25ROyiUmCBeGnBiEs0EcCLmr5i5OA\/3gk\/RpBby8NnQZy-RHepBS_PeA\/h2\/hTJU0dlk2UItTiK5_9v7ouiUur2apkAsjBrANh81sN8\" target=\"_blank\" rel=\"noopener\" data-saferedirecturl=\"https:\/\/www.google.com\/url?q=http:\/\/email.mediasender.it\/ss\/c\/Yr9a4UPHwYyI-E_var5wCe6G1c-xHimyM_BWSY-H_O5j4fkggEce2Nj5FsZw-0lrYfUiz2-XUD7JFsClksfiQBW1n2dnPScSzjpyZXfBrvid9V2wQ2dpifySyAf388g9dpbKJU9PQTopYEHWPYfx_GJmb5pciQ_tIu1JUl2C7OJqYmdJ5cP-3gbMNDvk3VJ879S27hScCjjKEAPjKk3gwUFKksAD8baGUyMZYmetCp5Z86g6PD_GzvESrR_0-H55wLA2xwvd21qVc9CS068LjPokIO7f6WMfblHM49oDJkeoacq8g7DPidxIU25ROyiUmCBeGnBiEs0EcCLmr5i5OA\/3gk\/RpBby8NnQZy-RHepBS_PeA\/h2\/hTJU0dlk2UItTiK5_9v7ouiUur2apkAsjBrANh81sN8&amp;source=gmail&amp;ust=1635589930716000&amp;usg=AFQjCNHfEOmrXZggRL0xJj4-yZMuf9OOAA\"><strong>https:\/\/aka7even.lnk.to\/6PM<\/strong><\/a><strong>.<\/p>\n<p><\/strong>\u201c<strong><em>6 PM<\/em><\/strong>\u201d, prodotta da\u00a0<strong>Cosmophonix<\/strong>,\u00a0<strong>porta con s\u00e9 la nostalgia di un amore finito, durato forse troppo poco e che ha il sapore dell\u2019estate gi\u00e0 finita.<\/strong>\u00a0Le lancette dell\u2019orologio non si possono fermare, il tempo scorre ma, per quello che una relazione pu\u00f2 dare, per quanto caduca essa sia, vale sempre la pena di essere vissuta.<\/p>\n<p><strong><em>\u201c6 PM\u00a0<\/em><\/strong>&#8211; commenta\u00a0<strong>Aka 7even<\/strong>\u00a0&#8211;\u00a0<strong><em>\u00e8 una power ballad malinconica che racconta la fine di un amore, \u00e8 una riflessione sul tempo e sul suo ruolo nella vita di tutti noi, nelle nostre relazioni. Ogni fine ha un sapore amaro, ma porta con s\u00e9 anche tanti ricordi, da ripercorrere e conservare. A fare da sfondo a questo viaggio, un\u2019atmosfera cittadina, quella del traffico delle 6 PM, che ha sostituito l\u2019estate terminata come tutte le cose che durano poco. Proprio come nel libro che potrete leggere tra poco, in 6PM mi sono messo a nudo. Spero che questo brano possa farvi conoscere ancora un\u2019altra sfumatura di me e della mia musica e che vi faccia cantare a squarciagola.<\/p>\n<p><\/em><\/strong>Se il nuovo brano ci racconta le emozioni racchiuse nel senso di una mancanza,\u00a0<strong>presto sar\u00e0 possibile conoscere meglio Aka 7even attraverso le pagine di \u201c<em>7 vite<\/em>\u201d, romanzo edito da Mondadori che sar\u00e0 disponibile in tutte le librerie a partire dal 23 novembre. Al link\u00a0<\/strong><a href=\"http:\/\/email.mediasender.it\/ss\/c\/Yr9a4UPHwYyI-E_var5wCe6G1c-xHimyM_BWSY-H_O5j4fkggEce2Nj5FsZw-0lrYfUiz2-XUD7JFsClksfiQBW1n2dnPScSzjpyZXfBrviEsv96MJUik0JC1XfRcYwzQB9ae0mu6Qmobw5VP5JNUuY02gNobVgeU1cBHApVXQXtznl2emQnj9spWERidlqax-5TCSHximJremPf1no1ufWeSRLH_r_FBcCT-Gy-EM3VN4GRmLFHoWDEtapr2z1hLDCj0hqJkQtdn5KQOy-D-chWN1WLBR5KjuaSI0suqoimN1zLMgy4huUdQYaY07cI\/3gk\/RpBby8NnQZy-RHepBS_PeA\/h3\/HTYcLVLfcK6juOxdVCtYzOQ3cb9THC7yMzcnTrJBwN8\" target=\"_blank\" rel=\"noopener\" data-saferedirecturl=\"https:\/\/www.google.com\/url?q=http:\/\/email.mediasender.it\/ss\/c\/Yr9a4UPHwYyI-E_var5wCe6G1c-xHimyM_BWSY-H_O5j4fkggEce2Nj5FsZw-0lrYfUiz2-XUD7JFsClksfiQBW1n2dnPScSzjpyZXfBrviEsv96MJUik0JC1XfRcYwzQB9ae0mu6Qmobw5VP5JNUuY02gNobVgeU1cBHApVXQXtznl2emQnj9spWERidlqax-5TCSHximJremPf1no1ufWeSRLH_r_FBcCT-Gy-EM3VN4GRmLFHoWDEtapr2z1hLDCj0hqJkQtdn5KQOy-D-chWN1WLBR5KjuaSI0suqoimN1zLMgy4huUdQYaY07cI\/3gk\/RpBby8NnQZy-RHepBS_PeA\/h3\/HTYcLVLfcK6juOxdVCtYzOQ3cb9THC7yMzcnTrJBwN8&amp;source=gmail&amp;ust=1635589930716000&amp;usg=AFQjCNHgHX4wBduj3wGjsOugZeStpPQiow\"><strong>https:\/\/bit.ly\/3p6pRJN<\/strong><\/a><strong>\u00a0\u00e8 gi\u00e0 possibile pre-acquistare una copia autografata del libro, che dar\u00e0 diritto alla partecipazione a un evento online esclusivo! Il 30 novembre 2021 alle ore 17:00 Aka 7even incontrer\u00e0 infatti i suoi fan in una chat room su Zoom.<\/strong><\/p>\n<p><strong>\u00a0BIOGRAFIA<br \/>\n<\/strong>Nome d\u2019arte di Luca Marzano,\u00a0<strong>Aka\u00a07even<\/strong>\u00a0nasce a Vico Equense (NA) il 23 Ottobre 2000. Si appassiona alla musica da giovanissimo, passione che diventa rifugio e scudo per ogni momento della sua vita. Entrato nel\u00a0roster\u00a0di\u00a0<strong>Cosmophonix\u00a0<wbr \/>Production<\/strong>, nel 2018 partecipa all\u2019undicesima edizione di\u00a0<strong>X\u00a0Factor\u00a0Italia<\/strong>, conquistando pubblico e critica grazie ad una vocalit\u00e0 unica e ad un\u2019incredibile capacit\u00e0 di fondere alla perfezione pop e cantautorato. A febbraio 2021, \u201c<strong><em>Mi Manchi<\/em><\/strong>\u201d, prodotto da\u00a0<strong>Cosmophonix<\/strong>, esordisce al primo posto della classifica italiana Itunes. Nella squadra di\u00a0<strong>Anna Pettinelli\u00a0<\/strong>e\u00a0<strong>Veronica\u00a0Peparini, Aka\u00a07even\u00a0<\/strong>si \u00e8 contraddistinto nella ventesima edizione di\u00a0<strong>Amici<\/strong>\u00a0per le sue doti cantautorali e di poli-strumentista. All\u2019interno della scuola ha scritto<strong>\u00a0\u201c<em>Mi Manchi<\/em>\u201d,\u00a0<\/strong>certificato\u00a0<strong>doppio disco di\u00a0platino\u00a0<\/strong>(dati diffusi da FIMI\/GfK\u00a0Italia). Il brano ha esordito al primo posto della classifica italiana Itunes e ha raggiunto anche la\u00a0<strong>Top 5 della Classifica dei Singoli Fimi<\/strong>, \u00e8 stato inoltre l\u2019unico brano della ventesima edizione del talent show a entrare nella\u00a0<strong>Viral50 global di Spotify<\/strong>. Dopo\u00a0Irama,<strong>\u00a0Aka\u00a07even<\/strong>\u00a0\u00e8 inoltre il primo artista di Amici a posizionarsi alla\u00a0<strong>#1 della Top 50 Italia Spotify<\/strong>. Sempre durante il programma, oltre a\u00a0<strong>\u201c<em>Mi Manchi\u201d,\u00a0<\/em><\/strong>l\u2019artista ha lanciato altri tre brani,\u00a0<strong><em>\u201cYellow\u201d, \u201cMille parole\u201d<\/em><\/strong>\u00a0e \u201c<strong><em>Loca<\/em><\/strong>\u201d che hanno collezionato a oggi\u00a0oltre 200 milioni di streaming in totale, di cui 43 milioni di\u00a0views.\u00a0<strong>Il suo disco d\u2019esordio \u201cAKA 7EVEN\u201d\u00a0<\/strong>(Columbia Records Italy\/Sony Music Italy)<strong>\u00a0\u00e8 gi\u00e0 certificato disco di platino, assieme al singolo \u201c<em>Loca<\/em>\u201d<\/strong>,\u00a0<strong>che<\/strong>\u00a0<strong>ha ottenuto invece il triplo disco di platino<\/strong>\u00a0(dati diffusi da Fimi\/GFK)<strong>.\u00a0<\/strong>Durante l\u2019estate \u00e8 uscito<strong>\u00a0\u201cAKA 7EVEN SUMMER EDITION\u201d\u00a0<\/strong>(Columbia Records Italy\/Sony Music Italy),<strong>\u00a0arricchito dai remix di \u201c<em>Black<\/em>\u201d, \u201c<em>Blue<\/em>\u201d e \u201c<em>Luna\u201d.<\/em><\/strong>\u00a0Il singolo \u201c<strong><em>Loca<\/em><\/strong><em>\u201d\u00a0<\/em>\u00e8 stato pubblicato anche in una\u00a0<strong>nuova versione in spagnolo<\/strong>\u00a0in collaborazione con l\u2019artista Robledo. Nel settembre 2021 \u00e8 a Venezia per la colonna sonora de\u00a0<strong><em>La Regina di Cuori<\/em><\/strong>, il progetto transmediale di Thomas Turolo con Beatrice Vendramin, Mariasole Pollio, Cristiano Caccamo e Giuseppe Battiston. Ha appena annunciato l\u2019uscita del suo primo libro,\u00a0<strong><em>\u201c7 vite\u201d<\/em><\/strong>, edito da Mondadori, prevista per il 23 novembre. \u00a0<strong>Aka\u00a07even<\/strong>\u00a0colpisce per ecletticit\u00e0 e personalit\u00e0 ed \u00e8 considerato uno dei pi\u00f9 promettenti talenti del nuovo cantautorato\u00a0urban-pop italiano.<\/p>\n<p>&nbsp;<\/p>\n<div><a href=\"http:\/\/email.mediasender.it\/ss\/c\/Yr9a4UPHwYyI-E_var5wCe6G1c-xHimyM_BWSY-H_O5j4fkggEce2Nj5FsZw-0lrYfUiz2-XUD7JFsClksfiQBW1n2dnPScSzjpyZXfBrvgtx7Rqp1Ar-bH49XOtQEco8QJnmyEHDNOGocmJd0GPBlIkuMJ1yMT1mT3YlCuqsX7aInvg3Jez11_8mXIJa5HjPmyI5tf5fHVvGwElLXQXFllAFyxZ-jbWgmTa17XnOf-DLibnLEfWoMrk2EjbDRUIxEQ7yeHhx2HkN6rCHZ5ugIAfD_ADHUfzVkrhARZAQOJlhOnzn4gnca_sJWjD-OGx3VUZwJKeLSVOhkGvFgNKsSF_cs6qZDPSyPmJQ49Bm_lGEWa9fWgrvDoZu4xuyntc\/3gk\/RpBby8NnQZy-RHepBS_PeA\/h4\/m0LYsQUYh4e63KM91v_gIX-gEnAL96ZqsG3GAY-mR44\" target=\"_blank\" rel=\"noopener\" data-saferedirecturl=\"https:\/\/www.google.com\/url?q=http:\/\/email.mediasender.it\/ss\/c\/Yr9a4UPHwYyI-E_var5wCe6G1c-xHimyM_BWSY-H_O5j4fkggEce2Nj5FsZw-0lrYfUiz2-XUD7JFsClksfiQBW1n2dnPScSzjpyZXfBrvgtx7Rqp1Ar-bH49XOtQEco8QJnmyEHDNOGocmJd0GPBlIkuMJ1yMT1mT3YlCuqsX7aInvg3Jez11_8mXIJa5HjPmyI5tf5fHVvGwElLXQXFllAFyxZ-jbWgmTa17XnOf-DLibnLEfWoMrk2EjbDRUIxEQ7yeHhx2HkN6rCHZ5ugIAfD_ADHUfzVkrhARZAQOJlhOnzn4gnca_sJWjD-OGx3VUZwJKeLSVOhkGvFgNKsSF_cs6qZDPSyPmJQ49Bm_lGEWa9fWgrvDoZu4xuyntc\/3gk\/RpBby8NnQZy-RHepBS_PeA\/h4\/m0LYsQUYh4e63KM91v_gIX-gEnAL96ZqsG3GAY-mR44&amp;source=gmail&amp;ust=1635589930716000&amp;usg=AFQjCNFNrygmK3_628z_PK_0qtePXsEy7g\">https:\/\/www.instagram.com\/aka_<wbr \/>7even_\/?hl=it<\/a><\/div>\n<div><a href=\"http:\/\/email.mediasender.it\/ss\/c\/Yr9a4UPHwYyI-E_var5wCe6G1c-xHimyM_BWSY-H_O5j4fkggEce2Nj5FsZw-0lrYfUiz2-XUD7JFsClksfiQBW1n2dnPScSzjpyZXfBrvgtx7Rqp1Ar-bH49XOtQEco1BK2STeJIAUAEHOuDKoM1mcwJDQsR9fe9e0D9X-RyHaKOr-su7SOxfHjxXGSjyy4LO8IfaghciBccAFUEBJmuo3CDCAOqX-lD6Cf3b5B-FYJV_ppXtHsL2P50y6VTkNQDVlQWQAFgXhl6EKb3p2Q4d8nQXWgc3nxRgPiKEDZosoNDpH5b_6e2hfqTHXlsl55VBe4C1yz5YFDqtgQ02H7nA0XliL_pHzZKhHUZcIuKpU\/3gk\/RpBby8NnQZy-RHepBS_PeA\/h5\/0gDrcs2ptHEDyMJT06lsfnVzpKNcSDpn5BhKDdWHIBc\" target=\"_blank\" rel=\"noopener\" data-saferedirecturl=\"https:\/\/www.google.com\/url?q=http:\/\/email.mediasender.it\/ss\/c\/Yr9a4UPHwYyI-E_var5wCe6G1c-xHimyM_BWSY-H_O5j4fkggEce2Nj5FsZw-0lrYfUiz2-XUD7JFsClksfiQBW1n2dnPScSzjpyZXfBrvgtx7Rqp1Ar-bH49XOtQEco1BK2STeJIAUAEHOuDKoM1mcwJDQsR9fe9e0D9X-RyHaKOr-su7SOxfHjxXGSjyy4LO8IfaghciBccAFUEBJmuo3CDCAOqX-lD6Cf3b5B-FYJV_ppXtHsL2P50y6VTkNQDVlQWQAFgXhl6EKb3p2Q4d8nQXWgc3nxRgPiKEDZosoNDpH5b_6e2hfqTHXlsl55VBe4C1yz5YFDqtgQ02H7nA0XliL_pHzZKhHUZcIuKpU\/3gk\/RpBby8NnQZy-RHepBS_PeA\/h5\/0gDrcs2ptHEDyMJT06lsfnVzpKNcSDpn5BhKDdWHIBc&amp;source=gmail&amp;ust=1635589930716000&amp;usg=AFQjCNEgAi4LgILe1C1Bh0PN9sAK2OtYOA\">https:\/\/www.facebook.com\/<wbr \/>Aka7even\/<\/a><\/div>\n","protected":false},"excerpt":{"rendered":"<p>\u201cVoglio raccontarvi di quel giorno in cui la musica \u00e8 diventata la mia migliore amica, la mia stella polare, il mio sogno\u201d. Aka 7even, dopo aver annunciato l\u2019uscita del suo<\/p>\n<div><a class=\"permalink\" href=\"https:\/\/www.radioempire.it\/index.php\/2021\/10\/29\/aka-7even-6-pm\/\">Read More&#8230;<\/a><\/div>\n","protected":false},"author":2,"featured_media":27473,"comment_status":"closed","ping_status":"closed","sticky":false,"template":"","format":"standard","meta":[],"categories":[3,36],"tags":[],"_links":{"self":[{"href":"https:\/\/www.radioempire.it\/index.php\/wp-json\/wp\/v2\/posts\/27472"}],"collection":[{"href":"https:\/\/www.radioempire.it\/index.php\/wp-json\/wp\/v2\/posts"}],"about":[{"href":"https:\/\/www.radioempire.it\/index.php\/wp-json\/wp\/v2\/types\/post"}],"author":[{"embeddable":true,"href":"https:\/\/www.radioempire.it\/index.php\/wp-json\/wp\/v2\/users\/2"}],"replies":[{"embeddable":true,"href":"https:\/\/www.radioempire.it\/index.php\/wp-json\/wp\/v2\/comments?post=27472"}],"version-history":[{"count":1,"href":"https:\/\/www.radioempire.it\/index.php\/wp-json\/wp\/v2\/posts\/27472\/revisions"}],"predecessor-version":[{"id":27474,"href":"https:\/\/www.radioempire.it\/index.php\/wp-json\/wp\/v2\/posts\/27472\/revisions\/27474"}],"wp:featuredmedia":[{"embeddable":true,"href":"https:\/\/www.radioempire.it\/index.php\/wp-json\/wp\/v2\/media\/27473"}],"wp:attachment":[{"href":"https:\/\/www.radioempire.it\/index.php\/wp-json\/wp\/v2\/media?parent=27472"}],"wp:term":[{"taxonomy":"category","embeddable":true,"href":"https:\/\/www.radioempire.it\/index.php\/wp-json\/wp\/v2\/categories?post=27472"},{"taxonomy":"post_tag","embeddable":true,"href":"https:\/\/www.radioempire.it\/index.php\/wp-json\/wp\/v2\/tags?post=27472"}],"curies":[{"name":"wp","href":"https:\/\/api.w.org\/{rel}","templated":true}]}}