{"id":27545,"date":"2021-11-02T11:02:03","date_gmt":"2021-11-02T11:02:03","guid":{"rendered":"https:\/\/www.radioempire.it\/?p=27545"},"modified":"2021-11-02T17:53:47","modified_gmt":"2021-11-02T17:53:47","slug":"il-volo-venerdi-5-novembre-esce-in-tutto-il-mondo-il-nuovo-atteso-album-il-volo-sings-morricone-il-10-novembre-in-prima-serata-su-rai-1-il-volo-tributo-a-ennio-m","status":"publish","type":"post","link":"https:\/\/www.radioempire.it\/index.php\/2021\/11\/02\/il-volo-venerdi-5-novembre-esce-in-tutto-il-mondo-il-nuovo-atteso-album-il-volo-sings-morricone-il-10-novembre-in-prima-serata-su-rai-1-il-volo-tributo-a-ennio-m\/","title":{"rendered":"IL VOLO: venerd\u00ec 5 novembre esce in tutto il mondo il nuovo atteso album \u201cIL VOLO SINGS MORRICONE\u201d."},"content":{"rendered":"<p><strong>\u00a0Il 10 novembre in prima serata su Rai 1 \u201cIL VOLO \u2013 TRIBUTO A ENNIO MORRICONE\u201d. Da marzo 2022 in tour mondiale con orchestra.<\/strong><\/p>\n<p style=\"font-weight: 400;\"><img loading=\"lazy\" class=\"alignleft size-medium wp-image-27547\" src=\"https:\/\/www.radioempire.it\/wp-content\/uploads\/2021\/11\/Cover-album_b-300x300.jpg\" alt=\"\" width=\"300\" height=\"300\" srcset=\"https:\/\/www.radioempire.it\/wp-content\/uploads\/2021\/11\/Cover-album_b-300x300.jpg 300w, https:\/\/www.radioempire.it\/wp-content\/uploads\/2021\/11\/Cover-album_b.jpg 1024w, https:\/\/www.radioempire.it\/wp-content\/uploads\/2021\/11\/Cover-album_b-150x150.jpg 150w, https:\/\/www.radioempire.it\/wp-content\/uploads\/2021\/11\/Cover-album_b-768x768.jpg 768w, https:\/\/www.radioempire.it\/wp-content\/uploads\/2021\/11\/Cover-album_b-188x188.jpg 188w\" sizes=\"(max-width: 300px) 100vw, 300px\" \/><\/p>\n<p style=\"font-weight: 400;\"><strong>Registrato ai FORUM STUDIOS di Roma<\/strong><\/p>\n<p style=\"font-weight: 400;\"><strong>con l\u2019ORCHESTRA ROMA SINFONIETTA diretta dal Maestro ROTA<\/strong><\/p>\n<p style=\"font-weight: 400;\"><strong>Con la collaborazione di DAVID GARRETT in \u201c<em>La Califfa<\/em>\u201d,\u00a0<\/strong><\/p>\n<p style=\"font-weight: 400;\"><strong>STJEPAN HAUSER dei 2Cellos in \u201c<em>Se<\/em>\u201d, CHRIS BOTTI in \u201c<em>Come Sail Away<\/em>\u201d e<\/strong><\/p>\n<p style=\"font-weight: 400;\"><strong>ANDREA GRIMINELLI in \u201c<em>Nella fantasia<\/em>\u201d\u00a0\u00a0<\/strong><\/p>\n<p style=\"font-weight: 400;\"><strong>Contiene il brano inedito \u201c<em>I colori dell\u2019amore<\/em>\u201d scritto da ANDREA MORRICONE\u00a0<\/strong><\/p>\n<p style=\"font-weight: 400;\"><strong>IL 10 NOVEMBRE IN PRIMA SERATA SU RAI 1<\/strong><\/p>\n<p style=\"font-weight: 400;\"><strong>il concerto evento registrato all\u2019Arena di Verona<\/strong><\/p>\n<p style=\"font-weight: 400;\"><strong>\u201cIL VOLO \u2013 TRIBUTO A ENNIO MORRICONE\u201d<\/strong><\/p>\n<p style=\"font-weight: 400;\"><strong>DA MARZO 2022 IN TOUR MONDIALE CON ORCHESTRA!<\/strong><\/p>\n<p style=\"font-weight: 400;\"><strong>Il 18 marzo al Radio City Music Hall di New York\u00a0<\/strong><\/p>\n<p style=\"font-weight: 400;\"><strong>Venerd\u00ec 5 novembre esce in tutto il mondo \u201c<em>IL VOLO SINGS MORRICONE<\/em>\u201d\u00a0<\/strong>(Epic\/Sony Music),<strong>\u00a0il nuovo atteso album de IL VOLO dedicato al Maestro, un viaggio travolgente dentro l\u2019arte di uno dei pi\u00f9 grandi compositori del Novecento, sulle cui musiche Piero Barone, Ignazio Boschetto e Gianluca Ginoble hanno lavorato per mesi.<\/strong><\/p>\n<p style=\"font-weight: 400;\"><strong>\u201c<em>IL VOLO SINGS MORRICONE<\/em>\u201d \u00e8 un progetto di Michele Torpedine. Un disco composto da 14 canzoni, brani che ripercorrono le melodie leggendarie del Maestro, impresse nella memoria di tutti.<\/strong><\/p>\n<p style=\"font-weight: 400;\">Oltre alle emozionanti reinterpretazioni, contiene l\u2019inedito\u00a0<strong><em>\u201cI colori dell\u2019amore\u201d<\/em><\/strong>, scritto per il trio da\u00a0<strong>Andrea Morricone<\/strong>, un brano che parla della\u00a0<strong>solitudine ai tempi del Covid<\/strong>, del rumore costante delle ambulanze \u2018un suono in lontananza serve a vivere\u2019, della difficolt\u00e0 a reagire mentre attoniti si guarda il mondo da una finestra e infine della sensazione di libert\u00e0 quando tutto \u00e8 finito e si pu\u00f2 riabbracciare il proprio amore. Comprende anche il brano di Ennio Morricone, tratto dalla colonna sonora del film \u2018Il buono, il brutto, il cattivo\u2019,\u00a0<strong>\u201c<em>The<\/em>\u00a0<em>Ecstasy of Gold<\/em>\u201d, per la prima volta accompagnato da un testo,<\/strong>\u00a0scritto sempre da\u00a0<strong>Andrea Morricone,\u00a0<\/strong>disponibile anche in Audio Spaziale con Dolby Atmos su Apple Music. Da domani, mercoled\u00ec 3 novembre,\u00a0<strong>sar\u00e0 online il video di \u201c<em>The<\/em>\u00a0<em>Ecstasy of Gold<\/em>\u201d<\/strong>, girato in Sardegna da YouNuts.<\/p>\n<p style=\"font-weight: 400;\">Nell\u2019album sono presenti anche altre importanti\u00a0<strong>collaborazioni<\/strong>: con il violinista\u00a0<strong>David Garrett<\/strong>\u00a0in \u201c<em>La Califfa<\/em>\u201d, con\u00a0<strong>Stjepan Hauser<\/strong>\u00a0dei 2Cellos in \u201c<em>Se<\/em>\u201d, con il trombettista\u00a0<strong>Chris Botti<\/strong>\u00a0in \u201c<em>Come Sail Away<\/em>\u201d e con il flautista\u00a0<strong>Andrea Griminelli<\/strong>\u00a0in \u201c<em>Nella fantasia<\/em>\u201d.<\/p>\n<p style=\"font-weight: 400;\">Per la registrazione dell\u2019album, avvenuta ai\u00a0<strong>Forum Studios di Roma, il Maestro Marcello Rota ha diretto la storica Orchestra Roma Sinfonietta<\/strong>\u00a0che, dal 1994, anno della sua fondazione, ha collaborato intensamente con il Maestro Ennio Morricone, eseguendo la sua musica sotto la sua direzione nei maggiori teatri del mondo.<\/p>\n<p style=\"font-weight: 400;\">Questa la tracklist dell\u2019album:<\/p>\n<ol>\n<li style=\"font-weight: 400;\"><strong><em>The Ecstasy of Gold<\/em><\/strong>\u00a0(da \u201cIl Buono, Il Brutto, Il Cattivo\u201d)<\/li>\n<li style=\"font-weight: 400;\"><strong><em>Your Love<\/em><\/strong>\u00a0(da \u201cC&#8217;era una volta il West\u201d)<\/li>\n<li style=\"font-weight: 400;\"><strong><em>Nella fantasia<\/em><\/strong><strong>\u00a0<\/strong>feat Andrea Griminelli (da \u201cMission\u201d)<\/li>\n<li style=\"font-weight: 400;\"><strong><em>Metti una sera a cena<\/em><\/strong>\u00a0(da \u201cMetti una sera a cena\u201d)<\/li>\n<li style=\"font-weight: 400;\"><strong><em>Se<\/em><\/strong><strong>\u00a0<\/strong>feat. HAUSER (da \u201cNuovo Cinema Paradiso\u201d)<\/li>\n<li style=\"font-weight: 400;\"><strong><em>La Califfa<\/em><\/strong><strong>\u00a0<\/strong>feat. David Garrett (da \u201cLa Califfa\u201d)<\/li>\n<li style=\"font-weight: 400;\"><strong><em>Conradiana<\/em><\/strong>\u00a0(da \u201cNostromo\u201d)<\/li>\n<li style=\"font-weight: 400;\"><strong><em>E pi\u00f9 ti penso<\/em><\/strong>\u00a0(da \u201cC&#8217;era una volta in America\/ Mal\u00e8na\u201d)<\/li>\n<li style=\"font-weight: 400;\"><strong><em>Se telefonando<\/em><\/strong><\/li>\n<li style=\"font-weight: 400;\"><strong><em>Come Sail Away<\/em><\/strong>\u00a0feat. Chris Botti<\/li>\n<li style=\"font-weight: 400;\"><strong><em>Would He Even No Me Know?<\/em><\/strong>\u00a0(da \u201cNuovo Cinema Paradiso\u201d)<\/li>\n<li style=\"font-weight: 400;\"><strong><em>Amalia por amor<\/em><\/strong><\/li>\n<li style=\"font-weight: 400;\"><strong><em>Here\u2019s To You<\/em><\/strong>\u00a0(da \u201cSacco &amp; Vanzetti\u201d)<\/li>\n<li style=\"font-weight: 400;\"><strong><em>I colori dell\u2019amore<\/em><\/strong><\/li>\n<\/ol>\n<p style=\"font-weight: 400;\"><strong>\u00c8 disponibile il preorder \/ pre save dell\u2019album in versione digitale e fisica al seguente link:\u00a0<\/strong><a href=\"https:\/\/ilvolo.lnk.to\/IlVoloSingsMorricone\" data-saferedirecturl=\"https:\/\/www.google.com\/url?q=https:\/\/ilvolo.lnk.to\/IlVoloSingsMorricone&amp;source=gmail&amp;ust=1635936908450000&amp;usg=AFQjCNEnrnJwvTpmGP8rjraGfLF4YxOb9Q\"><strong>https:\/\/ILVOLO.lnk.to\/IlVoloSingsMorricone<\/strong><\/a><strong>.\u00a0<\/strong>L\u2019album sar\u00e0 acquistabile nei seguenti formati: CD standard, CD Deluxe Version, doppio Vinile colorato, doppio Vinile nero.<\/p>\n<p style=\"font-weight: 400;\"><strong>Il 10 novembre<\/strong>, proprio nell\u2019anniversario della nascita di Ennio Morricone,\u00a0<strong>andr\u00e0 in onda in replica e nuovamente in prima serata su RAI 1 il concerto evento dall\u2019Arena di Verona \u201cIL VOLO \u2013 TRIBUTO A ENNIO MORRICONE\u201d!\u00a0<\/strong>Il live de Il Volo ha gi\u00e0 conquistato la prima serata\u00a0<strong>a giugno 2021, trasmesso in diretta su RAI 1 dove ha totalizzato un record di ascolti<\/strong>, vincendo la prima serata con il 25,8% di share e conquistando 4.702.000 telespettatori.<\/p>\n<p style=\"font-weight: 400;\">Andr\u00e0 in onda nelle prossime settimane anche sull\u2019importante emittente pubblica statunitense PBS &#8211; Public Broadcasting Service.<\/p>\n<p style=\"font-weight: 400;\">Piero, Ignazio e Gianluca dedicano cos\u00ec\u00a0<strong>parte della loro straordinaria carriera a Ennio Morricone,\u00a0<\/strong>a un anno dalla sua scomparsa, per la profonda stima e rispetto che provano nei suoi confronti,\u00a0<strong>supportati in questo grande progetto mondiale, proprio dalla famiglia del Maestro.<\/strong>\u00a0Un percorso segnato, oltre che dall\u2019imminente uscita dell\u2019album, anche dal 71\u00b0 Festival di Sanremo, dove sono stati ospiti, dal concerto \u201cIL VOLO \u2013 TRIBUTO A ENNIO MORRICONE\u201d e dalla partecipazione con\u00a0<strong>Vittorio Storaro<\/strong>\u00a0alla 78\u00b0 Mostra internazionale d\u2019arte cinematografica di Venezia.<\/p>\n<p style=\"font-weight: 400;\"><strong>Da marzo 2022 Il Volo torner\u00e0 in tour con oltre 100 concerti in tutto il mondo!\u00a0<\/strong><\/p>\n<p style=\"font-weight: 400;\"><strong>Una serie di date in cui il trio, accompagnato dall\u2019orchestra, interpreter\u00e0 i brani di repertorio che lo hanno ormai reso celebre nei maggiori teatri e palasport del mondo e far\u00e0 rivivere la magia di questo progetto dedicato al Maestro Morricone,\u00a0<\/strong>eccellenza italiana la cui arte non conosce confini.<strong>\u00a0<\/strong><\/p>\n<p style=\"font-weight: 400;\"><strong>Il tour partir\u00e0 dagli USA a marzo 2022 dove, tra le tante tappe, arriver\u00e0 anche al Radio City Music Hall di New York il 18 marzo.\u00a0<\/strong><\/p>\n<p style=\"font-weight: 400;\"><strong>Proseguir\u00e0 con concerti in America Latina, in tutta Europa, comprese nuove date in Italia, e in Giappone\u00a0<\/strong>(con date al Bunkamura di Tokyo, nei maggiori teatri di Osaka e Kyoto),<strong>\u00a0raggiungendo pi\u00f9 volte in tutto l\u2019anno i diversi continenti!\u00a0<\/strong>Tutte le date del tour verranno comunicate nelle prossime settimane.<\/p>\n<p><a href=\"https:\/\/remote.paroleedintorni.it\/owa\/redir.aspx?SURL=Y_gOiM8NuxpnJLHMQCUKVKHBZdNMeWwH0oHPMO-fwHon85Y91hLSCGgAdAB0AHAAOgAvAC8AdwB3AHcALgBpAGwAdgBvAGwAbwBtAHUAcwBpAGMALgBjAG8AbQA.&amp;URL=http%3a%2f%2fwww.ilvolomusic.com\" data-saferedirecturl=\"https:\/\/www.google.com\/url?q=https:\/\/remote.paroleedintorni.it\/owa\/redir.aspx?SURL%3DY_gOiM8NuxpnJLHMQCUKVKHBZdNMeWwH0oHPMO-fwHon85Y91hLSCGgAdAB0AHAAOgAvAC8AdwB3AHcALgBpAGwAdgBvAGwAbwBtAHUAcwBpAGMALgBjAG8AbQA.%26URL%3Dhttp%253a%252f%252fwww.ilvolomusic.com&amp;source=gmail&amp;ust=1635936908450000&amp;usg=AFQjCNFC6TeQLavmX21hPKm13Y0lD3ba_Q\"><strong>www.ilvolomusic.com<\/strong><\/a>\u00a0&#8211;\u00a0<a href=\"http:\/\/www.instagram.com\/ilvolomusic\/?hl=it\" data-saferedirecturl=\"https:\/\/www.google.com\/url?q=http:\/\/www.instagram.com\/ilvolomusic\/?hl%3Dit&amp;source=gmail&amp;ust=1635936908450000&amp;usg=AFQjCNFhwrOzZvPqQdkjz6vvGekivPUxrg\"><strong>www.instagram.com\/ilvolomusic\/?hl=it<\/strong><\/a><strong>\u00a0<\/strong>&#8211;\u00a0<a href=\"http:\/\/www.facebook.com\/ilvolomusic\/\" data-saferedirecturl=\"https:\/\/www.google.com\/url?q=http:\/\/www.facebook.com\/ilvolomusic\/&amp;source=gmail&amp;ust=1635936908450000&amp;usg=AFQjCNF5sMtaj13YcLYqXmbru9qYeALXhg\"><strong>www.facebook.com\/ilvolomusic\/<\/strong><\/a><\/p>\n","protected":false},"excerpt":{"rendered":"<p>\u00a0Il 10 novembre in prima serata su Rai 1 \u201cIL VOLO \u2013 TRIBUTO A ENNIO MORRICONE\u201d. Da marzo 2022 in tour mondiale con orchestra. Registrato ai FORUM STUDIOS di Roma<\/p>\n<div><a class=\"permalink\" href=\"https:\/\/www.radioempire.it\/index.php\/2021\/11\/02\/il-volo-venerdi-5-novembre-esce-in-tutto-il-mondo-il-nuovo-atteso-album-il-volo-sings-morricone-il-10-novembre-in-prima-serata-su-rai-1-il-volo-tributo-a-ennio-m\/\">Read More&#8230;<\/a><\/div>\n","protected":false},"author":2,"featured_media":27546,"comment_status":"closed","ping_status":"closed","sticky":false,"template":"","format":"standard","meta":[],"categories":[3,36],"tags":[],"_links":{"self":[{"href":"https:\/\/www.radioempire.it\/index.php\/wp-json\/wp\/v2\/posts\/27545"}],"collection":[{"href":"https:\/\/www.radioempire.it\/index.php\/wp-json\/wp\/v2\/posts"}],"about":[{"href":"https:\/\/www.radioempire.it\/index.php\/wp-json\/wp\/v2\/types\/post"}],"author":[{"embeddable":true,"href":"https:\/\/www.radioempire.it\/index.php\/wp-json\/wp\/v2\/users\/2"}],"replies":[{"embeddable":true,"href":"https:\/\/www.radioempire.it\/index.php\/wp-json\/wp\/v2\/comments?post=27545"}],"version-history":[{"count":3,"href":"https:\/\/www.radioempire.it\/index.php\/wp-json\/wp\/v2\/posts\/27545\/revisions"}],"predecessor-version":[{"id":27561,"href":"https:\/\/www.radioempire.it\/index.php\/wp-json\/wp\/v2\/posts\/27545\/revisions\/27561"}],"wp:featuredmedia":[{"embeddable":true,"href":"https:\/\/www.radioempire.it\/index.php\/wp-json\/wp\/v2\/media\/27546"}],"wp:attachment":[{"href":"https:\/\/www.radioempire.it\/index.php\/wp-json\/wp\/v2\/media?parent=27545"}],"wp:term":[{"taxonomy":"category","embeddable":true,"href":"https:\/\/www.radioempire.it\/index.php\/wp-json\/wp\/v2\/categories?post=27545"},{"taxonomy":"post_tag","embeddable":true,"href":"https:\/\/www.radioempire.it\/index.php\/wp-json\/wp\/v2\/tags?post=27545"}],"curies":[{"name":"wp","href":"https:\/\/api.w.org\/{rel}","templated":true}]}}