{"id":29898,"date":"2022-01-28T11:53:23","date_gmt":"2022-01-28T11:53:23","guid":{"rendered":"https:\/\/www.radioempire.it\/?p=29898"},"modified":"2022-01-28T11:53:23","modified_gmt":"2022-01-28T11:53:23","slug":"antonello-venditti-francesco-de-gregori-ricordati-di-me","status":"publish","type":"post","link":"https:\/\/www.radioempire.it\/index.php\/2022\/01\/28\/antonello-venditti-francesco-de-gregori-ricordati-di-me\/","title":{"rendered":"Antonello Venditti, Francesco De Gregori &#8211; &#8220;Ricordati di me&#8221;"},"content":{"rendered":"<div><strong>VENDITTI &amp; DE GREGORI<\/strong><\/div>\n<div><strong>\u00a0<\/strong><\/div>\n<div><strong>UNISCONO LE LORO VOCI REINTERPRETANDO DUE BRANI CHE<\/strong><\/div>\n<div><strong>HANNO SEGNATO LE LORO CARRIERE E LA STORIA DELLA MUSICA ITALIANA<\/strong><\/div>\n<div><strong>\u00a0<\/strong><\/div>\n<div>\u00a0\u201c<strong>GENERALE<\/strong>\u201d e \u201c<strong>RICORDATI DI ME<\/strong>\u201d<\/div>\n<div><\/div>\n<div><strong>DA OGGI SULLE PIATTAFORME STREAMING E IN DIGITAL DOWNLOAD<\/strong><\/div>\n<div><strong>\u00a0<\/strong><\/div>\n<div><strong>I BRANI SARANNO CONTENUTI<\/strong><\/div>\n<div><strong>IN UN IMPERDIBILE 45 GIRI DA COLLEZIONE IN USCITA IL 4 MARZO<\/strong><\/div>\n<div><strong>\u00a0<\/strong><\/div>\n<div><strong>DA OGGI IN RADIO \u201cRICORDATI DI ME\u201d<\/strong><\/div>\n<div><strong>\u00a0<\/strong><\/div>\n<div><strong>IL 18 GIUGNO L\u2019ESCLUSIVO CONCERTO NEL CUORE DELLA CAPITALE<\/strong><\/div>\n<div><strong><em>STADIO OLIMPICO<\/em><\/strong>\u00a0<strong>&#8211; ROMA<\/strong><\/div>\n<div><strong>\u00a0<\/strong><\/div>\n<div><strong>In attesa del concerto nel cuore della Capitale, che si terr\u00e0 il 18 GIUGNO 2022 allo STADIO OLIMPICO di Roma<\/strong>,\u00a0<strong>FRANCESCO DE GREGORI<\/strong>\u00a0<strong>e ANTONELLO VENDITTI<\/strong>\u00a0hanno unito le loro voci reinterpretando due brani che hanno segnato le loro carriere e la storia della musica italiana: \u201c<strong><em>Generale<\/em><\/strong>\u201d e\u00a0<em>\u201c<strong>Ricordati di Me<\/strong><\/em>\u201d.<\/p>\n<p><strong>Disponibili in digitale da oggi<\/strong>, venerd\u00ec 28 gennaio,\u00a0<strong>i brani\u00a0<\/strong>\u201c<strong><em>Generale<\/em><\/strong>\u201d e\u00a0<em>\u201c<strong>Ricordati di Me<\/strong><\/em>\u201d\u00a0<strong>saranno contenuti in un esclusivo 45 giri da collezione, in uscita il 4 marzo su Amazon, e gi\u00e0 disponibile\u00a0 in pre-order al seguente link:\u00a0<a href=\"https:\/\/panel2.mediasender.it\/api\/?class=client&amp;method=tl&amp;o=postcard&amp;u=ZXQ3bFExTjd3L2NFNFVLcUJkTnNrMEZ5Q21BV0dRdmx4NnliTUVkeWd6R2lKVTFzWmdyKzBybWpISDh1MzFBdjQrTmVWaE9IbkRYWFlESTVyM1FJQlZkZWc3dlRMaVc2OU1JNWR6YURmTnVGZkF2MG1QTkluRkxGdlVPMWFIOWc5MFR1YnAvQ0w5cFRVMkpibkV2TUdOL3djUEZQMjh3dHZMcmc0WTdWbVRjaFdiYWxDNG1GN0ZmUEdzaS9WWmFmQkRmVXVmWmdlcTk4d1JYdEEwR0p3by90bnZONHFWT280bGFxd0k4RFZEVUFmL1djeUdNY1VOWVduUnpvbm9kQ1J1S2s5cGZFQkxKM3h4VCtUeWRCeTZjejBnVm9SSE1DallBTEVldUZOZ2w2cWVkUGtlZFdUWFpXSlU0a1B3cGJEanZkbWxycmUzcFQ0cFp5OHdUMGFlZkdoTHZkeXA4b3V6dWdWNUhCaFpuSUZuT3YwQ29QWk11a3p0N2phYzFsVFkvL3pnMEI2N2x6NmFTZVoxR1pmQnFDSFBQd3JJTmEyVDQ3Z09oRUw3YWVTTlhiL2RXUGZ4UFVBTjZEZEJ6UTVqNDBhSjZFWUUzZG1FbUhRZEZmd1N2WmJleGwwbVhaQy9Nb0FKMnYxeTUwYTdpM1MrWnNuR0tnNHpmV3ZhTDlsZz09&amp;c=ZXQ3bFExTjd3L2NBK1VxMFJvaHgzUkpRTjBzPQ==&amp;mq=fc0589e62c06b8397a3232cda3c98ad2\">https:\/\/amz.run\/5GQB<\/a>\u00a0<\/strong><\/div>\n<div><strong><br \/>\nDa oggi in rotazione radiofonica<\/strong>\u00a0\u201c<strong><em>Ricordati di me<\/em><\/strong>\u201d.<\/div>\n<div>\nUna storia comune e diversa, quella di due artisti che hanno segnato la musica italiana:\u00a0<strong>VENDITTI &amp; DE GREGORI<\/strong>\u00a0cominciano a collaborare poco pi\u00f9 che ventenni durante un viaggio in Ungheria, scrivono le loro prime canzoni insieme, per arrivare al comune esordio discografico con\u00a0<em>Theorius Campus\u00a0<\/em>dove Antonello incide \u201c<em>Roma Capoccia\u201d<\/em>, subito grandissimo successo, e Francesco \u201c<em>Signora Aquilone\u201d<\/em>. Un disco che sanc\u00ec per entrambi l\u2019inizio del proprio percorso artistico\u2026 il resto \u00e8 storia\u2026<\/div>\n<div>\nDue personalit\u00e0 differenti, ma affini. Due stature artistiche diverse, ognuna con la sua poetica.\u00a0<strong>Dopo oltre 50 anni<\/strong>\u00a0<strong>VENDITTI &amp; DE GREGORI<\/strong>\u00a0<strong>torneranno insieme protagonisti sul palco dello Stadio Olimpico di Roma<\/strong>, nella loro citt\u00e0, l\u00e0 dove tutto inizi\u00f2.<\/div>\n<div><strong><br \/>\nI biglietti gi\u00e0 acquistati per lo show<\/strong>, inizialmente previsto il 5 settembre 2020 e poi il 17 luglio 2021,<strong>\u00a0rimangono validi per il concerto di sabato 18 GIUGNO 2022. Tutte le informazioni sui biglietti sono disponibili al seguente link:\u00a0<a href=\"https:\/\/panel2.mediasender.it\/api\/?class=client&amp;method=tl&amp;o=postcard&amp;u=ZXQ3bFF4cHV3NjhXNHg3OFJwUjZuRU5rQjJjY0FobTV3N0NSTmxFL25pemlMZzltZlIzOWtMV25YSDhrd0F0NXUrSkNEZytIaVNiTEtXaFY2eWdnVlFsMGc2TEFMVGppNkk1bFIycWxXZkNN&amp;c=WmQzbUhVWXpoYjBQOEVQN1dwbHZrMVZqQ0d3S0FWYWl3dz09&amp;mq=fc0589e62c06b8397a3232cda3c98ad2\">www.friendsandpartners.it<\/a><\/strong><\/div>\n<p>&nbsp;<\/p>\n<p><a href=\"https:\/\/panel2.mediasender.it\/api\/?class=client&amp;method=tl&amp;o=postcard&amp;u=ZXQ3bFF4cHV3NjhXNHg3K1VacHRsMEI0RkdCV0hCMi8=&amp;c=WmQzbUhVUWtpNm9FODEvb1hkTnhsMU09&amp;mq=fc0589e62c06b8397a3232cda3c98ad2\">www.degregori.net<\/a>\u00a0&#8211; \u00a0<a href=\"https:\/\/panel2.mediasender.it\/api\/?class=client&amp;method=tl&amp;o=postcard&amp;u=ZXQ3bFF4cHV3NjhXNHg3N1dvbHduRUo3Q21ZT0Z4YXYzcXFBTFF4NGd3PT0=&amp;c=WmQzbUhVRXZtTGNQOFZ6Mlc0dDZuRU4rRW4wUlhCRy8=&amp;mq=fc0589e62c06b8397a3232cda3c98ad2\">www.antonellovenditti.it<\/a><\/p>\n","protected":false},"excerpt":{"rendered":"<p>VENDITTI &amp; DE GREGORI \u00a0 UNISCONO LE LORO VOCI REINTERPRETANDO DUE BRANI CHE HANNO SEGNATO LE LORO CARRIERE E LA STORIA DELLA MUSICA ITALIANA \u00a0 \u00a0\u201cGENERALE\u201d e \u201cRICORDATI DI ME\u201d<\/p>\n<div><a class=\"permalink\" href=\"https:\/\/www.radioempire.it\/index.php\/2022\/01\/28\/antonello-venditti-francesco-de-gregori-ricordati-di-me\/\">Read More&#8230;<\/a><\/div>\n","protected":false},"author":2,"featured_media":29899,"comment_status":"closed","ping_status":"closed","sticky":false,"template":"","format":"standard","meta":[],"categories":[3,36],"tags":[],"_links":{"self":[{"href":"https:\/\/www.radioempire.it\/index.php\/wp-json\/wp\/v2\/posts\/29898"}],"collection":[{"href":"https:\/\/www.radioempire.it\/index.php\/wp-json\/wp\/v2\/posts"}],"about":[{"href":"https:\/\/www.radioempire.it\/index.php\/wp-json\/wp\/v2\/types\/post"}],"author":[{"embeddable":true,"href":"https:\/\/www.radioempire.it\/index.php\/wp-json\/wp\/v2\/users\/2"}],"replies":[{"embeddable":true,"href":"https:\/\/www.radioempire.it\/index.php\/wp-json\/wp\/v2\/comments?post=29898"}],"version-history":[{"count":1,"href":"https:\/\/www.radioempire.it\/index.php\/wp-json\/wp\/v2\/posts\/29898\/revisions"}],"predecessor-version":[{"id":29900,"href":"https:\/\/www.radioempire.it\/index.php\/wp-json\/wp\/v2\/posts\/29898\/revisions\/29900"}],"wp:featuredmedia":[{"embeddable":true,"href":"https:\/\/www.radioempire.it\/index.php\/wp-json\/wp\/v2\/media\/29899"}],"wp:attachment":[{"href":"https:\/\/www.radioempire.it\/index.php\/wp-json\/wp\/v2\/media?parent=29898"}],"wp:term":[{"taxonomy":"category","embeddable":true,"href":"https:\/\/www.radioempire.it\/index.php\/wp-json\/wp\/v2\/categories?post=29898"},{"taxonomy":"post_tag","embeddable":true,"href":"https:\/\/www.radioempire.it\/index.php\/wp-json\/wp\/v2\/tags?post=29898"}],"curies":[{"name":"wp","href":"https:\/\/api.w.org\/{rel}","templated":true}]}}