{"id":29904,"date":"2022-01-28T13:44:17","date_gmt":"2022-01-28T13:44:17","guid":{"rendered":"https:\/\/www.radioempire.it\/?p=29904"},"modified":"2022-01-29T15:53:20","modified_gmt":"2022-01-29T15:53:20","slug":"venditti-de-gregori-uniscono-le-loro-voci-reinterpretando-2-brani-che-hanno-segnato-le-loro-carriere-generale-e-ricordati-di-me-da-oggi-in-radio-che-saranno-contenuti-in-un-45-giri-da-co","status":"publish","type":"post","link":"https:\/\/www.radioempire.it\/index.php\/2022\/01\/28\/venditti-de-gregori-uniscono-le-loro-voci-reinterpretando-2-brani-che-hanno-segnato-le-loro-carriere-generale-e-ricordati-di-me-da-oggi-in-radio-che-saranno-contenuti-in-un-45-giri-da-co\/","title":{"rendered":"VENDITTI &#038; DE GREGORI uniscono le loro voci reinterpretando 2 brani che hanno segnato le loro carriere, &#8220;GENERALE&#8221; e &#8220;RICORDATI DI Me&#8221; (da oggi in radio), che saranno contenuti in un 45 giri da collezione, in uscita il 4 marzo."},"content":{"rendered":"<p style=\"font-weight: 400;\"><strong>DA OGGI IN RADIO \u201cRICORDATI DI ME\u201d<\/strong><\/p>\n<p style=\"font-weight: 400;\"><strong>\u00a0<\/strong><strong>IL 18 GIUGNO L\u2019ESCLUSIVO CONCERTO NEL CUORE DELLA CAPITALE<\/strong><\/p>\n<p style=\"font-weight: 400;\"><strong><em>STADIO OLIMPICO<\/em><\/strong><strong><em>\u00a0<\/em><\/strong><strong>&#8211; ROMA<\/strong><\/p>\n<p style=\"font-weight: 400;\"><strong>\u00a0<\/strong><strong>In attesa del concerto nel cuore della Capitale, che si terr\u00e0 il 18 GIUGNO 2022 allo STADIO OLIMPICO di Roma<\/strong>,\u00a0<strong>FRANCESCO DE GREGORI<\/strong>\u00a0<strong>e ANTONELLO VENDITTI<\/strong>\u00a0hanno unito le loro voci reinterpretando due brani che hanno segnato le loro carriere e la storia della musica italiana: \u201c<strong><em>Generale<\/em><\/strong>\u201d e\u00a0<em>\u201c<strong>Ricordati di Me<\/strong><\/em>\u201d.<\/p>\n<p style=\"font-weight: 400;\"><strong>Disponibili in digitale da oggi<\/strong>, venerd\u00ec 28 gennaio,\u00a0<strong>i brani\u00a0<\/strong>\u201c<strong><em>Generale<\/em><\/strong>\u201d (<a href=\"https:\/\/smi.lnk.to\/generale_\" data-saferedirecturl=\"https:\/\/www.google.com\/url?q=https:\/\/smi.lnk.to\/generale_&amp;source=gmail&amp;ust=1643452563012000&amp;usg=AOvVaw32DrRzFTVRYsc2KNsTlOi1\">https:\/\/smi.lnk.to\/generale_<\/a>) e\u00a0<em>\u201c<strong>Ricordati di Me<\/strong><\/em>\u201d (<a href=\"https:\/\/smi.lnk.to\/ricordatidime\" data-saferedirecturl=\"https:\/\/www.google.com\/url?q=https:\/\/smi.lnk.to\/ricordatidime&amp;source=gmail&amp;ust=1643452563012000&amp;usg=AOvVaw1JMv3luxSjC6Atudl6-T1y\">https:\/\/smi.lnk.to\/ricordatidime<\/a>)\u00a0<strong>saranno contenuti in un esclusivo 45 giri da collezione, in uscita il 4 marzo su Amazon, e gi\u00e0 disponibile in pre-order al seguente link:\u00a0<\/strong><a href=\"https:\/\/eur01.safelinks.protection.outlook.com\/?url=https%3A%2F%2Famz.run%2F5GQB&amp;data=04%7C01%7Cornella.chiparo%40sonymusic.com%7Ca4e6e5fb01fd4bfa8b5108d9e237ce1d%7Cf0aff3b791a54aaeaf71c63e1dda2049%7C0%7C0%7C637789551570018773%7CUnknown%7CTWFpbGZsb3d8eyJWIjoiMC4wLjAwMDAiLCJQIjoiV2luMzIiLCJBTiI6Ik1haWwiLCJXVCI6Mn0%3D%7C3000&amp;sdata=%2F1JKR8ZD1mZGt0BJRCBQobkzUUsb1EbRJ0KcfcxkYxQ%3D&amp;reserved=0\" data-saferedirecturl=\"https:\/\/www.google.com\/url?q=https:\/\/eur01.safelinks.protection.outlook.com\/?url%3Dhttps%253A%252F%252Famz.run%252F5GQB%26data%3D04%257C01%257Cornella.chiparo%2540sonymusic.com%257Ca4e6e5fb01fd4bfa8b5108d9e237ce1d%257Cf0aff3b791a54aaeaf71c63e1dda2049%257C0%257C0%257C637789551570018773%257CUnknown%257CTWFpbGZsb3d8eyJWIjoiMC4wLjAwMDAiLCJQIjoiV2luMzIiLCJBTiI6Ik1haWwiLCJXVCI6Mn0%253D%257C3000%26sdata%3D%252F1JKR8ZD1mZGt0BJRCBQobkzUUsb1EbRJ0KcfcxkYxQ%253D%26reserved%3D0&amp;source=gmail&amp;ust=1643452563012000&amp;usg=AOvVaw0VYvVtFpPCqySrZJpskH_h\">https:\/\/amz.run\/5GQB<\/a>.\u00a0<strong>Da oggi in rotazione radiofonica<\/strong>\u00a0\u201c<strong><em>Ricordati di me<\/em><\/strong>\u201d.<\/p>\n<p style=\"font-weight: 400;\">Una storia comune e diversa, quella di due artisti che hanno segnato la musica italiana:\u00a0<strong>VENDITTI &amp; DE GREGORI<\/strong>\u00a0cominciano a collaborare poco pi\u00f9 che ventenni durante un viaggio in Ungheria, scrivono le loro prime canzoni insieme, per arrivare al comune esordio discografico con\u00a0<em>Theorius Campus\u00a0<\/em>dove Antonello incide \u201c<em>Roma Capoccia\u201d<\/em>, subito grandissimo successo, e Francesco \u201c<em>Signora Aquilone\u201d<\/em>. Un disco che sanc\u00ec per entrambi l\u2019inizio del proprio percorso artistico\u2026 il resto \u00e8 storia\u2026<\/p>\n<p style=\"font-weight: 400;\">Due personalit\u00e0 differenti, ma affini. Due stature artistiche diverse, ognuna con la sua poetica.\u00a0<strong>Dopo oltre 50 anni<\/strong>\u00a0<strong>VENDITTI &amp; DE GREGORI<\/strong>\u00a0<strong>torneranno insieme protagonisti sul palco dello Stadio Olimpico di Roma<\/strong>, nella loro citt\u00e0, l\u00e0 dove tutto inizi\u00f2.<\/p>\n<p style=\"font-weight: 400;\"><strong>I biglietti gi\u00e0 acquistati per lo show<\/strong>, inizialmente previsto il 5 settembre 2020 e poi il 17 luglio 2021,<strong>\u00a0rimangono validi per il concerto di sabato 18 GIUGNO 2022.<\/strong><\/p>\n<p style=\"font-weight: 400;\"><strong>Tutte le informazioni sui biglietti sono disponibili al seguente link:\u00a0<a href=\"http:\/\/www.friendsandpartners.it\/elenco-concerti-spettacoli-annullati-o-rinviati\/\" data-saferedirecturl=\"https:\/\/www.google.com\/url?q=http:\/\/www.friendsandpartners.it\/elenco-concerti-spettacoli-annullati-o-rinviati\/&amp;source=gmail&amp;ust=1643452563012000&amp;usg=AOvVaw1j6E8V3VZ8b45KdziIWYoi\">www.friendsandpartners.it<\/a><\/strong>.<\/p>\n<p><a href=\"http:\/\/www.degregori.net\/\" data-saferedirecturl=\"https:\/\/www.google.com\/url?q=http:\/\/www.degregori.net&amp;source=gmail&amp;ust=1643452563012000&amp;usg=AOvVaw1S7lSctv6_fuyYW8DMRHNN\">www.degregori.net<\/a>\u00a0&#8211;\u00a0\u00a0<a href=\"http:\/\/www.antonellovenditti.it\/\" data-saferedirecturl=\"https:\/\/www.google.com\/url?q=http:\/\/www.antonellovenditti.it&amp;source=gmail&amp;ust=1643452563012000&amp;usg=AOvVaw2W50wKuV-TAgyu80rGS3qq\">www.antonellovenditti.it<\/a><\/p>\n","protected":false},"excerpt":{"rendered":"<p>DA OGGI IN RADIO \u201cRICORDATI DI ME\u201d \u00a0IL 18 GIUGNO L\u2019ESCLUSIVO CONCERTO NEL CUORE DELLA CAPITALE STADIO OLIMPICO\u00a0&#8211; ROMA \u00a0In attesa del concerto nel cuore della Capitale, che si terr\u00e0<\/p>\n<div><a class=\"permalink\" href=\"https:\/\/www.radioempire.it\/index.php\/2022\/01\/28\/venditti-de-gregori-uniscono-le-loro-voci-reinterpretando-2-brani-che-hanno-segnato-le-loro-carriere-generale-e-ricordati-di-me-da-oggi-in-radio-che-saranno-contenuti-in-un-45-giri-da-co\/\">Read More&#8230;<\/a><\/div>\n","protected":false},"author":2,"featured_media":29905,"comment_status":"closed","ping_status":"closed","sticky":false,"template":"","format":"standard","meta":[],"categories":[3,36],"tags":[],"_links":{"self":[{"href":"https:\/\/www.radioempire.it\/index.php\/wp-json\/wp\/v2\/posts\/29904"}],"collection":[{"href":"https:\/\/www.radioempire.it\/index.php\/wp-json\/wp\/v2\/posts"}],"about":[{"href":"https:\/\/www.radioempire.it\/index.php\/wp-json\/wp\/v2\/types\/post"}],"author":[{"embeddable":true,"href":"https:\/\/www.radioempire.it\/index.php\/wp-json\/wp\/v2\/users\/2"}],"replies":[{"embeddable":true,"href":"https:\/\/www.radioempire.it\/index.php\/wp-json\/wp\/v2\/comments?post=29904"}],"version-history":[{"count":3,"href":"https:\/\/www.radioempire.it\/index.php\/wp-json\/wp\/v2\/posts\/29904\/revisions"}],"predecessor-version":[{"id":29928,"href":"https:\/\/www.radioempire.it\/index.php\/wp-json\/wp\/v2\/posts\/29904\/revisions\/29928"}],"wp:featuredmedia":[{"embeddable":true,"href":"https:\/\/www.radioempire.it\/index.php\/wp-json\/wp\/v2\/media\/29905"}],"wp:attachment":[{"href":"https:\/\/www.radioempire.it\/index.php\/wp-json\/wp\/v2\/media?parent=29904"}],"wp:term":[{"taxonomy":"category","embeddable":true,"href":"https:\/\/www.radioempire.it\/index.php\/wp-json\/wp\/v2\/categories?post=29904"},{"taxonomy":"post_tag","embeddable":true,"href":"https:\/\/www.radioempire.it\/index.php\/wp-json\/wp\/v2\/tags?post=29904"}],"curies":[{"name":"wp","href":"https:\/\/api.w.org\/{rel}","templated":true}]}}