{"id":30401,"date":"2022-02-17T18:38:05","date_gmt":"2022-02-17T18:38:05","guid":{"rendered":"https:\/\/www.radioempire.it\/?p=30401"},"modified":"2022-02-17T18:38:05","modified_gmt":"2022-02-17T18:38:05","slug":"o-tispiri-il-signore-un-concento-nabucco-in-francia-e-in-spagna-per-il-coro-lirico-siciliano","status":"publish","type":"post","link":"https:\/\/www.radioempire.it\/index.php\/2022\/02\/17\/o-tispiri-il-signore-un-concento-nabucco-in-francia-e-in-spagna-per-il-coro-lirico-siciliano\/","title":{"rendered":"&#8220;O t&#8217;ispiri il Signore un concento&#8221; &#8211; Nabucco in Francia e in Spagna per il Coro Lirico Siciliano"},"content":{"rendered":"<p><strong><em>L&#8217;ente lirico siciliano tra i primi enti a livello nazionale a calcare le scene internazionali<\/em><\/strong><\/p>\n<p>Il Coro Lirico Siciliano, ente di prestigio nel panorama musicale nazionale e estero, debutta con il monumento corale del &#8220;Cigno&#8221; di Busseto, <strong>Nabucco<\/strong>, in Spagna e in Francia da Febbraio a Aprile.<\/p>\n<p>Un ritorno fastoso sui palcoscenici internazionali europei per l&#8217;ente lirico siciliano, diretto da<strong> Francesco Costa <\/strong>e presieduto da <strong>Alberto Munaf\u00f3<\/strong>, che conferma la vocazione internazionale del principale e pluripremiato complesso del Sud.<\/p>\n<p>Nabucco, opera per antomasia che esalta la coralit\u00e0 e le massicce sonorit\u00e0, sar\u00e0 rappresentato nei principali Teatri d&#8217;opera della Spagna e della Francia; oltre trentacinque recite per il dramma lirico in quattro atti di Temistocle Solera, percorrendo da nord a sud la Spagna e la Francia (da Toledo a Zaragoza, da Madrid a Granada, da Cartagena a Torrevieja per poi approdare anche in Andalusia a Cadiz, e da Carcassonne a Merignac, per poi concludere presso la prestigiosa Op\u00e9ra de Massy) nella sontuosa produzione di<strong> Opera 2001 <\/strong>diretta artisticamente da <strong>Luis Lainz e Marie Ange Lainz<\/strong>, che vedr\u00e0 schierati degli assi del repertorio verdiano sotto la bacchetta del direttore sloveno <strong>Martin Mazik.<\/strong><\/p>\n<p><img loading=\"lazy\" class=\"alignleft size-medium wp-image-30403\" src=\"https:\/\/www.radioempire.it\/wp-content\/uploads\/2022\/02\/zaragoza-teatro-300x200.jpg\" alt=\"\" width=\"300\" height=\"200\" srcset=\"https:\/\/www.radioempire.it\/wp-content\/uploads\/2022\/02\/zaragoza-teatro-300x200.jpg 300w, https:\/\/www.radioempire.it\/wp-content\/uploads\/2022\/02\/zaragoza-teatro-1024x682.jpg 1024w, https:\/\/www.radioempire.it\/wp-content\/uploads\/2022\/02\/zaragoza-teatro-768x512.jpg 768w, https:\/\/www.radioempire.it\/wp-content\/uploads\/2022\/02\/zaragoza-teatro-1536x1024.jpg 1536w, https:\/\/www.radioempire.it\/wp-content\/uploads\/2022\/02\/zaragoza-teatro.jpg 2000w\" sizes=\"(max-width: 300px) 100vw, 300px\" \/>Le eterne melodie verdiane saranno eseguite dall&#8217;<strong>Orchestra sinfonica in residence di Opera 2001<\/strong>, mentre nel Teatro dell&#8217;opera di Massy &#8211; Parigi Sud, sar\u00e0 la blasonata <strong>Orchestra del Teatro dell&#8217;Opera di Massy <\/strong>diretta da <strong>Dominique Rouits<\/strong>, direttore stabile del complesso francese, a dare voce e suono al capolavoro verdiano.<\/p>\n<p>L&#8217;ente lirico siciliano, tra i primi al mondo a partecipare a un tour operistico internazionale e divenuto da anni realt\u00e0 di riferimento del panorama musicale nazionale ed estero, \u00e8 ormai riconosciuto a livello mondiale come uno dei pi\u00f9 importanti e rinomati cori lirico-sinfonici d&#8217;Italia e destinatario di uno dei pi\u00f9 prestigiosi riconoscimenti per il settore teatrale: l&#8217;<strong>International Opera Awards \u2013 Oscar della Lirica.<\/strong><\/p>\n<p>Da anni il complesso corale \u00e8 specializzato nelle tourn\u00e9e estere, dove ha portato, in particolare, l&#8217;eterna melodia belliniana in giro per il mondo, dall&#8217;Europa all&#8217;Asia, facendo anche arrivare la musica del cigno etneo in prima esecuzione assoluta nei paesi dove si \u00e8 esibito, e distinguendosi per la precisione e perfezione gestionale, oltre che per l&#8217;indiscusso valore artistico, tanto da essere nominato ambasciatore del Belcanto nel mondo;\u00a0un ambasciatore d&#8217;eccellenza del meridione, il Coro Lirico Siciliano, che, nel pieno fulgore di una carriera costellata di crescenti successi, si pone ad attici livelli artistici nazionali e internazionali.<\/p>\n<p>&nbsp;<\/p>\n","protected":false},"excerpt":{"rendered":"<p>L&#8217;ente lirico siciliano tra i primi enti a livello nazionale a calcare le scene internazionali Il Coro Lirico Siciliano, ente di prestigio nel panorama musicale nazionale e estero, debutta con<\/p>\n<div><a class=\"permalink\" href=\"https:\/\/www.radioempire.it\/index.php\/2022\/02\/17\/o-tispiri-il-signore-un-concento-nabucco-in-francia-e-in-spagna-per-il-coro-lirico-siciliano\/\">Read More&#8230;<\/a><\/div>\n","protected":false},"author":2,"featured_media":30402,"comment_status":"closed","ping_status":"closed","sticky":false,"template":"","format":"standard","meta":[],"categories":[3,36],"tags":[],"_links":{"self":[{"href":"https:\/\/www.radioempire.it\/index.php\/wp-json\/wp\/v2\/posts\/30401"}],"collection":[{"href":"https:\/\/www.radioempire.it\/index.php\/wp-json\/wp\/v2\/posts"}],"about":[{"href":"https:\/\/www.radioempire.it\/index.php\/wp-json\/wp\/v2\/types\/post"}],"author":[{"embeddable":true,"href":"https:\/\/www.radioempire.it\/index.php\/wp-json\/wp\/v2\/users\/2"}],"replies":[{"embeddable":true,"href":"https:\/\/www.radioempire.it\/index.php\/wp-json\/wp\/v2\/comments?post=30401"}],"version-history":[{"count":1,"href":"https:\/\/www.radioempire.it\/index.php\/wp-json\/wp\/v2\/posts\/30401\/revisions"}],"predecessor-version":[{"id":30404,"href":"https:\/\/www.radioempire.it\/index.php\/wp-json\/wp\/v2\/posts\/30401\/revisions\/30404"}],"wp:featuredmedia":[{"embeddable":true,"href":"https:\/\/www.radioempire.it\/index.php\/wp-json\/wp\/v2\/media\/30402"}],"wp:attachment":[{"href":"https:\/\/www.radioempire.it\/index.php\/wp-json\/wp\/v2\/media?parent=30401"}],"wp:term":[{"taxonomy":"category","embeddable":true,"href":"https:\/\/www.radioempire.it\/index.php\/wp-json\/wp\/v2\/categories?post=30401"},{"taxonomy":"post_tag","embeddable":true,"href":"https:\/\/www.radioempire.it\/index.php\/wp-json\/wp\/v2\/tags?post=30401"}],"curies":[{"name":"wp","href":"https:\/\/api.w.org\/{rel}","templated":true}]}}