{"id":30438,"date":"2022-02-18T10:53:53","date_gmt":"2022-02-18T10:53:53","guid":{"rendered":"https:\/\/www.radioempire.it\/?p=30438"},"modified":"2022-02-18T10:55:10","modified_gmt":"2022-02-18T10:55:10","slug":"nicolo-carnesi-esce-il-23-febbraio-levati-feat-dente","status":"publish","type":"post","link":"https:\/\/www.radioempire.it\/index.php\/2022\/02\/18\/nicolo-carnesi-esce-il-23-febbraio-levati-feat-dente\/","title":{"rendered":"NICOL\u00d2 CARNESI: ESCE IL 23 FEBBRAIO &#8220;LEVATI&#8221; FEAT. DENTE"},"content":{"rendered":"<p>Iniziano i festeggiamenti dei dieci anni dallo splendido esordio discografico di NICOL\u00d2 CARNESI con \u201cGli eroi non escono il sabato\u201d, album che lo ha lanciato come uno dei nomi pi\u00f9 brillanti della nuova generazione di cantautori italiani, rivelando il suo talento compositivo e stilistico.<\/p>\n<p>&nbsp;<\/p>\n<p>Per celebrare questo traguardo, Nicol\u00f2 Carnesi pubblicher\u00e0 nei prossimi mesi, per Manita Dischi\/Garrincha Dischi, un\u2019edizione speciale del disco arricchita<strong>\u00a0<\/strong>da preziose collaborazioni fatte di rispetto e amicizia.<\/p>\n<p>Ad aprire le danze \u00e8 il brano \u201cLevati\u201d feat. Dente, disponibile su tutti gli store dal 23 febbraio con un nuovo arrangiamento.<\/p>\n<p><strong>Link all\u2019ascolto del brano:\u00a0<\/strong><a href=\"https:\/\/bigtimeedimusicasnc.musvc5.net\/e\/t?q=A%3d2WPf8W%264%3dY%26o%3dSL%26M%3d2UOeA%26M%3dz9b3sRuH_0yTr_K9_sskx_38_0yTr_JDc8sL.mA6I_sskx_384Cw3BG-g7sR-e76Rf-S%26v%3dKvKDA6.FwR%26jK%3dKZ&amp;mupckp=mupAtu4m8OiX0wt\" target=\"_blank\" rel=\"noopener\" data-saferedirecturl=\"https:\/\/www.google.com\/url?q=https:\/\/bigtimeedimusicasnc.musvc5.net\/e\/t?q%3DA%253d2WPf8W%25264%253dY%2526o%253dSL%2526M%253d2UOeA%2526M%253dz9b3sRuH_0yTr_K9_sskx_38_0yTr_JDc8sL.mA6I_sskx_384Cw3BG-g7sR-e76Rf-S%2526v%253dKvKDA6.FwR%2526jK%253dKZ%26mupckp%3DmupAtu4m8OiX0wt&amp;source=gmail&amp;ust=1645262833439000&amp;usg=AOvVaw3i-gCIlkyslaKg9WSNQBxz\"><strong>http:\/\/bfan.link\/levati-feat-<wbr \/>dente-1<\/strong><\/a><\/p>\n<p><strong>\u00a0<\/strong><\/p>\n<p><strong>Racconta Carnesi:<\/strong>\u00a0\u00ab<em>La connessione con Dente \u00e8 data dal fatto che all\u2019epoca lui cant\u00f2 questa canzone a<\/em><em>\u00a0Palermo ed io feci lo stesso con un suo brano a Fidenza, nelle nostre rispettive citt\u00e0 natali. Questo ha creato una sorta di gemellaggio tra di noi. Poi \u00e8 capitato spesso di averlo ospite ai miei concerti e di ritrovarci a cantarla insieme<\/em>\u00bb.<\/p>\n<p>&nbsp;<\/p>\n<p>Il brano, originariamente scritto per ultimo tra quelli in scaletta, si pone oggi come apripista della nuova versione dell\u2019album, ad evidenziare la maturazione avvenuta in questi dieci anni con il passaggio di Carnesi (e della sua musica) dall\u2019adolescenza all\u2019et\u00e0 adulta, dal candore alla consapevolezza artistica. La canzone, gi\u00e0 atipica di per s\u00e9 per la mancanza di un ritornello, \u00e8 resa ancor pi\u00f9 singolare dalla partecipazione di Dente, chiamato a prestare la sua inconfondibile voce per impreziosire il nuovo arrangiamento, rendendo tutto ancor pi\u00f9 speciale e rappresentativo dell\u2019evoluzione di un disco che, a distanza di una decade, \u00e8 tornato a vivere adattandosi al presente: dimostrando di essere senza tempo.<\/p>\n<p>&nbsp;<\/p>\n<p><strong>Racconta Dente:<\/strong>\u00a0\u00ab<em>Conosco Nicol\u00f2 da prima del suo esordio discografico, quando una notte in un locale di Milano mi regal\u00f2 un cd con dentro i suoi provini. Quelle stesse canzoni poi entrarono nel suo primo disco e and\u00f2 a finire che quell\u2019anno suonammo spesso sugli stessi palchi in giro per l\u2019Italia. Un giorno di marzo del 2012 io suonavo nella sua citt\u00e0 (Palermo) e lui nella mia (Fidenza), quindi decidemmo di fare una cover l\u2019uno dell\u2019altro. Io scelsi Levati perch\u00e9 \u00e8 una canzone che ho sempre sentito molto mia e da quella volta l\u2019abbiamo cantata insieme dal vivo ogni volta che ne abbiamo avuto occasione. Da oggi tutti questi ricordi sono racchiusi in una registrazione<\/em>\u00bb.<\/p>\n<p>&nbsp;<\/p>\n<p>Per la riedizione de \u201cGli eroi non escono il sabato\u201d, Carnesi riporta il concetto<strong>\u00a0<\/strong>di featuring a un&#8217;altra epoca in cui i duetti nascevano soprattutto per reciproca stima e<strong>\u00a0<\/strong>affetto, ed \u00e8 cos\u00ec che sceglie di coinvolgere una pletora di &#8220;supereroi&#8221; della musica nostrana:<strong>\u00a0<\/strong>artisti amici facenti parte della sua storia personale, chiamati a condividere con lui questo<strong>\u00a0<\/strong>percorso. Un\u2019operazione che contribuisce a infondere nuova vitalit\u00e0 all\u2019album, facendo<strong>\u00a0<\/strong>risuonare quel vivido ricordo nel cuore del pubblico affezionato e nel contempo rivolgendosi<strong>\u00a0<\/strong>a nuovi ascoltatori.<\/p>\n<p>&nbsp;<\/p>\n<p><strong>Label:\u00a0<\/strong>Manita Dischi \/ Garrincha Dischi<\/p>\n<p><strong>Distribuzione:\u00a0<\/strong>Believe<\/p>\n<p><strong>Ufficio Stampa e Promozione:\u00a0<\/strong>Big Time<\/p>\n<p><strong>Booking:<\/strong>\u00a0Antenna Music Factory<\/p>\n<p><strong>\u00a0<\/strong><\/p>\n<p><strong>CREDITI \u201cLEVATI\u201d<\/strong><\/p>\n<p>Musica e parole di Nicol\u00f2 Carnesi<\/p>\n<p>&nbsp;<\/p>\n<p>Nicol\u00f2 Carnesi: voce, cori, chitarra acustica<\/p>\n<p>Dente: voce<\/p>\n<p>Luca Rizzoli: batteria e percussioni<\/p>\n<p>Edo Nanni: basso<\/p>\n<p>Aldo Betto: chitarra elettrica<\/p>\n<p>Paolo Pianezza: chitarra Lapsteel<\/p>\n<p>Donato Di Trapani: pianoforte<\/p>\n<p>&nbsp;<\/p>\n<p>Prodotto da Nicol\u00f2 Carnesi e Nicola \u2018Hyppo\u2019 Roda<\/p>\n<p>Registrato e missato da Nicola \u2018Hyppo\u2019 Roda e Antonio Del Donno presso il Donkey Studio di Medicina (BO)<\/p>\n<p>Masterizzato da Francesco Brini presso lo Spectrum Studio di Bologna.<\/p>\n<p>&nbsp;<\/p>\n<p><strong>NICOL\u00d2 CARNESI \u2013 BIOGRAFIA<\/strong><\/p>\n<p>&nbsp;<\/p>\n<p>Nicol\u00f2 Carnesi fa parlare di s\u00e9 fin dal suo esordio, poco pi\u00f9 che ventenne, nel 2012. Di origine palermitana, in poco tempo attira le attenzioni di addetti ai lavori, stampa, musicisti affermati, discografici (fino a ottenere un contratto come autore per Warner Chappell) per la sua incredibile capacit\u00e0 comunicativa e un approccio ironico, personalissimo e disincantato alla quotidianit\u00e0.<\/p>\n<p>&nbsp;<\/p>\n<p>Autore di canzoni dai testi acuti, sottili e cinici che viaggiano su sonorit\u00e0 elettroacustiche influenzate dalla tradizione italiana e dal british pop degli anni \u201980, Nicol\u00f2 Carnesi ha esordito con un album dalle molte sfaccettature, proponendosi ora come cantautore nella tradizione nazionale, ora come funambolico creatore di brani di blues elettronico, ora come autore lirico e contemporaneo.<\/p>\n<p>&nbsp;<\/p>\n<p>Dopo la pubblicazione del singolo \u201cIl Colpo\u201d e dell\u2019ep \u201cHo poca fantasia\u201d, Carnesi pubblica nel 2012 \u201cGli eroi non escono il sabato\u201d, il suo primo album, arricchito dalla collaborazione con Brunori SAS nel brano \u201cMi sono perso a Zanzibar\u201d. L\u2019album conferma il suo eclettismo, quello che potrebbe diventare un vero e proprio marchio di fabbrica: Nicol\u00f2 applica una continua rielaborazione dei diversi generi musicali in cui gli originali vengono svuotati della loro identit\u00e0, smontati e ridotti a tessere per un collage di suoni, melodie e riferimenti.<\/p>\n<p>&nbsp;<\/p>\n<p>Segue un lungo tour con oltre 200 concerti in tutta Italia.<\/p>\n<p>&nbsp;<\/p>\n<p>Nel 2014 il secondo album \u201cHo una galassia nell\u2019armadio\u201d (Candidato al Premio Tenco 2014) vede la collaborazione di Tommaso Colliva alla produzione, synth e vibrafono, Roberto Angelini alla slide, Rodrigo D\u2019Erasmo agli archi, i Selton alle ritmiche e Dimartino al basso.<\/p>\n<p>&nbsp;<\/p>\n<p>Segue un nuovo tour come special guest di Brunori SAS nei club pi\u00f9 prestigiosi d\u2018Italia e oltre cento date che si festeggiano a Milano con un ultimo appuntamento insieme a le Luci della centrale elettrica, Dente e i Selton.<\/p>\n<p>&nbsp;<\/p>\n<p>Il terzo album \u2013 \u201cBellissima Noia\u201d \u2013 arriva nel 2016 che conferma l\u2019apprezzamento della critica, incantata dall\u2019eleganza e dalla virtuosit\u00e0 dell\u2019artista.<\/p>\n<p>&nbsp;<\/p>\n<p>Tra le molteplici collaborazioni del cantautore, si citano quelle con Brunori SAS, Lo Stato Sociale, Dente, Dimartino, Luci della Centrale elettrica, Appino (The Zen Circus).<\/p>\n<p>&nbsp;<\/p>\n<p>Nel giugno 2019 Nicol\u00f2 Carnesi pubblica il singolo e video \u201cSpogliati\u201d, che vede l\u2019amichevole partecipazione di Brunori SAS.<\/p>\n<p>&nbsp;<\/p>\n<p>Link al videoclip del brano \u201cSpogliati\u201d su Youtube:\u00a0<a href=\"https:\/\/bigtimeedimusicasnc.musvc5.net\/e\/t?q=8%3dLVIcRV%26w%3dV%269%3dRE%26J%3dLTHbU%26L%3dsOEG4_Mlta_Xv_Ibxk_Sq_Mlta_W1N8R.JF6OF3p.80D_3vnq_CAH2583_Ibxk_TqQ_Crdu_N5Ttm5qgz6AFh%265%3dx6v2lPDMnZ.965%26DD%3dTC&amp;mupckp=mupAtu4m8OiX0wt\" target=\"_blank\" rel=\"noopener\" data-saferedirecturl=\"https:\/\/www.google.com\/url?q=https:\/\/bigtimeedimusicasnc.musvc5.net\/e\/t?q%3D8%253dLVIcRV%2526w%253dV%25269%253dRE%2526J%253dLTHbU%2526L%253dsOEG4_Mlta_Xv_Ibxk_Sq_Mlta_W1N8R.JF6OF3p.80D_3vnq_CAH2583_Ibxk_TqQ_Crdu_N5Ttm5qgz6AFh%25265%253dx6v2lPDMnZ.965%2526DD%253dTC%26mupckp%3DmupAtu4m8OiX0wt&amp;source=gmail&amp;ust=1645262833439000&amp;usg=AOvVaw0fgwF10OHGwcdab2qpvIAs\">https:\/\/www.youtube.com\/watch?<wbr \/>v=IORdfBeezkM<\/a><\/p>\n<p>&nbsp;<\/p>\n<p>A ottobre 2019 esce \u201cHo bisogno di dirti domani\u201d, il quarto album di inediti, presentato in numerose trasmissioni televisive e radiofoniche di qualit\u00e0 e con interviste e recensioni su diverse testate generaliste e di settore e sui principali magazine online, ottenendo un forte riscontro da parte della critica.<\/p>\n<p>&nbsp;<\/p>\n<p>Nel 2021 pubblica gli inediti \u201cVirtuale\u201d e \u201cConsumati\u201d, che anticipano il prossimo album di inediti.<\/p>\n<p>&nbsp;<\/p>\n<p>Link al videoclip del brano \u201cVirtuale\u201d:\u00a0<a href=\"https:\/\/bigtimeedimusicasnc.musvc5.net\/e\/t?q=0%3d2ZJe8Z%26x%3dX%26o%3dVF%26L%3d2XIdA%26P%3dtQuK5_ORxb_Zb_MczQ_Wr_ORxb_YgR9T.zJ7Qv7q.0pH_4xTu_DCx660i_MczQ_XrS_svew_49Po9T8YIcJud%269%3dy8b6mRtQob.o06%26Ft%3dXD&amp;mupckp=mupAtu4m8OiX0wt\" target=\"_blank\" rel=\"noopener\" data-saferedirecturl=\"https:\/\/www.google.com\/url?q=https:\/\/bigtimeedimusicasnc.musvc5.net\/e\/t?q%3D0%253d2ZJe8Z%2526x%253dX%2526o%253dVF%2526L%253d2XIdA%2526P%253dtQuK5_ORxb_Zb_MczQ_Wr_ORxb_YgR9T.zJ7Qv7q.0pH_4xTu_DCx660i_MczQ_XrS_svew_49Po9T8YIcJud%25269%253dy8b6mRtQob.o06%2526Ft%253dXD%26mupckp%3DmupAtu4m8OiX0wt&amp;source=gmail&amp;ust=1645262833439000&amp;usg=AOvVaw1G1i7vgmR4AfJGeL7oeufA\">https:\/\/www.youtube.com\/watch?<wbr \/>v=DH8yv2H88Nc<\/a><\/p>\n<p>&nbsp;<\/p>\n<p>Nel 2022, per i 10 anni dal disco d\u2019esordio \u201cGli eroi non escono il sabato\u201d, annuncia la pubblicazione di un\u2019edizione speciale del disco arricchita<strong>\u00a0<\/strong>da preziose collaborazioni. Il singolo apripista della riedizione \u00e8 il brano \u201cLevati\u201d featuring di Dente.<\/p>\n<div class=\"_linksLayer_hecf1_37\"><\/div>\n","protected":false},"excerpt":{"rendered":"<p>Iniziano i festeggiamenti dei dieci anni dallo splendido esordio discografico di NICOL\u00d2 CARNESI con \u201cGli eroi non escono il sabato\u201d, album che lo ha lanciato come uno dei nomi pi\u00f9<\/p>\n<div><a class=\"permalink\" href=\"https:\/\/www.radioempire.it\/index.php\/2022\/02\/18\/nicolo-carnesi-esce-il-23-febbraio-levati-feat-dente\/\">Read More&#8230;<\/a><\/div>\n","protected":false},"author":2,"featured_media":30440,"comment_status":"closed","ping_status":"closed","sticky":false,"template":"","format":"standard","meta":[],"categories":[3,36],"tags":[],"_links":{"self":[{"href":"https:\/\/www.radioempire.it\/index.php\/wp-json\/wp\/v2\/posts\/30438"}],"collection":[{"href":"https:\/\/www.radioempire.it\/index.php\/wp-json\/wp\/v2\/posts"}],"about":[{"href":"https:\/\/www.radioempire.it\/index.php\/wp-json\/wp\/v2\/types\/post"}],"author":[{"embeddable":true,"href":"https:\/\/www.radioempire.it\/index.php\/wp-json\/wp\/v2\/users\/2"}],"replies":[{"embeddable":true,"href":"https:\/\/www.radioempire.it\/index.php\/wp-json\/wp\/v2\/comments?post=30438"}],"version-history":[{"count":1,"href":"https:\/\/www.radioempire.it\/index.php\/wp-json\/wp\/v2\/posts\/30438\/revisions"}],"predecessor-version":[{"id":30439,"href":"https:\/\/www.radioempire.it\/index.php\/wp-json\/wp\/v2\/posts\/30438\/revisions\/30439"}],"wp:featuredmedia":[{"embeddable":true,"href":"https:\/\/www.radioempire.it\/index.php\/wp-json\/wp\/v2\/media\/30440"}],"wp:attachment":[{"href":"https:\/\/www.radioempire.it\/index.php\/wp-json\/wp\/v2\/media?parent=30438"}],"wp:term":[{"taxonomy":"category","embeddable":true,"href":"https:\/\/www.radioempire.it\/index.php\/wp-json\/wp\/v2\/categories?post=30438"},{"taxonomy":"post_tag","embeddable":true,"href":"https:\/\/www.radioempire.it\/index.php\/wp-json\/wp\/v2\/tags?post=30438"}],"curies":[{"name":"wp","href":"https:\/\/api.w.org\/{rel}","templated":true}]}}