{"id":30944,"date":"2022-03-12T08:24:25","date_gmt":"2022-03-12T08:24:25","guid":{"rendered":"https:\/\/www.radioempire.it\/?p=30944"},"modified":"2022-03-12T08:24:25","modified_gmt":"2022-03-12T08:24:25","slug":"le-quattro-stagioni-di-vivaldi-e-la-danza-passionale-di-carmen-per-la-stagione-2022-del-teatro-mandanici-di-barcellona-pozzo-di-gotto","status":"publish","type":"post","link":"https:\/\/www.radioempire.it\/index.php\/2022\/03\/12\/le-quattro-stagioni-di-vivaldi-e-la-danza-passionale-di-carmen-per-la-stagione-2022-del-teatro-mandanici-di-barcellona-pozzo-di-gotto\/","title":{"rendered":"Le Quattro Stagioni di Vivaldi e la danza passionale di Carmen per la Stagione 2022 del  Teatro Mandanici di Barcellona Pozzo di Gotto"},"content":{"rendered":"<p><strong><em>Le immortali melodie del &#8220;Prete rosso&#8221; inaugurano la &#8220;Piccola Stagione del Foyer&#8221;, chicca dell&#8217;edizione 2022 del Teatro del Longano<\/em><\/strong><\/p>\n<p>Prosegue con un programma intenso e ricco culturalmente la Stagione 2022 del principale Teatro della Citt\u00e0 del Longano con due appuntamenti dedicati alla musica cameristica e alla grande danza.<\/p>\n<p><img loading=\"lazy\" class=\"alignleft size-medium wp-image-30947\" src=\"https:\/\/www.radioempire.it\/wp-content\/uploads\/2022\/03\/Joseph_Arena-SOLISTA-NELLE-QUATTRO-STAGIONI--300x200.jpg\" alt=\"\" width=\"300\" height=\"200\" srcset=\"https:\/\/www.radioempire.it\/wp-content\/uploads\/2022\/03\/Joseph_Arena-SOLISTA-NELLE-QUATTRO-STAGIONI--300x200.jpg 300w, https:\/\/www.radioempire.it\/wp-content\/uploads\/2022\/03\/Joseph_Arena-SOLISTA-NELLE-QUATTRO-STAGIONI--1024x683.jpg 1024w, https:\/\/www.radioempire.it\/wp-content\/uploads\/2022\/03\/Joseph_Arena-SOLISTA-NELLE-QUATTRO-STAGIONI--768x512.jpg 768w, https:\/\/www.radioempire.it\/wp-content\/uploads\/2022\/03\/Joseph_Arena-SOLISTA-NELLE-QUATTRO-STAGIONI-.jpg 1079w\" sizes=\"(max-width: 300px) 100vw, 300px\" \/>Domani, <strong>12 Marzo alle ore 19<\/strong>, verr\u00e0 inaugurata la novit\u00e0 dell&#8217;edizione 2022 del Teatro &#8220;Placido Mandanici&#8221;: la <strong>&#8220;Piccola Stagione del Foyer&#8221;<\/strong>, una rassegna di 8 eventi musicali che prevedono la partecipazione di importanti artisti del panorama regionale.<\/p>\n<p>L&#8217;atteso debutto sar\u00e0 con le immortali melodie del &#8220;<em>prete rosso<\/em>&#8221; interpretate dall&#8217;<strong>Ensemble barocco di Messina <\/strong>e <strong>Joseph Arena violino solista<\/strong>.\u00a0\u00a0Le <strong>Quattro Stagioni<\/strong> sono il punto pi\u00f9 alto della produzione di <strong>Antonio Vivaldi<\/strong>, opera in cui la natura \u201cparla\u201d attraverso note musicali; Vivaldi utilizza nella sua celeberrima opera gli strumenti con grande fantasia e ingegnosit\u00e0 ottenendo tantissimi effetti, alcuni dei quali onomatopeici, senza dimenticare la continua ed affascinante ricerca armonica che il compositore italiano porta avanti in tutta la composizione.<\/p>\n<p>Sabato <strong>19 Marzo, alle ore 21<\/strong> , sar\u00e0 invece la danza protagonista con il passionale e seducente <strong>corpo di ballo di Milano<\/strong> protagonista in <strong>Carmen<\/strong>, balletto in quattro quadri con le coreografie di <strong>Agnese Omodei Sal\u00e8<\/strong> e <strong>Federico Veratti<\/strong> su musiche di <strong>Georges Bizet<\/strong>.\u00a0Carmen e il Destino sono i protagonisti assoluti di questa nuova Carmen, fedele alla novella di Merim\u00e9e e all\u2019opera di Bizet: un ammaliante faccia a faccia tra la gitana simbolo di seduzione e femminilit\u00e0 e l\u2019inquietante gura che sin dalla prima scena conduce la vicenda.<\/p>\n<p><img loading=\"lazy\" class=\"alignleft size-medium wp-image-30945\" src=\"https:\/\/www.radioempire.it\/wp-content\/uploads\/2022\/03\/CARMEN-BALLETTO-300x200.jpg\" alt=\"\" width=\"300\" height=\"200\" srcset=\"https:\/\/www.radioempire.it\/wp-content\/uploads\/2022\/03\/CARMEN-BALLETTO-300x200.jpg 300w, https:\/\/www.radioempire.it\/wp-content\/uploads\/2022\/03\/CARMEN-BALLETTO-1024x682.jpg 1024w, https:\/\/www.radioempire.it\/wp-content\/uploads\/2022\/03\/CARMEN-BALLETTO-768x512.jpg 768w, https:\/\/www.radioempire.it\/wp-content\/uploads\/2022\/03\/CARMEN-BALLETTO-1536x1024.jpg 1536w, https:\/\/www.radioempire.it\/wp-content\/uploads\/2022\/03\/CARMEN-BALLETTO.jpg 1772w\" sizes=\"(max-width: 300px) 100vw, 300px\" \/>\u00c8 infatti il Destino a mettere sulla strada di Carmen Don Jos\u00e8 prima ed Escamillo successivamente, a svelarsi man mano attraverso i simboli delle carte (l\u2019amore, il tradimento, la morte), ad armare la mano di Don Jos\u00e8 e, nel finale, a portare Carmen con s\u00e8.\u00a0Don Jos\u00e8, il torero Escamillo e Micaela sono gli altri interpreti principali di questo balletto ricco di coreografie e coinvolgenti, dalla celeberrima Habanera, agli appassionati pas de deux, alle tante e vivaci danze d\u2019assieme di gitani, soldati e sigaraie realizzate sulle stupende musiche di Georges Bizet. Tradizione e modernit\u00e0 convivono anche nel clima d\u2019energia dell\u2019originale messinscena di <strong>Marco Pesta.<\/strong><\/p>\n<p>Un continuo di stagione\u00a0che regaler\u00e0 emozioni e momenti unici di cultura, arte e musica: Bellezza, cibo per l&#8217;anima.<\/p>\n<p>Biglietti disponibili presso la biglietteria del Teatro (da luned\u00ec a venerd\u00ec dalle 10 alle 13 e marted\u00ec e gioved\u00ec dalle 15 alle 18), online sul sito <a href=\"mailto:mandanici.organizzatori@18tickets.it\">mandanici.organizzatori@18tickets.it<\/a> e nel circuito Tickettando (Miano Tour, Barcellona; Calderone Viaggi, Milazzo; Cangemi Viaggi e Guardina Viaggi, Patti; Bossa biglietterie, Messina).<\/p>\n<p>INFO 331 670 33 92 &#8211; 090 970 72 95 &#8211; 090 979 08 33<\/p>\n<p>&nbsp;<\/p>\n<p><a href=\"http:\/\/www.teatroplacidomandanici.it\">www.teatroplacidomandanici.it<\/a><\/p>\n<p>L&#8217;arte rinnova i popoli e ne rivela la vita. Vano delle scene il diletto ove non miri a preparar l&#8217;avvenire.<\/p>\n<p>E&#8217; possibile anche seguire il Teatro Placido Mandanici su Facebook nella sua pagina ufficiale.<\/p>\n<p>&nbsp;<\/p>\n<p>&nbsp;<\/p>\n","protected":false},"excerpt":{"rendered":"<p>Le immortali melodie del &#8220;Prete rosso&#8221; inaugurano la &#8220;Piccola Stagione del Foyer&#8221;, chicca dell&#8217;edizione 2022 del Teatro del Longano Prosegue con un programma intenso e ricco culturalmente la Stagione 2022<\/p>\n<div><a class=\"permalink\" href=\"https:\/\/www.radioempire.it\/index.php\/2022\/03\/12\/le-quattro-stagioni-di-vivaldi-e-la-danza-passionale-di-carmen-per-la-stagione-2022-del-teatro-mandanici-di-barcellona-pozzo-di-gotto\/\">Read More&#8230;<\/a><\/div>\n","protected":false},"author":2,"featured_media":30946,"comment_status":"closed","ping_status":"closed","sticky":false,"template":"","format":"standard","meta":[],"categories":[3,36],"tags":[],"_links":{"self":[{"href":"https:\/\/www.radioempire.it\/index.php\/wp-json\/wp\/v2\/posts\/30944"}],"collection":[{"href":"https:\/\/www.radioempire.it\/index.php\/wp-json\/wp\/v2\/posts"}],"about":[{"href":"https:\/\/www.radioempire.it\/index.php\/wp-json\/wp\/v2\/types\/post"}],"author":[{"embeddable":true,"href":"https:\/\/www.radioempire.it\/index.php\/wp-json\/wp\/v2\/users\/2"}],"replies":[{"embeddable":true,"href":"https:\/\/www.radioempire.it\/index.php\/wp-json\/wp\/v2\/comments?post=30944"}],"version-history":[{"count":1,"href":"https:\/\/www.radioempire.it\/index.php\/wp-json\/wp\/v2\/posts\/30944\/revisions"}],"predecessor-version":[{"id":30948,"href":"https:\/\/www.radioempire.it\/index.php\/wp-json\/wp\/v2\/posts\/30944\/revisions\/30948"}],"wp:featuredmedia":[{"embeddable":true,"href":"https:\/\/www.radioempire.it\/index.php\/wp-json\/wp\/v2\/media\/30946"}],"wp:attachment":[{"href":"https:\/\/www.radioempire.it\/index.php\/wp-json\/wp\/v2\/media?parent=30944"}],"wp:term":[{"taxonomy":"category","embeddable":true,"href":"https:\/\/www.radioempire.it\/index.php\/wp-json\/wp\/v2\/categories?post=30944"},{"taxonomy":"post_tag","embeddable":true,"href":"https:\/\/www.radioempire.it\/index.php\/wp-json\/wp\/v2\/tags?post=30944"}],"curies":[{"name":"wp","href":"https:\/\/api.w.org\/{rel}","templated":true}]}}