{"id":31458,"date":"2022-04-05T17:17:08","date_gmt":"2022-04-05T17:17:08","guid":{"rendered":"https:\/\/www.radioempire.it\/?p=31458"},"modified":"2022-04-05T17:17:08","modified_gmt":"2022-04-05T17:17:08","slug":"atteso-a-parigi-il-debutto-del-nabucco-con-il-coro-lirico-siciliano","status":"publish","type":"post","link":"https:\/\/www.radioempire.it\/index.php\/2022\/04\/05\/atteso-a-parigi-il-debutto-del-nabucco-con-il-coro-lirico-siciliano\/","title":{"rendered":"ATTESO A PARIGI IL DEBUTTO DEL NABUCCO CON IL CORO LIRICO SICILIANO"},"content":{"rendered":"<p style=\"text-align: center;\" align=\"center\"><strong><i><span style=\"font-size: 14.0pt; font-family: 'Palatino Linotype','serif'; color: #333333;\">La splendida roduzione di Opera2001, dopo aver ammaliato i palcoscenici di tutta la Spagna, approda in Francia con l&#8217;Orchestra dell&#8217;Opera de Massy<\/span><\/i><\/strong><\/p>\n<p><span style=\"font-size: 14.0pt; font-family: 'Palatino Linotype','serif'; color: #333333;\">\u00a0<\/span><\/p>\n<p><span style=\"font-size: 14.0pt; font-family: 'Palatino Linotype','serif'; color: #333333;\">Il prossimo 7 Aprile, alle ore 20, il Coro Lirico Siciliano debutter\u00e0 presso l&#8217;Opera de Massy \u2013 Paris Sud con una sontuosa e acclamata produzione di Nabucco di Giuseppe Verdi.<\/span><\/p>\n<p><span style=\"font-size: 14.0pt; font-family: 'Palatino Linotype','serif'; color: #333333;\">\u00a0<\/span><\/p>\n<p><span style=\"font-size: 14.0pt; font-family: 'Palatino Linotype','serif'; color: #333333;\">Il capolavoro corale del \u201cCigno di Busseto\u201d, dopo aver sublimato i palcoscenici dei principali teatri iberici, sar\u00e0 eseguito nel cuore dell&#8217; Essonne, nella regione dell&#8217;Ile de France, con cinque rappresentazioni che vedranno schierati due complessi di assoluto prestigio internazionale: il Coro Lirico Siciliano e l&#8217;Orchestra del Teatro dell&#8217;Opera di Massy diretti dall&#8217;attenta bacchetta di Dominique Rouits, tra i pi\u00f9 rinomati concertatori francesi e direttore principale e fondatore dell&#8217;Orchestra del teatro parigino.<\/span><\/p>\n<p><span style=\"font-size: 14.0pt; font-family: 'Palatino Linotype','serif'; color: #333333;\"> <img loading=\"lazy\" class=\"alignleft size-medium wp-image-31459\" src=\"https:\/\/www.radioempire.it\/wp-content\/uploads\/2022\/04\/nabucco-2022-300x200.jpg\" alt=\"\" width=\"300\" height=\"200\" srcset=\"https:\/\/www.radioempire.it\/wp-content\/uploads\/2022\/04\/nabucco-2022-300x200.jpg 300w, https:\/\/www.radioempire.it\/wp-content\/uploads\/2022\/04\/nabucco-2022-768x512.jpg 768w, https:\/\/www.radioempire.it\/wp-content\/uploads\/2022\/04\/nabucco-2022.jpg 800w\" sizes=\"(max-width: 300px) 100vw, 300px\" \/><\/span><\/p>\n<p><span style=\"font-size: 14.0pt; font-family: 'Palatino Linotype','serif'; color: #333333;\">Per celebrare il 180mo anniversario della composizione della monumentale opera verdiana, il Coro Lirico Siciliano diretto da Francesco Costa realizza una speciale edizione commemorativa: nella sala di Oliveras e Aubert sar\u00e0 proprio il celebre &#8220;Coro degli Schiavi Ebrei&#8221; del III atto del Nabucco ad essere intonato con una nuova enfasi e in una originale dimensione emozionale; un vero e proprio inno di speranza, che arriva in un momento che segna il principio di quella che sembra essere l&#8217;uscita dalla crisi sanitaria, ma nel quale, purtroppo, imperversa una preoccupante situazione politico-sociale internazionale.<\/span><\/p>\n<p><span style=\"font-size: 14.0pt; font-family: 'Palatino Linotype','serif'; color: #333333;\">\u00a0<\/span><\/p>\n<p><span style=\"font-size: 14.0pt; font-family: 'Palatino Linotype','serif'; color: #333333;\">Il Coro Lirico Siciliano, ente di prestigio nel panorama musicale nazionale ed estero, ritorna fastosamente sui palcoscenici internazionali europei per una grande tourn\u00e9e durata due mesi, confermando la vocazione internazionale del principale e pluripremiato complesso del Sud Italia.<\/span><\/p>\n<p><span style=\"font-size: 14.0pt; font-family: 'Palatino Linotype','serif'; color: #333333;\">Il coro \u00e8, ormai, considerato uno degli ambasciatori della tradizione e della cultura italiana all&#8217;estero e, nell&#8217;occasione di questa importante commemorazione, si unisce alle voci di numerosi artisti nel mondo che, attraverso il linguaggio universale che \u00e8 rappresentato dall&#8217;arte e dalla musica, vogliono inviare un messaggio di pace contro tutte le guerre che attanagliano molti paesi della terra; un messaggio di unione e speranza che i conflitti possano cessare e l&#8217;armonia e la concordia possano abitare i cuori e le menti di tutti gli uomini del mondo.<\/span><\/p>\n<p><span style=\"font-size: 14.0pt; font-family: 'Palatino Linotype','serif'; color: #333333;\">\u00a0<\/span><\/p>\n<p><span style=\"font-size: 14.0pt; font-family: 'Palatino Linotype','serif'; color: #333333;\">Nabucco, opera per antonomasia che esalta la coralit\u00e0 e le massicce sonorit\u00e0, \u00e8 stato rappresentato nei principali teatri d&#8217;opera della Spagna (da Toledo a Zaragoza, da Madrid a Granada, da Cartagena a Torrevieja) per poi approdare anche in Andalusia a Cadiz, e concludersi proprio presso la prestigiosa Op\u00e9ra de Massy. La sontuosa produzione di Opera 2001, diretta artisticamente da Luis Lainz e Marie Ange Lainz, vedr\u00e0 schierati artisti provenienti da diverse parti del mondo specializzati nella interpretazione del repertorio verdiano e di Nabucco, in particolare.<\/span><\/p>\n<p><span style=\"font-size: 14.0pt; font-family: 'Palatino Linotype','serif'; color: #333333;\">\u00a0<\/span><\/p>\n<p><span style=\"font-size: 14.0pt; font-family: 'Palatino Linotype','serif'; color: #333333;\">L&#8217;ente lirico siciliano, <span style=\"background: white;\"><span style=\"display: inline!important;\">nominato ambasciatore dell&#8217;arte del <i>Belcanto<\/i> nel mondo,\u00a0<\/span><\/span>tra i primi a livello internazionale a partecipare a un tour operistico internazionale e divenuto da anni realt\u00e0 di riferimento del panorama musicale nazionale ed estero, \u00e8 riconosciuto a livello mondiale come uno dei pi\u00f9 importanti e rinomati cori lirico-sinfonici d&#8217;Italia e destinatario del pi\u00f9 prestigioso riconoscimento per il settore teatrale: l&#8217;International Opera Awards \u2013 Oscar della Lirica;\u00a0nel pieno fulgore di una carriera costellata di crescenti successi, si pone ad attici livelli artistici nazionali e internazionali.<\/span><\/p>\n","protected":false},"excerpt":{"rendered":"<p>La splendida roduzione di Opera2001, dopo aver ammaliato i palcoscenici di tutta la Spagna, approda in Francia con l&#8217;Orchestra dell&#8217;Opera de Massy \u00a0 Il prossimo 7 Aprile, alle ore 20,<\/p>\n<div><a class=\"permalink\" href=\"https:\/\/www.radioempire.it\/index.php\/2022\/04\/05\/atteso-a-parigi-il-debutto-del-nabucco-con-il-coro-lirico-siciliano\/\">Read More&#8230;<\/a><\/div>\n","protected":false},"author":2,"featured_media":31460,"comment_status":"closed","ping_status":"closed","sticky":false,"template":"","format":"standard","meta":[],"categories":[3,36],"tags":[],"_links":{"self":[{"href":"https:\/\/www.radioempire.it\/index.php\/wp-json\/wp\/v2\/posts\/31458"}],"collection":[{"href":"https:\/\/www.radioempire.it\/index.php\/wp-json\/wp\/v2\/posts"}],"about":[{"href":"https:\/\/www.radioempire.it\/index.php\/wp-json\/wp\/v2\/types\/post"}],"author":[{"embeddable":true,"href":"https:\/\/www.radioempire.it\/index.php\/wp-json\/wp\/v2\/users\/2"}],"replies":[{"embeddable":true,"href":"https:\/\/www.radioempire.it\/index.php\/wp-json\/wp\/v2\/comments?post=31458"}],"version-history":[{"count":1,"href":"https:\/\/www.radioempire.it\/index.php\/wp-json\/wp\/v2\/posts\/31458\/revisions"}],"predecessor-version":[{"id":31461,"href":"https:\/\/www.radioempire.it\/index.php\/wp-json\/wp\/v2\/posts\/31458\/revisions\/31461"}],"wp:featuredmedia":[{"embeddable":true,"href":"https:\/\/www.radioempire.it\/index.php\/wp-json\/wp\/v2\/media\/31460"}],"wp:attachment":[{"href":"https:\/\/www.radioempire.it\/index.php\/wp-json\/wp\/v2\/media?parent=31458"}],"wp:term":[{"taxonomy":"category","embeddable":true,"href":"https:\/\/www.radioempire.it\/index.php\/wp-json\/wp\/v2\/categories?post=31458"},{"taxonomy":"post_tag","embeddable":true,"href":"https:\/\/www.radioempire.it\/index.php\/wp-json\/wp\/v2\/tags?post=31458"}],"curies":[{"name":"wp","href":"https:\/\/api.w.org\/{rel}","templated":true}]}}