{"id":31505,"date":"2022-04-08T06:37:49","date_gmt":"2022-04-08T06:37:49","guid":{"rendered":"https:\/\/www.radioempire.it\/?p=31505"},"modified":"2022-04-08T06:37:49","modified_gmt":"2022-04-08T06:37:49","slug":"hey-vittoria-e-il-nuovo-singolo-di-cordio","status":"publish","type":"post","link":"https:\/\/www.radioempire.it\/index.php\/2022\/04\/08\/hey-vittoria-e-il-nuovo-singolo-di-cordio\/","title":{"rendered":"Hey Vittoria \u00e8 il nuovo singolo di Cordio"},"content":{"rendered":"<p>Esce\u00a0<strong>venerd\u00ec 8 aprile 2022<\/strong>\u00a0&#8220;<strong><em>Hey Vittoria<\/em><\/strong>&#8220;, il nuovo singolo di\u00a0<strong>Cordio<\/strong>\u00a0fuori su etichetta\u00a0<strong>Mescal<\/strong>. \u00a0Terzo tassello del mosaico che creer\u00e0 il nuovo album, chiude idealmente il cerchio aperto da \u201c<em>Mezza Mela<\/em>\u201d e continuato da \u201c<em>Cose che si dicono<\/em>\u201d.\u00a0Anche qui il tema \u00e8 sentimentale, ma questa volta l\u2019amore non \u00e8 mai iniziato. La storia \u00e8 quella di un bacio non dato, durante quella che \u00e8 la stagione della leggerezza per eccellenza: l\u2019estate dopo il diploma. &#8220;<em>Hey Vittoria<\/em>&#8221; \u00e8 una canzone narrativa, che racconta una storia nella pi\u00f9 classica &#8211; e oggi purtroppo un po\u2019 perduta &#8211; tradizione cantautorale. \u00a0<strong>\u201c<em>\u00c8 una canzone spudorata, che cerca di liberarsi dalla vergogna del rimpianto gridandolo il pi\u00f9 forte possibile<\/em>\u201d\u00a0<\/strong>spiega l\u2019artista.<\/p>\n<p>Co-scritta e prodotta da\u00a0<strong>Lorenzo Vizzini<\/strong>, segue la scia dei precedenti singoli, tracciando una continuit\u00e0 nel sound e nella scrittura che definisce sempre di pi\u00f9 la forte identit\u00e0 artistica del nuovo progetto di\u00a0<strong>Cordio<\/strong>.<br \/>\n<em>Hey Vittoria<br \/>\nmi mangio l&#8217;anima ancora<br \/>\nC&#8217;era la giusta atmosfera eppure un bacio non te l&#8217;ho dato mai<\/em><br \/>\n<strong>SCOPRI IL BRANO SU SPOTIFY:\u00a0<\/strong><br \/>\n<a href=\"https:\/\/conzapress.us7.list-manage.com\/track\/click?u=4c11e8baa94397de80760836f&amp;id=0e9bc8cae3&amp;e=541e1ba31e\" target=\"_blank\" rel=\"noopener\" data-saferedirecturl=\"https:\/\/www.google.com\/url?q=https:\/\/conzapress.us7.list-manage.com\/track\/click?u%3D4c11e8baa94397de80760836f%26id%3D0e9bc8cae3%26e%3D541e1ba31e&amp;source=gmail&amp;ust=1649485348404000&amp;usg=AOvVaw1C4RrJB-aTIjDQw2RrUIsN\">https:\/\/open.spotify.com\/<wbr \/>album\/06zDAzChvpwgEeim2RDKRh?<wbr \/>si=hP2K_F9nRTyV42AN8b1zNg<\/a><\/p>\n<p><img loading=\"lazy\" class=\"CToWUd a6T\" tabindex=\"0\" src=\"https:\/\/ci5.googleusercontent.com\/proxy\/fCN5n0VkvHB-zC-U9vrEzbu_2TZnSkBelxNwTy5c2bhH4kdYKqnXIkNNBryU4LHMVgK2PSMtQ8q49d3Gv2H_iPhke9Mg-T48XQlp01ZR-_MKPqm5TgIDJCcnovDSJOQWyosIzKcKmTjVHwRYyu41zskITt2yYQ=s0-d-e1-ft#https:\/\/mcusercontent.com\/4c11e8baa94397de80760836f\/images\/97384006-4d2b-bc02-3831-c283591c3f64.png\" width=\"600\" height=\"600\" \/><\/p>\n<p><strong>BIO:<\/strong><\/p>\n<p>Pierfrancesco Cordio, in arte\u00a0<strong>Cordio<\/strong>, \u00e8 un cantautore nato a Catania nel 1995.<br \/>\nScoperto da Ermal Meta, che ne cura la produzione artistica e lo porta in tour come opening act nei suoi concerti per oltre 50 date in tutta Italia, partecipa a Sanremo Giovani 2019 con il brano \u201cLa Nostra Vita\u201d.\u00a0Ospite della IX edizione di \u201cMeraviglioso Modugno\u201d viene premiato dalla Federazione Autori per \u201cl\u2019intensit\u00e0 e la fluidit\u00e0 di scrittura con cui dipinge nella canzone uno stato d\u2019animo\u201d.\u00a0Tra il 2019 e il 2020 apre alcuni concerti del tour \u201cAbbi cura di me\u201d di Simone Cristicchi e del tour \u201cL\u2019altra met\u00e0\u201d di Francesco Renga.\u00a0Pubblica per Mescal\/Sony tre singoli e due EP digitali, poi confluiti in un unico disco in formato fisico dal titolo \u201cRitratti Post Diploma\u201d, che ha presentato dal vivo a Roma, Milano e Catania.<\/p>\n<p>Il 19 Novembre \u00e8 stato consegnato il nuovo singolo \u201cMezza Mela\u201d (Mescal\/ ADA) e seguito il 24 dal video. A due mesi esatti di distanza, arriva a tutti \u201cCose che si dicono\u201d; una telefonata che si trasforma in canzone e che viene affiancata un video online \u2013 come il brano \u2013 dal 19 Gennaio 2022. \u00a0\u00a0La primavera, stagione di rinascita per eccellenza, porta nuovi appuntamenti live ed un nuovissimo singolo, il terzo tassello del mosaico che creer\u00e0 il nuovo album e chiude idealmente il cerchio aperto da \u201c<em>Mezza Mela<\/em>\u201d e continuato da \u201c<em>Cose che si dicono<\/em>\u201d: dall\u20198 Aprile,\u00a0<strong>Hey Vittoria<\/strong>.<\/p>\n<p><a href=\"https:\/\/conzapress.us7.list-manage.com\/track\/click?u=4c11e8baa94397de80760836f&amp;id=03c6dc5df7&amp;e=541e1ba31e\" target=\"_blank\" rel=\"noopener\" data-saferedirecturl=\"https:\/\/www.google.com\/url?q=https:\/\/conzapress.us7.list-manage.com\/track\/click?u%3D4c11e8baa94397de80760836f%26id%3D03c6dc5df7%26e%3D541e1ba31e&amp;source=gmail&amp;ust=1649485348404000&amp;usg=AOvVaw0i9YNW4QvUhRJ_WXQEWFOb\">www.instagram.com\/cordiomusic<\/a><br \/>\n<a href=\"https:\/\/conzapress.us7.list-manage.com\/track\/click?u=4c11e8baa94397de80760836f&amp;id=c5024cc9ee&amp;e=541e1ba31e\" target=\"_blank\" rel=\"noopener\" data-saferedirecturl=\"https:\/\/www.google.com\/url?q=https:\/\/conzapress.us7.list-manage.com\/track\/click?u%3D4c11e8baa94397de80760836f%26id%3Dc5024cc9ee%26e%3D541e1ba31e&amp;source=gmail&amp;ust=1649485348404000&amp;usg=AOvVaw2y8PMa6kgDljihAGFVpY3O\">www.facebook.com\/cordiomusic<\/a><br \/>\n<a href=\"https:\/\/conzapress.us7.list-manage.com\/track\/click?u=4c11e8baa94397de80760836f&amp;id=877d6b2fbe&amp;e=541e1ba31e\" target=\"_blank\" rel=\"noopener\" data-saferedirecturl=\"https:\/\/www.google.com\/url?q=https:\/\/conzapress.us7.list-manage.com\/track\/click?u%3D4c11e8baa94397de80760836f%26id%3D877d6b2fbe%26e%3D541e1ba31e&amp;source=gmail&amp;ust=1649485348404000&amp;usg=AOvVaw2lm3tuQyVq9T524aa8bKlY\">https:\/\/twitter.com\/<wbr \/>cordiomusic<\/a><\/p>\n","protected":false},"excerpt":{"rendered":"<p>Esce\u00a0venerd\u00ec 8 aprile 2022\u00a0&#8220;Hey Vittoria&#8220;, il nuovo singolo di\u00a0Cordio\u00a0fuori su etichetta\u00a0Mescal. \u00a0Terzo tassello del mosaico che creer\u00e0 il nuovo album, chiude idealmente il cerchio aperto da \u201cMezza Mela\u201d e continuato<\/p>\n<div><a class=\"permalink\" href=\"https:\/\/www.radioempire.it\/index.php\/2022\/04\/08\/hey-vittoria-e-il-nuovo-singolo-di-cordio\/\">Read More&#8230;<\/a><\/div>\n","protected":false},"author":2,"featured_media":31506,"comment_status":"closed","ping_status":"closed","sticky":false,"template":"","format":"standard","meta":[],"categories":[3,36],"tags":[],"_links":{"self":[{"href":"https:\/\/www.radioempire.it\/index.php\/wp-json\/wp\/v2\/posts\/31505"}],"collection":[{"href":"https:\/\/www.radioempire.it\/index.php\/wp-json\/wp\/v2\/posts"}],"about":[{"href":"https:\/\/www.radioempire.it\/index.php\/wp-json\/wp\/v2\/types\/post"}],"author":[{"embeddable":true,"href":"https:\/\/www.radioempire.it\/index.php\/wp-json\/wp\/v2\/users\/2"}],"replies":[{"embeddable":true,"href":"https:\/\/www.radioempire.it\/index.php\/wp-json\/wp\/v2\/comments?post=31505"}],"version-history":[{"count":1,"href":"https:\/\/www.radioempire.it\/index.php\/wp-json\/wp\/v2\/posts\/31505\/revisions"}],"predecessor-version":[{"id":31507,"href":"https:\/\/www.radioempire.it\/index.php\/wp-json\/wp\/v2\/posts\/31505\/revisions\/31507"}],"wp:featuredmedia":[{"embeddable":true,"href":"https:\/\/www.radioempire.it\/index.php\/wp-json\/wp\/v2\/media\/31506"}],"wp:attachment":[{"href":"https:\/\/www.radioempire.it\/index.php\/wp-json\/wp\/v2\/media?parent=31505"}],"wp:term":[{"taxonomy":"category","embeddable":true,"href":"https:\/\/www.radioempire.it\/index.php\/wp-json\/wp\/v2\/categories?post=31505"},{"taxonomy":"post_tag","embeddable":true,"href":"https:\/\/www.radioempire.it\/index.php\/wp-json\/wp\/v2\/tags?post=31505"}],"curies":[{"name":"wp","href":"https:\/\/api.w.org\/{rel}","templated":true}]}}