{"id":31567,"date":"2022-04-11T19:52:26","date_gmt":"2022-04-11T19:52:26","guid":{"rendered":"https:\/\/www.radioempire.it\/?p=31567"},"modified":"2022-04-11T19:52:26","modified_gmt":"2022-04-11T19:52:26","slug":"cerimonia-di-presentazione-della-nuova-sede-locale-di-archeoclub-ditalia-denominata-area-integrata-dello-stretto","status":"publish","type":"post","link":"https:\/\/www.radioempire.it\/index.php\/2022\/04\/11\/cerimonia-di-presentazione-della-nuova-sede-locale-di-archeoclub-ditalia-denominata-area-integrata-dello-stretto\/","title":{"rendered":"Cerimonia di Presentazione della nuova sede locale di Archeoclub D\u2019Italia denominata \u201cArea integrata dello Stretto&#8221;"},"content":{"rendered":"<p>A bordo della nave Elio della Caronte&amp;Tourist, solcando le quiete acque dello Stretto tra Messina e Villa San Giovanni, si \u00e8 svolta la Cerimonia di presentazione della nuova sede locale di Archeoclub d\u2019Italia denominata \u201cArea integrata dello Stretto\u201d.<br \/>\nUn ponte culturale che vuole unire le sponde di due regioni, due mari e due citt\u00e0, Messina e Reggio Calabria che sono, come scriveva Stefano D\u2019Arrigo nel suo romanzo Horcynus Orca, &#8220;Scill\u2019Cariddi, due mari, un&#8217;unica identit\u00e0&#8221;.<br \/>\n\u201cS\u00ec un ponte Culturale &#8211; ribadisce la presidente Rosanna Trovato &#8211; che ha come finalit\u00e0 primaria la tutela, la promozione e la valorizzazione dei beni archeologici, storico-architettonici, culturali, paesaggistici e naturalistici; ma vuole soprattutto riscoprire radici ed identit\u00e0 e l\u2019immenso patrimonio storico, artistico, letterario e di cultura popolare; la comunione di esempi virtuosi, la valorizzazione delle vestigia, delle tradizioni e dei miti. Puntare sul turismo che, in una realt\u00e0 come quella dello Stretto, potrebbe essere ben pi\u00f9 di una risorsa. Sono questi gli obiettivi che accomunano i numerosi Soci, che con le loro diverse professionalit\u00e0 operano nelle due citt\u00e0 metropolitane di Messina e Reggio Calabria.\u201d E continua &#8211; \u201cVogliamo che le due sponde dialoghino, che si crei sinergia tra le istituzioni delle due citt\u00e0, cos\u00ec come ipotizzato nel 2019 quando i Governatori di Sicilia e Calabria e i Sindaci di Messina e Reggio, tentando di superare statuti e territori, hanno parlato proprio di Area Integrata dello Stretto\u201d.<br \/>\nPresente alla cerimonia Rosario Santanastasio, Presidente Nazionale di Acheoclub D\u2019Italia, il quale ha dichiarato: \u201cMalgrado tutto si va avanti, i tempi difficili che stiamo vivendo non ci hanno fermato e l\u2019Archeoclub cresce in qualit\u00e0. Con questa nuova sede si \u00e8 creato un ponte culturale che ha unito due importanti realt\u00e0, due regioni diverse che si confrontano in una prospettiva pi\u00f9 ampia e che contribuiranno a far crescere ulteriormente la nostra associazione\u201d.<br \/>\nLa vicepresidente Francesca Crea, ha affermato: \u201cIl mare non separa ma il mare unisce le due sponde ed ora anche Archeoclub Area Integrata dello Stretto unisce le due citt\u00e0 Metropolitane di Messina e di Reggio Calabria. Noi ne siamo felici perch\u00e9 negli anni ottanta a Reggio Calabria c\u2019era l\u2019Archeoclub, che gi\u00e0 tanto aveva dato per valorizzare alcuni siti presenti sul lungomare di Reggio Calabria; adesso saremo noi a continuare l\u2019opera mirata ad attenzionare e valorizzare i beni storici e archeologici, nel segno delle nostre tradizioni. Certo la realt\u00e0 dei nostri siti \u00e8 spesso problematica ma noi cercheremo di affiancare le istituzioni e le altre associazioni che perseguono le stesse nostre finalit\u00e0 per non sottrare i nostri tesori alla fruibilit\u00e0 di tutti i cittadini.\u201d<br \/>\nAlla presenza di numerose autorit\u00e0 e rappresentanti di Istituzioni e di Associazioni delle due citt\u00e0 metropolitane, sono stati presentati i Soci fondatori, il Consiglio Direttivo e il Collegio dei Probiviri.<br \/>\nAd arricchire la Cerimonia una conferenza sul tema \u201cLO STRETTO TRA MITO E REALTA\u2019\u201d tenuta dai Proff. Michele Limosani e Mauro Cavallaro dell\u2019Universit\u00e0 degli Studi di Messina.<\/p>\n","protected":false},"excerpt":{"rendered":"<p>A bordo della nave Elio della Caronte&amp;Tourist, solcando le quiete acque dello Stretto tra Messina e Villa San Giovanni, si \u00e8 svolta la Cerimonia di presentazione della nuova sede locale<\/p>\n<div><a class=\"permalink\" href=\"https:\/\/www.radioempire.it\/index.php\/2022\/04\/11\/cerimonia-di-presentazione-della-nuova-sede-locale-di-archeoclub-ditalia-denominata-area-integrata-dello-stretto\/\">Read More&#8230;<\/a><\/div>\n","protected":false},"author":2,"featured_media":31568,"comment_status":"closed","ping_status":"closed","sticky":false,"template":"","format":"standard","meta":[],"categories":[3,36],"tags":[],"_links":{"self":[{"href":"https:\/\/www.radioempire.it\/index.php\/wp-json\/wp\/v2\/posts\/31567"}],"collection":[{"href":"https:\/\/www.radioempire.it\/index.php\/wp-json\/wp\/v2\/posts"}],"about":[{"href":"https:\/\/www.radioempire.it\/index.php\/wp-json\/wp\/v2\/types\/post"}],"author":[{"embeddable":true,"href":"https:\/\/www.radioempire.it\/index.php\/wp-json\/wp\/v2\/users\/2"}],"replies":[{"embeddable":true,"href":"https:\/\/www.radioempire.it\/index.php\/wp-json\/wp\/v2\/comments?post=31567"}],"version-history":[{"count":1,"href":"https:\/\/www.radioempire.it\/index.php\/wp-json\/wp\/v2\/posts\/31567\/revisions"}],"predecessor-version":[{"id":31569,"href":"https:\/\/www.radioempire.it\/index.php\/wp-json\/wp\/v2\/posts\/31567\/revisions\/31569"}],"wp:featuredmedia":[{"embeddable":true,"href":"https:\/\/www.radioempire.it\/index.php\/wp-json\/wp\/v2\/media\/31568"}],"wp:attachment":[{"href":"https:\/\/www.radioempire.it\/index.php\/wp-json\/wp\/v2\/media?parent=31567"}],"wp:term":[{"taxonomy":"category","embeddable":true,"href":"https:\/\/www.radioempire.it\/index.php\/wp-json\/wp\/v2\/categories?post=31567"},{"taxonomy":"post_tag","embeddable":true,"href":"https:\/\/www.radioempire.it\/index.php\/wp-json\/wp\/v2\/tags?post=31567"}],"curies":[{"name":"wp","href":"https:\/\/api.w.org\/{rel}","templated":true}]}}