{"id":31750,"date":"2022-04-20T17:40:57","date_gmt":"2022-04-20T17:40:57","guid":{"rendered":"https:\/\/www.radioempire.it\/?p=31750"},"modified":"2022-04-20T17:40:57","modified_gmt":"2022-04-20T17:40:57","slug":"gero-riggio-il-cantautore-siciliano-con-il-brano-luci-rosse-luci-blu-vince-la-quarta-edizione-del-contest-musicale-sicurezza-stradale-in-musica-promosso-da-anas-s-p-a-e-radio-italia","status":"publish","type":"post","link":"https:\/\/www.radioempire.it\/index.php\/2022\/04\/20\/gero-riggio-il-cantautore-siciliano-con-il-brano-luci-rosse-luci-blu-vince-la-quarta-edizione-del-contest-musicale-sicurezza-stradale-in-musica-promosso-da-anas-s-p-a-e-radio-italia\/","title":{"rendered":"GERO RIGGIO  Il cantautore siciliano con il brano  &#8220;LUCI ROSSE LUCI BLU&#8221;  vince la quarta edizione del contest musicale  &#8220;Sicurezza stradale in musica&#8221;  promosso da Anas s.p.a. e Radio Italia"},"content":{"rendered":"<p>Il cantautore siciliano<strong>\u00a0Gero Riggio<\/strong>, con il brano <strong><em>\u201cLuci Rosse Luci Blu\u201d,<\/em><\/strong> \u00e8 il vincitore assoluto della quarta edizione del contest musicale<strong><em> \u201cSicurezza Stradale in musica\u201d,<\/em><\/strong> promosso da\u00a0<strong>Anas (Gruppo FS Italiane)<\/strong>\u00a0e\u00a0<strong>Radio Italia<\/strong>.\u00a0 <strong>Francesco Gabbani<\/strong>, testimonial del contest e\u00a0special guest\u00a0della giuria di esperti dell\u2019evento che si \u00e8 svolto il 14 aprile a Milano alla\u00a0<strong>Reward Music Place di Radio Italia<\/strong>, ha annunciato il vincitore nel corso della cerimonia.<\/p>\n<p><strong>Gero Riggio<\/strong>\u00a0\u00e8 stato scelto su una rosa di 10 finalisti da una giuria composta, oltre che da Francesco Gabbani, da\u00a0<strong>Mario Volanti<\/strong>\u00a0(Editore e Presidente di Radio Italia),\u00a0<strong>Mario Avagliano<\/strong>\u00a0(Responsabile Relazioni Esterne e Comunicazione Media di Anas),\u00a0<strong>Andrea Vittori<\/strong>\u00a0(manager musicale),\u00a0<strong>Dino Stewart<\/strong>\u00a0(managing Director dell\u2019etichetta discografica BMG).<\/p>\n<p><strong>Gero Riggio<\/strong>\u00a0si esibir\u00e0 in occasione di prestigiosi eventi musicali di caratura nazionale, fra i quali <strong>lo storico concerto di Roma del Primo Maggio<\/strong>, compatibilmente con la situazione sanitaria in corso<strong>e il 21 Maggio nel pre-show di Radio Italia Live di Piazza Duomo a Milano<\/strong>. Il suo <strong>brano verr\u00e0 promosso sui canali social di Anas e Radio Italia e sar\u00e0 distribuito su piattaforme digitali BMGRights.<\/strong> Anas curer\u00e0 la realizzazione del videoclip ufficiale del brano vincitore, che verr\u00e0 trasmesso su uno dei canali televisivi di Radio Italia.<\/p>\n<p><img loading=\"lazy\" class=\"alignleft size-medium wp-image-31751\" src=\"https:\/\/www.radioempire.it\/wp-content\/uploads\/2022\/04\/Gero-riggio-Luci-Rosse-Luci-Blu-300x225.jpg\" alt=\"\" width=\"300\" height=\"225\" srcset=\"https:\/\/www.radioempire.it\/wp-content\/uploads\/2022\/04\/Gero-riggio-Luci-Rosse-Luci-Blu-300x225.jpg 300w, https:\/\/www.radioempire.it\/wp-content\/uploads\/2022\/04\/Gero-riggio-Luci-Rosse-Luci-Blu-1024x768.jpg 1024w, https:\/\/www.radioempire.it\/wp-content\/uploads\/2022\/04\/Gero-riggio-Luci-Rosse-Luci-Blu-768x576.jpg 768w, https:\/\/www.radioempire.it\/wp-content\/uploads\/2022\/04\/Gero-riggio-Luci-Rosse-Luci-Blu-1536x1152.jpg 1536w, https:\/\/www.radioempire.it\/wp-content\/uploads\/2022\/04\/Gero-riggio-Luci-Rosse-Luci-Blu.jpg 2048w\" sizes=\"(max-width: 300px) 100vw, 300px\" \/><\/p>\n<p><em>\u201c\u2019Luci Rosse Luci Blu\u2019 #LRLB \u00e8 quella canzone che arriva dritta come un pugno nello stomacoper il suo essere cos\u00ec cruda e cos\u00ec vera<\/em>&#8211; <strong>racconta il cantautore siciliano<\/strong> -. <em>Una canzone senza filtri che racconta alcuni flash che si sovrappongono nella mente di chi si trova disteso per terra dopo aver avuto un incidente stradale. si scatenano in lui sentimenti ed emozioni profondi nell\u2019animo, si materializzano sfuocate tutte le scene tragiche vissute in quei momenti: l\u2019arrivo dei soccorsi, la gente che guarda attonita la scena e che non riesce a capacitarsene.Immagini che si proiettano in una dimensione surreale, non persuadendosi del fatto che quella felicit\u00e0 e allegria, dopo aver bevuto qualche bicchiere, si fosse trasformata nell\u2019opposto.Ma per fortuna alla fine della canzone si scopre che \u00e8 solo un incubo, un terribile incubo che genera per\u00f2 nel cuore del protagonista una promessa, di non toccare mai pi\u00f9 un volante dopo aver bevuto.\u201d<\/em><\/p>\n<p><strong>\u00a0<\/strong><\/p>\n<p><strong>GERO RIGGIO (o pi\u00f9 semplicemente GERO)<\/strong>, nasce a Mussomeli (CL) nel 1987.Nel 2007 \u00e8 finalista <strong>al Festival di Castrocaro<\/strong>, in prima serata su <strong>Rai Uno.<\/strong> Nel 2009, pubblica il suo primo demo album <strong><em>\u201cGuardando nel mio specchio\u201d <\/em><\/strong>distribuito da<strong> Major-free <\/strong>che contiene il singolo <strong><em>\u201cL\u2019Indistruttibile\u201d, <\/em><\/strong>ripubblicata sulle compilation di <strong>Radio Tour Festival e Suono Siciliano<\/strong> (distribuzione <strong>USA, Argentina e Canada<\/strong>). Nel 2009, \u00e8 un concorrente del talent-show in onda su <strong>Antenna Sicilia<em>\u201cDomani Festival\u201d <\/em><\/strong>valevole per l\u2019accesso al Festival della Canzone Siciliana. Nel 2010, \u00e8 protagonista di una puntata <strong><em>di \u201cItalia Ti canto\u201d<\/em><\/strong> in onda su <strong>Rai Due <\/strong>dove presenta due brani dell\u2019album. Nel 2012, partecipa come ospite nella famosa trasmissione <strong><em>\u201cInsieme\u201d <\/em><\/strong>su Antenna Sicilia dove presenta l\u2019inedito<strong><em> \u201cMountain Bike\u201d. <\/em><\/strong>Nello stesso anno \u00e8 in tour promozionale con l\u2019Orchestra Pop Siciliana dove porta dal vivo i suoi inediti. Dal 2015 pubblica su tutte le piattaforme i nuovi singoli: <strong><em>\u201cDieci &amp; Love<\/em><\/strong>\u201d,<strong><em>\u201cUn Estate a Ritmo di Dance\u201d<\/em><\/strong>, <strong><em>\u201c\u00c8 Natale\u201d, \u201cOltre Il Silenzio\u201d<\/em><\/strong> e <strong><em>\u201cL\u2019Amore Salva\u201d<\/em><\/strong>, quest\u2019ultimo lanciato in anteprima nazionale da <strong>Repubblica Tv.<\/strong> Nel 2017, pubblica una mini-fiaba dal titolo <strong><em>&#8220;La piccola bicicletta rossa&#8221;<\/em>per &#8220;Io scrivo per voi&#8221;<\/strong> progetto benefico per raccolta fondi per il sisma del centro-Italia. Partecipa nel 2018 con il brano <strong><em>\u201cSvuoto Il Bicchiere\u201d,<\/em>dedicato a Paolo Borsellino<\/strong>, al <strong>Premio \u201cMUSICA CONTRO LE MAFIE\u201d<\/strong> riuscendo a centrare la vittoria assoluta del concorso con la vincita del <strong>Premio Winner Tour<\/strong> e vincendo il <strong>Premio Speciale<\/strong> messo in palio dalla <strong>Polizia di Stato<\/strong>. Il 18 gennaio, vigilia del compleanno di Paolo Borsellino, esce su tutte le piattaforme <strong><em>\u201cSvuoto Il Bicchiere\u201d<\/em><\/strong> il cui clip (gi\u00e0 online) \u00e8 stato interamente realizzato da Gero. A febbraio, nei giorni del Festival, \u00e8 stato premiato a <strong>Casa Sanremo<\/strong> e si esibisce presso la <strong>Sala Lounge Lucio Dalla<\/strong>. Ad aprile 2019, in occasione del <strong>Tour \u201cChange Your Step\u201d<\/strong> si esibisce al <strong>Club Tenco di Sanremo<\/strong> e viene invitato come ospite istituzionale sotto segnalazione del <strong>MIUR alla \u201cNotte Bianca della Legalit\u00e0\u201d <\/strong>organizzata dall\u2019Ass.Nazionale Magistrati, in <strong><em>\u201cPalermo chiama Italia \u2013 23 maggio\u201d<\/em><\/strong> esibendosi di fronte all\u2019Albero Falcone davanti ad oltre 15.000 persone. \u00c8 ospite all\u2019<strong>UnlockedSelinus Festival 2019,<\/strong> il pi\u00f9 grande <strong>Festival di Musica elettronica organizzato nel Sud-Italia<\/strong>. A gennaio del 2020 pubblica per <strong>Carioca Records<\/strong>, l\u2019album di inediti <strong><em>\u201cUn Anno In Pi\u00f9\u201d (<\/em><\/strong><a href=\"https:\/\/open.spotify.com\/album\/5unamGwjtfZvtFJYMoUsEe\"><strong>ascolta su Spotify<\/strong><\/a><strong>)<\/strong><strong><em>.<\/em><\/strong>\u00a0 A settembre 2020, \u00e8 uno dei dieci residenti selezionati da <strong><em>&#8220;Musica contro le mafie<\/em><\/strong>&#8221; per <strong><em>&#8220;Soundbocs&#8221;<\/em><\/strong> la prima <strong>Music Fa<\/strong>rm a sfondo civile mai realizzata in Europa dove realizza il brano inedito <strong><em>\u201cDa Capo\u201d<\/em><\/strong> che viene inserito nella compilation pubblicata a febbraio del 2021 e dove realizza insieme agli altri residenti <strong><em>\u201cSoundbocsDiary\u201d <\/em><\/strong>un libro a lettura aumentata che viene presentato a Casa Sanremo a marzo del 2021. Nel corso degli anni Gero viene scelto come Open-Act di alcuni concerti di <strong>Ron, Gatto Panceri, Francesco Tricarico e Tinturia. A marzo 2022 \u00e8 uscito <em>\u201cTRAME<\/em>\u201d<\/strong> (etichetta discografica<strong>Carioca Records<\/strong>\/distribuzione <strong>Artist First &#8211; <\/strong><a href=\"https:\/\/geroriggio.lnk.to\/Trame\"><strong>ASCOLTA BRANO<\/strong><\/a>), nuovo singolo che d\u00e0 il via al nuovo progetto del cantautore siciliano, accompagnato dal videoclip <a href=\"https:\/\/www.youtube.com\/watch?v=wHpxLC1uM7o\"><strong>GUARDA VIDEO<\/strong><\/a><\/p>\n<p>&nbsp;<\/p>\n<p><strong>Link social GERO<\/strong><\/p>\n<p><strong><em>Sito: <\/em><\/strong><a href=\"http:\/\/www.geroriggio.it\"><strong><em>www.geroriggio.it<\/em><\/strong><\/a><\/p>\n<p><strong><em>Pagina FB: <\/em><\/strong><a href=\"https:\/\/www.facebook.com\/geroriggiofficial\"><strong><em>https:\/\/www.facebook.com\/geroriggiofficial<\/em><\/strong><\/a><\/p>\n<p><strong><em>Pagina IG: <\/em><\/strong><a href=\"http:\/\/www.instagram.com\/geroriggio\"><strong><em>http:\/\/www.instagram.com\/geroriggio<\/em><\/strong><\/a><\/p>\n<p><strong><em>Pagina TikTok:<\/em><\/strong><a href=\"https:\/\/vm.tiktok.com\/ZMLyJ4KwN\/\"><strong><em>https:\/\/vm.tiktok.com\/ZMLyJ4KwN\/<\/em><\/strong><\/a><\/p>\n<p><strong><em>Pagina TW: <\/em><\/strong><a href=\"https:\/\/twitter.com\/geroriggio\"><strong><em>https:\/\/twitter.com\/geroriggio<\/em><\/strong><\/a><\/p>\n<p><strong><em>Canale YB: <\/em><\/strong><a href=\"https:\/\/www.youtube.com\/user\/jerocomix\"><strong><em>https:\/\/www.youtube.com\/user\/jerocomix<\/em><\/strong><\/a><\/p>\n<p>Palermo, 11 aprile 2022<\/p>\n<p>Resp. Comunicazione: Gabriele Lo Piccolo &#8211; 3204424268 &#8211; <a href=\"mailto:info@gabrielelopiccolo.it\">info@gabrielelopiccolo.it<\/a><\/p>\n","protected":false},"excerpt":{"rendered":"<p>Il cantautore siciliano\u00a0Gero Riggio, con il brano \u201cLuci Rosse Luci Blu\u201d, \u00e8 il vincitore assoluto della quarta edizione del contest musicale \u201cSicurezza Stradale in musica\u201d, promosso da\u00a0Anas (Gruppo FS Italiane)\u00a0e\u00a0Radio<\/p>\n<div><a class=\"permalink\" href=\"https:\/\/www.radioempire.it\/index.php\/2022\/04\/20\/gero-riggio-il-cantautore-siciliano-con-il-brano-luci-rosse-luci-blu-vince-la-quarta-edizione-del-contest-musicale-sicurezza-stradale-in-musica-promosso-da-anas-s-p-a-e-radio-italia\/\">Read More&#8230;<\/a><\/div>\n","protected":false},"author":2,"featured_media":31752,"comment_status":"closed","ping_status":"closed","sticky":false,"template":"","format":"standard","meta":[],"categories":[3,36],"tags":[],"_links":{"self":[{"href":"https:\/\/www.radioempire.it\/index.php\/wp-json\/wp\/v2\/posts\/31750"}],"collection":[{"href":"https:\/\/www.radioempire.it\/index.php\/wp-json\/wp\/v2\/posts"}],"about":[{"href":"https:\/\/www.radioempire.it\/index.php\/wp-json\/wp\/v2\/types\/post"}],"author":[{"embeddable":true,"href":"https:\/\/www.radioempire.it\/index.php\/wp-json\/wp\/v2\/users\/2"}],"replies":[{"embeddable":true,"href":"https:\/\/www.radioempire.it\/index.php\/wp-json\/wp\/v2\/comments?post=31750"}],"version-history":[{"count":1,"href":"https:\/\/www.radioempire.it\/index.php\/wp-json\/wp\/v2\/posts\/31750\/revisions"}],"predecessor-version":[{"id":31753,"href":"https:\/\/www.radioempire.it\/index.php\/wp-json\/wp\/v2\/posts\/31750\/revisions\/31753"}],"wp:featuredmedia":[{"embeddable":true,"href":"https:\/\/www.radioempire.it\/index.php\/wp-json\/wp\/v2\/media\/31752"}],"wp:attachment":[{"href":"https:\/\/www.radioempire.it\/index.php\/wp-json\/wp\/v2\/media?parent=31750"}],"wp:term":[{"taxonomy":"category","embeddable":true,"href":"https:\/\/www.radioempire.it\/index.php\/wp-json\/wp\/v2\/categories?post=31750"},{"taxonomy":"post_tag","embeddable":true,"href":"https:\/\/www.radioempire.it\/index.php\/wp-json\/wp\/v2\/tags?post=31750"}],"curies":[{"name":"wp","href":"https:\/\/api.w.org\/{rel}","templated":true}]}}