{"id":31792,"date":"2022-04-22T16:00:27","date_gmt":"2022-04-22T16:00:27","guid":{"rendered":"https:\/\/www.radioempire.it\/?p=31792"},"modified":"2022-04-22T16:00:27","modified_gmt":"2022-04-22T16:00:27","slug":"delaido-oggi-esce-il-videoclip-non-ce-di-piu-nuovo-singolo-del-musicista-e-cantautore-palermitano","status":"publish","type":"post","link":"https:\/\/www.radioempire.it\/index.php\/2022\/04\/22\/delaido-oggi-esce-il-videoclip-non-ce-di-piu-nuovo-singolo-del-musicista-e-cantautore-palermitano\/","title":{"rendered":"DELAIDO  Oggi esce il videoclip  \u201cNon c&#8217;\u00e8 di pi\u00f9\u201d,  nuovo singolo del musicista e cantautore palermitano.\u00a0"},"content":{"rendered":"<p>Oggi esce il videoclip di<strong><em>&#8220;Non c&#8217;\u00e8 di pi\u00f9&#8221;<\/em><\/strong>, nuovo singolo del musicista e cantautore siciliano Delaido, gi\u00e0 disponibile in digitale e in rotazione radiofonica (<a href=\"https:\/\/linktr.ee\/delaido\"><strong>clicca per ascolto<\/strong><\/a>).<\/p>\n<p>&nbsp;<\/p>\n<p><a href=\"https:\/\/youtu.be\/gE-KLCeAGRw\"><strong>GUARDA VIDEO<\/strong><\/a><\/p>\n<p><em>\u00a0<\/em><\/p>\n<p>Fotografato da<strong> Vincenzo Viscuso <\/strong>e diretto da<strong> Alberto Francesco Culotta<\/strong><em>\u201c \u2018Non c&#8217;\u00e8 di pi\u00f9\u2019 nasconde l&#8217;idea del corto circuito- <\/em><strong>spiega il regista<\/strong><em> -: una fuga che \u00e8 anche ricerca inconsapevole dell&#8217;oggetto rifuggito; una ricerca che \u00e8 anche fuga drammatica dall&#8217;oggetto ricercato. Esegesi a parte, \u201cNon c&#8217;\u00e8 di pi\u00f9\u201d \u00e8 un video di DELAIDO. Come la canzone, \u00e8 frutto di un suo disegno meticoloso e al contempo astratto. Ogni frame &#8211; colorato come certi cartoni animati di met\u00e0 &#8216;900 &#8211; si accosta non casualmente al dispiegarsi delle note, evanescenti entrambe. La regia segue quel disegno, quasi certamente il sogno e incubo dell&#8217;autore &#8211; e cos\u00ec difatti si presenta: c&#8217;\u00e8 il bosco da fiaba, il fuggitivo e il classico lupo, forse cattivo. E c&#8217;\u00e8 un tuffo nell&#8217;abisso, nel vuoto e quindi fuori dal sogno, nel tempo della veglia. In pratica, non c&#8217;\u00e8 di pi\u00f9.\u201d<\/em><\/p>\n<p>&nbsp;<\/p>\n<p>Un brano dal carattere intimo e delicato, arricchito da una significativa sezione elettronica e immerso in un&#8217;ambientazione sonora particolarmente suggestiva che tende a portarci in una dimensione quasi onirica. &#8220;Non c&#8217;\u00e8 di pi\u00f9&#8221; \u00e8 una canzone che parla di stasi e di occasioni mancate, di come l&#8217;elaborazione e il cambiamento a volte siano l&#8217;unica via per ritrovare se stessi. Un singolo che scava nell&#8217;animo umano attraverso forme e toni raffinati ed evocativi, alla ricerca di una risoluzione apparentemente irraggiungibile. Prodotto e mixato presso <strong>IndigoStudios <\/strong>a Palermo da <strong>Francesco Vitaliti<\/strong>.<\/p>\n<p>&nbsp;<\/p>\n<p><strong>Delaido<\/strong>, pseudonimo di <strong>Vincenzo Calabria<\/strong>, pubblica i primi lavori discografici all&#8217;interno di band come i <strong>Malarditi<\/strong> e nel 2021 inizia il percorso da solista che lo porter\u00e0 alla pubblicazione del primo singolo dal titolo <strong><em>&#8220;Come si deve&#8221;, <\/em><\/strong>prodotto e mixato presso <strong>Indigo Studios <\/strong>a<strong> Palermo <\/strong>da <strong>FrancescoVitaliti<\/strong> e uscito per <em>Sichro<\/em>il 26 novembre dello stesso anno, accompagnato da un videoclip diretto da <strong>Alberto Francesco Culotta<\/strong>, cui segue, due mesi dopo, la seconda pubblicazione dal titolo <strong><em>&#8220;Sospeso&#8221;.<\/em><\/strong> Il <strong>nome Delaido<\/strong> si riferisce ad una parola trovata in un antico vocabolario della lingua italiana come sinonimo di <em>sporco<\/em>, aggettivo che l&#8217;artista utilizza proprio in riferimento al tipo di suono ricercato nelle sue produzioni. Una scrittura dal carattere melodico e intimista, in un contesto musicale legato all&#8217;indie rock di matrice cantautoriale, con venature apertamente elettroniche.<\/p>\n<p>&nbsp;<\/p>\n","protected":false},"excerpt":{"rendered":"<p>Oggi esce il videoclip di&#8220;Non c&#8217;\u00e8 di pi\u00f9&#8221;, nuovo singolo del musicista e cantautore siciliano Delaido, gi\u00e0 disponibile in digitale e in rotazione radiofonica (clicca per ascolto). &nbsp; GUARDA VIDEO<\/p>\n<div><a class=\"permalink\" href=\"https:\/\/www.radioempire.it\/index.php\/2022\/04\/22\/delaido-oggi-esce-il-videoclip-non-ce-di-piu-nuovo-singolo-del-musicista-e-cantautore-palermitano\/\">Read More&#8230;<\/a><\/div>\n","protected":false},"author":2,"featured_media":31793,"comment_status":"closed","ping_status":"closed","sticky":false,"template":"","format":"standard","meta":[],"categories":[3,36],"tags":[],"_links":{"self":[{"href":"https:\/\/www.radioempire.it\/index.php\/wp-json\/wp\/v2\/posts\/31792"}],"collection":[{"href":"https:\/\/www.radioempire.it\/index.php\/wp-json\/wp\/v2\/posts"}],"about":[{"href":"https:\/\/www.radioempire.it\/index.php\/wp-json\/wp\/v2\/types\/post"}],"author":[{"embeddable":true,"href":"https:\/\/www.radioempire.it\/index.php\/wp-json\/wp\/v2\/users\/2"}],"replies":[{"embeddable":true,"href":"https:\/\/www.radioempire.it\/index.php\/wp-json\/wp\/v2\/comments?post=31792"}],"version-history":[{"count":1,"href":"https:\/\/www.radioempire.it\/index.php\/wp-json\/wp\/v2\/posts\/31792\/revisions"}],"predecessor-version":[{"id":31794,"href":"https:\/\/www.radioempire.it\/index.php\/wp-json\/wp\/v2\/posts\/31792\/revisions\/31794"}],"wp:featuredmedia":[{"embeddable":true,"href":"https:\/\/www.radioempire.it\/index.php\/wp-json\/wp\/v2\/media\/31793"}],"wp:attachment":[{"href":"https:\/\/www.radioempire.it\/index.php\/wp-json\/wp\/v2\/media?parent=31792"}],"wp:term":[{"taxonomy":"category","embeddable":true,"href":"https:\/\/www.radioempire.it\/index.php\/wp-json\/wp\/v2\/categories?post=31792"},{"taxonomy":"post_tag","embeddable":true,"href":"https:\/\/www.radioempire.it\/index.php\/wp-json\/wp\/v2\/tags?post=31792"}],"curies":[{"name":"wp","href":"https:\/\/api.w.org\/{rel}","templated":true}]}}