{"id":31852,"date":"2022-04-26T11:45:40","date_gmt":"2022-04-26T11:45:40","guid":{"rendered":"https:\/\/www.radioempire.it\/?p=31852"},"modified":"2022-05-30T07:53:49","modified_gmt":"2022-05-30T07:53:49","slug":"coro-polacco-nel-santuario-maria-ausiliatrice-di-ali-terme","status":"publish","type":"post","link":"https:\/\/www.radioempire.it\/index.php\/2022\/04\/26\/coro-polacco-nel-santuario-maria-ausiliatrice-di-ali-terme\/","title":{"rendered":"Coro Polacco nel Santuario Maria Ausiliatrice di Al\u00ec Terme"},"content":{"rendered":"<p>Articolo di <strong>Orazio Leotta<\/strong><\/p>\n<p><strong>Al\u00ec Terme<\/strong>. Emozionante esibizione, nella serata di domenica, del coro \u201cPueri et PuellaeCantoresPlocenses\u201d nel Santuario Maria Ausiliatrice di Al\u00ec Terme, quale evento conclusivo della prima edizione del Festival Corale Internazionale denominato \u201cSalve Regina Coelitum\u201d, una tre giorni coristica, tenutasi anche nella Basilica Cattedrale di Messina e nella chiesa Santa Maria di Ges\u00f9 a Provinciale, al motto di Cantiamo la Pace.<\/p>\n<p>I 34 componenti il coro (20 ragazze e 14 ragazzi) hanno deliziato l\u2019esigente palato degli intervenuti fra cui musicisti, docenti di educazione musicale, semplici appassionati,proponendotredici grandi successi attinti dal loro collaudato repertorio: molto applauditi sono risultati, fra gli altri, l\u2019Alleluja di Twardowski, \u201cSoon ah Will be Done\u201d di William Dawson, il \u201cDe Profundis clamavi\u201d di PiotrJanczak e \u201cAd Fontes\u201d, un canto ucraino di BartoszChajdecki. Diretti da Anna Bramska, fondatrice del coro nel 1998 nella citt\u00e0 polacca di Plock assieme al marito Viktor (organista), il coro \u00e8 costituito da bambini e giovani dai 7 ai 19 anni ed al completo consta di pi\u00f9 di 100 elementi.<\/p>\n<p>A rappresentare l\u2019amministrazione comunale aliese, partner organizzativo dell\u2019evento assieme a Federcori, Universit\u00e0 di Messina, Armonie dello Spirito, Arcidiocesi e Cattedrale di Messina, il sindaco Carlo Giaquinta e l\u2019assessore Nunziata Todaro.<\/p>\n<p>I giovani componenti il coro hanno fra l\u2019altro, nel giorno della Divina Misericordia, nelle ore precedenti il concerto, animato anche la Santa Messa domenicale implorando il dono della pace per il mondo intero.<\/p>\n<p>Al festival hanno preso parte, esibendosi nelle altre due succitate chiese, anche il Coro Giovanile \u201cNote Colorate\u201d, la Cappella musicale S. Maria Assunta, le Corali La Perosiana e Delle Vittorie nonch\u00e9 la Schola Canthorum St. John\u2019s proveniente dall\u2019Inghilterra.<\/p>\n","protected":false},"excerpt":{"rendered":"<p>Articolo di Orazio Leotta Al\u00ec Terme. Emozionante esibizione, nella serata di domenica, del coro \u201cPueri et PuellaeCantoresPlocenses\u201d nel Santuario Maria Ausiliatrice di Al\u00ec Terme, quale evento conclusivo della prima edizione<\/p>\n<div><a class=\"permalink\" href=\"https:\/\/www.radioempire.it\/index.php\/2022\/04\/26\/coro-polacco-nel-santuario-maria-ausiliatrice-di-ali-terme\/\">Read More&#8230;<\/a><\/div>\n","protected":false},"author":2,"featured_media":31853,"comment_status":"closed","ping_status":"closed","sticky":false,"template":"","format":"standard","meta":[],"categories":[3,36,78],"tags":[],"_links":{"self":[{"href":"https:\/\/www.radioempire.it\/index.php\/wp-json\/wp\/v2\/posts\/31852"}],"collection":[{"href":"https:\/\/www.radioempire.it\/index.php\/wp-json\/wp\/v2\/posts"}],"about":[{"href":"https:\/\/www.radioempire.it\/index.php\/wp-json\/wp\/v2\/types\/post"}],"author":[{"embeddable":true,"href":"https:\/\/www.radioempire.it\/index.php\/wp-json\/wp\/v2\/users\/2"}],"replies":[{"embeddable":true,"href":"https:\/\/www.radioempire.it\/index.php\/wp-json\/wp\/v2\/comments?post=31852"}],"version-history":[{"count":1,"href":"https:\/\/www.radioempire.it\/index.php\/wp-json\/wp\/v2\/posts\/31852\/revisions"}],"predecessor-version":[{"id":31854,"href":"https:\/\/www.radioempire.it\/index.php\/wp-json\/wp\/v2\/posts\/31852\/revisions\/31854"}],"wp:featuredmedia":[{"embeddable":true,"href":"https:\/\/www.radioempire.it\/index.php\/wp-json\/wp\/v2\/media\/31853"}],"wp:attachment":[{"href":"https:\/\/www.radioempire.it\/index.php\/wp-json\/wp\/v2\/media?parent=31852"}],"wp:term":[{"taxonomy":"category","embeddable":true,"href":"https:\/\/www.radioempire.it\/index.php\/wp-json\/wp\/v2\/categories?post=31852"},{"taxonomy":"post_tag","embeddable":true,"href":"https:\/\/www.radioempire.it\/index.php\/wp-json\/wp\/v2\/tags?post=31852"}],"curies":[{"name":"wp","href":"https:\/\/api.w.org\/{rel}","templated":true}]}}