{"id":31865,"date":"2022-04-26T21:34:53","date_gmt":"2022-04-26T21:34:53","guid":{"rendered":"https:\/\/www.radioempire.it\/?p=31865"},"modified":"2022-04-26T21:34:53","modified_gmt":"2022-04-26T21:34:53","slug":"floriana-foti-venerdi-29-aprile-2022-esce-in-radio-if-you-stayed-with-me-brano-estratto-dal-nuovo-album-seven-colors","status":"publish","type":"post","link":"https:\/\/www.radioempire.it\/index.php\/2022\/04\/26\/floriana-foti-venerdi-29-aprile-2022-esce-in-radio-if-you-stayed-with-me-brano-estratto-dal-nuovo-album-seven-colors\/","title":{"rendered":"FLORIANA FOTI VENERD\u00cc 29 APRILE 2022 ESCE IN RADIO \u201cIF YOU STAYED WITH ME\u201d BRANO ESTRATTO DAL NUOVO ALBUM \u201cSEVEN COLORS\u201d"},"content":{"rendered":"<p align=\"CENTER\"><span style=\"font-size: medium;\"><b>Da venerd\u00ec 29 aprile 2022 sar\u00e0 disponibile in rotazione radiofonica \u201cIf You Stayed with Me\u201d, il secondo singolo di Floriana Foti pubblicato dall\u2019etichetta discografica TRP Music, estratto dal nuovo album \u201cSeven Colors\u201d, disco gi\u00e0 presente su tutte le piattaforme di streaming da venerd\u00ec 8 aprile 2022.<\/b><\/span><\/p>\n<p align=\"JUSTIFY\"><span style=\"font-size: medium;\">Dal <\/span><span style=\"font-size: medium;\"><i>mood<\/i><\/span><span style=\"font-size: medium;\"> particolarmente toccante, dallo spirito profondamente evocativo, narrativo e descrittivo, \u201c<\/span><span style=\"font-size: medium;\"><b>If You Stayed with Me<\/b><\/span><span style=\"font-size: medium;\">\u201d \u00e8 il secondo singolo della cantante, compositrice e arrangiatrice <\/span><span style=\"font-size: medium;\"><b>Floriana Foti<\/b><\/span><span style=\"font-size: medium;\">, pubblicato dall\u2019etichetta <\/span><span style=\"font-size: medium;\"><b>TRP Music<\/b><\/span><span style=\"font-size: medium;\"> ed estratto dal suo nuovo lavoro discografico intitolato \u201c<\/span><span style=\"font-size: medium;\"><b>Seven Colors<\/b><\/span><span style=\"font-size: medium;\">\u201d. Architettato su un raffinato manto armonico, \u201c<\/span><span style=\"font-size: medium;\"><b>If You Stayed with Me<\/b><\/span><span style=\"font-size: medium;\">\u201d (\u201c<\/span><span style=\"font-size: medium;\"><b>Se Tu Fossi Rimasta con Me<\/b><\/span><span style=\"font-size: medium;\">\u201d in italiano) \u00e8 un\u2019affettuosa ballad, scritta e arrangiata dalla musicista siciliana, dedicata alla sua compianta nonna paterna. Per <\/span><span style=\"font-size: medium;\"><b>Floriana Foti<\/b><\/span><span style=\"font-size: medium;\"> l\u2019angelica presenza di sua nonna ha rappresentato un autentico e forte punto di riferimento, che l\u2019artista sicula ha avuto al suo fianco fino al 2016. Il fulcro del tema \u00e8 quello del ricordo, della mancanza, proprio come dice il testo (tradotto in italiano): \u00ab<\/span><span style=\"font-size: medium;\"><i>Accendendo candele, riscaldo questo spazio vuoto\u2026 quando mi sento sola, mi viene ancora in mente quando ridevi, come un amorevole dono che conservo dentro di me<\/i><\/span><span style=\"font-size: medium;\">\u00bb. Su \u201c<\/span><span style=\"font-size: medium;\"><b>If You Stayed with Me<\/b><\/span><span style=\"font-size: medium;\">\u201d, <\/span><span style=\"font-size: medium;\"><b>Floriana Foti<\/b><\/span><span style=\"font-size: medium;\"> racconta: \u00ab<\/span><span style=\"font-size: medium;\"><i>Dopo l\u2019uscita di <\/i><\/span><span style=\"font-size: medium;\"><i><b>Spunta lu Suli <\/b><\/i><\/span><span style=\"font-size: medium;\"><i>(il primo singolo, ndr), ho avvertito il desiderio di passare dai colori mediterranei caldi a quelli tenui e nostalgici: e come non ricreare una tale atmosfera se non attraverso una ballad jazz? Tra l\u2019altro, non dedicata a chi c\u2019\u00e8 nella mia vita, ma a chi non c\u2019\u00e8 pi\u00f9 pur continuando a far sentire la sua presenza. Il brano \u00e8 una dedica a mia nonna paterna, dalla quale ho ereditato anche l\u2019amore per il canto. Spero che questa dichiarazione d\u2019amore non convenzionale possa regalare un piccolo tremito, come quello che mi ha condotto a scriverla<\/i><\/span><span style=\"font-size: medium;\">\u00bb. Il videoclip vuole esprimere il tema del ricordo e della \u201cmancanza-presenza\u201d di chi ci \u00e8 stato vicino durante il percorso di vita e che, in qualche modo, continua a esserci e a guidarci da qualche parte dell\u2019universo. Per\u00f2, segue un secondo tema, ossia quello delle sfumature intese come emozioni e stati d\u2019animo, che rendono la realt\u00e0 variopinta e, allo stesso tempo, degna di essere vissuta. Regista e videomaker del video \u00e8 <\/span><span style=\"font-size: medium;\"><b>Marco Foti<\/b><\/span><span style=\"font-size: medium;\">, mentre l\u2019ambientazione scelta \u00e8 la necropoli nella riserva naturale di Pantalica, in provincia di Siracusa, dichiarata <\/span><span style=\"font-size: medium;\"><b>patrimonio dell\u2019umanit\u00e0<\/b><\/span><span style=\"font-size: medium;\"> dal 2005. Il luogo presenta uno scenario naturale mozzafiato, incontaminato e spirituale. Le scene sono state girate il 2 marzo 2022, in un pomeriggio velato dalle nuvole che conciliano il senso di nostalgia e memoria, in armonia col silenzio di quei luoghi. La protagonista \u00e8 colta in due differenti momenti: quello del raccoglimento meditativo e quello della danza dei nastri colorati che simboleggiano le proprie emozioni. La scelta della necropoli di Pantalica non \u00e8 dunque casuale: tra le impervie montagne, migliaia di anni fa, diverse popolazioni hanno lasciato le proprie testimonianze attraverso delle grotte artificiali, cos\u00ec come una persona importante per la nostra vita pu\u00f2 lasciare una traccia di s\u00e9 stessa dentro di noi. <\/span><\/p>\n<p align=\"JUSTIFY\"><span style=\"font-size: medium;\">Nel segno del contemporary jazz, intarsiato con tratteggi di musica mediterranea, ethno jazz, world music e folk, \u201c<\/span><span style=\"font-size: medium;\"><b>Seven Colors<\/b><\/span><span style=\"font-size: medium;\">\u201d \u00e8 un viaggio immersivo, dal carattere introspettivo, un album dal quale emerge tutta la sensibilit\u00e0 compositiva, comunicativa e interpretativa di <\/span><span style=\"font-size: medium;\"><b>Floriana Foti<\/b><\/span><span style=\"font-size: medium;\">, come fosse un quadro inizialmente intonso poi dipinto con svariate gradazioni di colori volte a manifestare in parole e note sensazioni e stati d\u2019animo mutevoli. Un immaginifico affresco sonoro che emana calore umano, un ritratto intimistico capace di far vibrare le corde pi\u00f9 recondite dell\u2019anima. Accompagnata da sette brillanti partner come <\/span><span style=\"font-size: medium;\"><b>Suzan Veneman<\/b><\/span><span style=\"font-size: medium;\"> (tromba), <\/span><span style=\"font-size: medium;\"><b>Denis Pavlenko<\/b><\/span><span style=\"font-size: medium;\"> (sax alto), <\/span><span style=\"font-size: medium;\"><b>Daniele Nasi<\/b><\/span><span style=\"font-size: medium;\"> (sax tenore), <\/span><span style=\"font-size: medium;\"><b>Pasha Shcherbakov<\/b><\/span><span style=\"font-size: medium;\"> (trombone), <\/span><span style=\"font-size: medium;\"><b>Tony Hoyting<\/b><\/span><span style=\"font-size: medium;\"> (pianoforte), <\/span><span style=\"font-size: medium;\"><b>Andrea Caruso<\/b><\/span><span style=\"font-size: medium;\"> (contrabbasso) e <\/span><span style=\"font-size: medium;\"><b>Quique Ram\u00edrez<\/b><\/span><span style=\"font-size: medium;\"> (batteria), il CD consta di nove brani, di cui <\/span><span style=\"font-size: medium;\"><b>Seven Colors of the Rainbow<\/b><\/span><span style=\"font-size: medium;\">, <\/span><span style=\"font-size: medium;\"><b>If You Stayed with Me<\/b><\/span><span style=\"font-size: medium;\"> e <\/span><span style=\"font-size: medium;\"><b>Spunta lu Suli<\/b><\/span><span style=\"font-size: medium;\"> sono figli della fertilit\u00e0 compositiva di <\/span><span style=\"font-size: medium;\"><b>Floriana Foti<\/b><\/span><span style=\"font-size: medium;\">, mentre <\/span><span style=\"font-size: medium;\"><b>Cu ti lu Dissi<\/b><\/span><span style=\"font-size: medium;\"> (tradizionale), <\/span><span style=\"font-size: medium;\"><b>Marzapaneddu<\/b><\/span><span style=\"font-size: medium;\"> (tradizionale-<\/span><span style=\"font-size: medium;\"><b>Matilde Politi<\/b><\/span><span style=\"font-size: medium;\">), <\/span><span style=\"font-size: medium;\"><b>L\u2019Amore Fugge<\/b><\/span><span style=\"font-size: medium;\"> (<\/span><span style=\"font-size: medium;\"><b>Rita Marcotulli<\/b><\/span><span style=\"font-size: medium;\">), <\/span><span style=\"font-size: medium;\"><b>Dolcenera<\/b><\/span><span style=\"font-size: medium;\"> (<\/span><span style=\"font-size: medium;\"><b>Fabrizio De Andr\u00e8<\/b><\/span><span style=\"font-size: medium;\">), <\/span><span style=\"font-size: medium;\"><b>Scitame Sole<\/b><\/span><span style=\"font-size: medium;\"> (<\/span><span style=\"font-size: medium;\"><b>Rita Marcotulli<\/b><\/span><span style=\"font-size: medium;\">&#8211;<\/span><span style=\"font-size: medium;\"><b>Maria Pia De Vito<\/b><\/span><span style=\"font-size: medium;\">) e <\/span><span style=\"font-size: medium;\"><b>S\u2019Wonderful<\/b><\/span><span style=\"font-size: medium;\"> (<\/span><span style=\"font-size: medium;\"><b>George Gershwin<\/b><\/span><span style=\"font-size: medium;\">&#8211;<\/span><span style=\"font-size: medium;\"><b>Ira Gershwin<\/b><\/span><span style=\"font-size: medium;\">) completano la <\/span><span style=\"font-size: medium;\"><i>tracklist<\/i><\/span><span style=\"font-size: medium;\">. Su \u201c<\/span><span style=\"font-size: medium;\"><b>Seven Colors<\/b><\/span><span style=\"font-size: medium;\">\u201d, la musicista sicula si esprime cos\u00ec: \u00ab<\/span><span style=\"font-size: medium;\"><i><b>Seven Colors<\/b><\/i><\/span><span style=\"font-size: medium;\"><i> \u00e8 il mio album d\u2019esordio, la mia carta d\u2019identit\u00e0 artistica, in cui ho provato a trasmettere le mie generalit\u00e0 in maniera chiara. Al suo interno, tutti i brani da me composti o rivisitati, sono concepiti come pennellate di colore su tela di diverse tonalit\u00e0: ascolterete brani al confine tra jazz, mediterraneo e world music in lingua dialettale, italiana e inglese, insieme a composizioni originali. Mi auguro possiate goderne dell\u2019ascolto<\/i><\/span><span style=\"font-size: medium;\">\u00bb.<\/span><\/p>\n<p><span style=\"font-size: medium;\"><b>Biografia<\/b><\/span><\/p>\n<p align=\"JUSTIFY\"><span style=\"color: #000000;\"><span style=\"font-family: Helvetica Neue, serif;\"><span style=\"font-size: medium;\"><span style=\"font-family: Calibri, serif;\">Cantante, compositrice ed educatrice di Catania, dal brillante eclettismo stilistico e vocale, nonch\u00e9 interprete dall\u2019alta intensit\u00e0 emozionale, <\/span><span style=\"font-family: Calibri, serif;\"><b>Floriana Foti<\/b><\/span><span style=\"font-family: Calibri, serif;\">, classe 1985, si avvicina al canto all\u2019et\u00e0 di quindici anni tra performance live e concorsi canori. Dagli esordi, la musicista catanese assorbe le influenze del blues, della musica brasiliana, del soul, della musica mediterranea, per poi approdare al jazz, che la porter\u00e0 in Olanda a laurearsi in Canto Jazz presso il \u201c<\/span><span style=\"font-family: Calibri, serif;\"><b>Prins Clauss Conservatory<\/b><\/span><span style=\"font-family: Calibri, serif;\">\u201d di Groningen a giugno del 2018. Nei Paesi Bassi la cantante siciliana d\u00e0 vita al <\/span><span style=\"font-family: Calibri, serif;\"><b>Floriana Foti Quartet<\/b><\/span><span style=\"font-family: Calibri, serif;\">, band di grandi artisti emergenti con i quali esporta la sua musica nel panorama olandese, in particolare sul palco del noto festival jazz <\/span><span style=\"font-family: Calibri, serif;\"><b>Swinging Groningen<\/b><\/span><span style=\"font-family: Calibri, serif;\"> a giugno del 2018. Sempre in Olanda, <\/span><span style=\"font-family: Calibri, serif;\"><b>Floriana<\/b><\/span> <span style=\"font-family: Calibri, serif;\"><b>Foti<\/b><\/span><span style=\"font-family: Calibri, serif;\"> studia con musicisti newyorkesi di assoluto livello del jazz internazionale, come <\/span><span style=\"font-family: Calibri, serif;\"><b>Mark Gross<\/b><\/span><span style=\"font-family: Calibri, serif;\">, <\/span><span style=\"font-family: Calibri, serif;\"><b>David Binney<\/b><\/span><span style=\"font-family: Calibri, serif;\">, <\/span><span style=\"font-family: Calibri, serif;\"><b>Steve Nelson<\/b><\/span><span style=\"font-family: Calibri, serif;\">, <\/span><span style=\"font-family: Calibri, serif;\"><b>Kevin Hays<\/b><\/span><span style=\"font-family: Calibri, serif;\">, solo per menzionarne alcuni. Parallelamente alla musica, consegue la laurea in Lettere e Filologia Moderna presso l\u2019Universit\u00e0 di Catania nel 2013, oltre a un master affine in Spagna nel 2014. \u00c8 specializzata in <\/span><span style=\"font-family: Calibri, serif;\"><b>EVT <\/b><\/span><span style=\"font-family: Calibri, serif;\">di I\u00b0 e II\u00b0 livello, tecnica vocale nata negli Stati Uniti. Al momento, insegna canto presso pi\u00f9 scuole musicali in provincia di Catania e si dedica alla sua musica. <\/span><\/span><\/span><\/span><\/p>\n<p align=\"JUSTIFY\"><span style=\"color: #000000;\"><span style=\"font-family: Helvetica Neue, serif;\"><span style=\"font-size: medium;\"><span style=\"font-family: Calibri, serif;\"><span style=\"font-size: small;\"><span lang=\"en-US\"><b>Facebook: <\/b><\/span><\/span><\/span><a href=\"https:\/\/www.facebook.com\/FlorianaFotiOfficial\/\"><span style=\"font-family: Calibri, serif;\"><span style=\"font-size: small;\"><span lang=\"en-US\"><b>https:\/\/www.facebook.com\/FlorianaFotiOfficial\/<\/b><\/span><\/span><\/span><\/a><\/span><\/span><\/span><\/p>\n<p><span style=\"font-family: Times New Roman, serif;\"><span style=\"font-size: medium;\"><span style=\"font-family: Calibri, serif;\"><span style=\"font-size: small;\"><span lang=\"en-US\"><b>Instagram<\/b><\/span><\/span><\/span><span style=\"font-family: Calibri, serif;\"><span style=\"font-size: small;\"><span lang=\"en-US\">: <\/span><\/span><\/span><a href=\"https:\/\/www.instagram.com\/florianafoti\/\"><span style=\"font-family: Calibri, serif;\"><span style=\"font-size: small;\"><span lang=\"en-US\">https:\/\/www.instagram.com\/florianafoti\/<\/span><\/span><\/span><\/a><\/span><\/span><\/p>\n<p><span style=\"font-family: Times New Roman, serif;\"><span style=\"font-size: medium;\"><span style=\"font-family: Calibri, serif;\"><span style=\"font-size: small;\"><span lang=\"pt-PT\"><b>Sito ufficiale: <\/b><\/span><\/span><\/span><a href=\"http:\/\/www.florianafoti.com\"><span style=\"font-family: Calibri, serif;\"><span style=\"font-size: small;\"><span lang=\"pt-PT\"><b>www.florianafoti.com<\/b><\/span><\/span><\/span><\/a><\/span><\/span><\/p>\n","protected":false},"excerpt":{"rendered":"<p>Da venerd\u00ec 29 aprile 2022 sar\u00e0 disponibile in rotazione radiofonica \u201cIf You Stayed with Me\u201d, il secondo singolo di Floriana Foti pubblicato dall\u2019etichetta discografica TRP Music, estratto dal nuovo album<\/p>\n<div><a class=\"permalink\" href=\"https:\/\/www.radioempire.it\/index.php\/2022\/04\/26\/floriana-foti-venerdi-29-aprile-2022-esce-in-radio-if-you-stayed-with-me-brano-estratto-dal-nuovo-album-seven-colors\/\">Read More&#8230;<\/a><\/div>\n","protected":false},"author":2,"featured_media":31866,"comment_status":"closed","ping_status":"closed","sticky":false,"template":"","format":"standard","meta":[],"categories":[3,36],"tags":[],"_links":{"self":[{"href":"https:\/\/www.radioempire.it\/index.php\/wp-json\/wp\/v2\/posts\/31865"}],"collection":[{"href":"https:\/\/www.radioempire.it\/index.php\/wp-json\/wp\/v2\/posts"}],"about":[{"href":"https:\/\/www.radioempire.it\/index.php\/wp-json\/wp\/v2\/types\/post"}],"author":[{"embeddable":true,"href":"https:\/\/www.radioempire.it\/index.php\/wp-json\/wp\/v2\/users\/2"}],"replies":[{"embeddable":true,"href":"https:\/\/www.radioempire.it\/index.php\/wp-json\/wp\/v2\/comments?post=31865"}],"version-history":[{"count":1,"href":"https:\/\/www.radioempire.it\/index.php\/wp-json\/wp\/v2\/posts\/31865\/revisions"}],"predecessor-version":[{"id":31867,"href":"https:\/\/www.radioempire.it\/index.php\/wp-json\/wp\/v2\/posts\/31865\/revisions\/31867"}],"wp:featuredmedia":[{"embeddable":true,"href":"https:\/\/www.radioempire.it\/index.php\/wp-json\/wp\/v2\/media\/31866"}],"wp:attachment":[{"href":"https:\/\/www.radioempire.it\/index.php\/wp-json\/wp\/v2\/media?parent=31865"}],"wp:term":[{"taxonomy":"category","embeddable":true,"href":"https:\/\/www.radioempire.it\/index.php\/wp-json\/wp\/v2\/categories?post=31865"},{"taxonomy":"post_tag","embeddable":true,"href":"https:\/\/www.radioempire.it\/index.php\/wp-json\/wp\/v2\/tags?post=31865"}],"curies":[{"name":"wp","href":"https:\/\/api.w.org\/{rel}","templated":true}]}}