{"id":32238,"date":"2022-05-12T13:09:32","date_gmt":"2022-05-12T13:09:32","guid":{"rendered":"https:\/\/www.radioempire.it\/?p=32238"},"modified":"2022-05-12T13:09:32","modified_gmt":"2022-05-12T13:09:32","slug":"dal-18-al-22-maggio-il-comune-di-milo-ricorda-franco-battiato-nel-primo-anniversario-della-scomparsa","status":"publish","type":"post","link":"https:\/\/www.radioempire.it\/index.php\/2022\/05\/12\/dal-18-al-22-maggio-il-comune-di-milo-ricorda-franco-battiato-nel-primo-anniversario-della-scomparsa\/","title":{"rendered":"Dal 18 al 22 maggio il Comune di Milo ricorda Franco Battiato nel primo anniversario della scomparsa.\u00a0"},"content":{"rendered":"<p><strong>NOTE DI PASSAGGIO <\/strong>\u2013 <em>Le vie che portano all\u2019Essenza. <\/em><\/p>\n<p>Una grande rassegna per indagare la ricerca, la sperimentazione e la trascendenza del compositore etneo<\/p>\n<p><strong>NOTE DI PASSAGGIO <\/strong>\u00e8 il titolo dell\u2019iniziativa omaggio a <strong>Franco Battiato<\/strong>, in occasione del primo anniversario della sua scomparsa, che si terr\u00e0 a Milo da mercoled\u00ec 18 a domenica 22 maggio.<\/p>\n<p>Si tratta di una grande rassegna, composita e articolata, che esplora tutti i contesti artistici e non in cui Franco Battiato si \u00e8 trovato ad operare in mezzo secolo ed oltre di costante attivit\u00e0 e ricerca.<\/p>\n<p>L\u2019iniziativa, voluta dal <strong>Comune di Milo<\/strong> con il patrocinio dell\u2019<strong>Assessorato Beni Culturali e Identit\u00e0 Siciliana della Regione Siciliana<\/strong> e in collaborazione con il<strong> Centro Studi di Gravit\u00e0 Permanente<\/strong>,<strong> l\u2019Associazione turistica Pro \u2013 Loco Miloe l\u2019Istituto di Istruzione Superiore \u201cM. Amari\u201d<\/strong> di Giarre, \u00e8 caratterizzata da diversi eventi collocati in differenti location sia a Milo che a Giarre.<\/p>\n<p>L\u2019apertura (<em>giorno 18, ore 7,00 Belvedere Giovanni D\u2019Aragona<\/em>) della rassegna sar\u00e0 caratterizzata da un momento meditativo che vedr\u00e0 riuniti esponenti di diverse tradizioni spirituali ed artistiche. Una vera e propria meditazione che richiamer\u00e0 lo spirito pi\u00f9 segreto e mistico di Battiato.<\/p>\n<p>Nel pomeriggio, (ore 17.00, Centro Servizi) il sindaco di Milo, <strong>Alfio Cosentino, Fiorella Nozzetti<\/strong> e <strong>Alfredo Cavallaro <\/strong>(Presidente della Pro Loco Milo) presenteranno la rassegna unitamente al progetto di realizzazione di una statua celebrativa che riproduce Franco Battiato e Lucio Dalla. L\u2019opera, di cui esiste gi\u00e0 un modello, sar\u00e0 realizzata dal maestro <strong>Placido Cal\u00ec<\/strong>.<\/p>\n<p>A seguire (ore 17.30) si terr\u00e0 la presentazione del nuovo libro dello scrittore e saggista <strong>Guido<\/strong> <strong>Guidi Guerrera<\/strong> dal titolo <strong>\u201cL\u2019uomo dell\u2019isola dei giardini\u201d,<\/strong> una analisi approfondita dei contenuti simbolici ed esoterici dell\u2019artista. La presentazione, moderata da <strong>Alessio Cantarella<\/strong>, sar\u00e0 arricchita dalla lettura di frammenti del libro a cura degli attori<strong> Lucia Sardo <\/strong>e<strong> Alfio Zappal\u00e0<\/strong>.<\/p>\n<p>Molto l\u2019atteso l\u2019omaggio musicale (ore 20.30, esterno piazzale di Milo) del compositore<strong> Stefano Pio<\/strong> (figlio del violinista <strong>Giusto Pio<\/strong>, coautore di molti brani celebri dell\u2019artista siciliano). L\u2019Opera, che sar\u00e0 presentata in anteprima a Milo, si intitola \u201c<em>Hu o la nostalgia dell\u2019amato<\/em>\u201d e vede sul palco un Ensemble composta da un quintetto d\u2019archi, pianoforte, tastiere, danza, il tutto incorniciato dalle voci di <strong>Enrico Masiero<\/strong> e <strong>Daniela Papale<\/strong>.<\/p>\n<p>L\u2019opera sar\u00e0 introdotta da un gradito omaggio del brano di particolare suggestione ed attualit\u00e0, \u201c<strong>PACE\u201d,<\/strong> eseguito da <strong>Rosario Di Bella.<\/strong><\/p>\n<p><strong>Giovedi 19<\/strong> (Centro Servizi, ore 17.00) sar\u00e0 la volta della presentazione del libro \u201cViaggio nella Commedia di Dante\u201d di <strong>Paolo Sessa<\/strong>.<\/p>\n<p>Assieme all\u2019Autore, e coordinati da <strong>Turi<\/strong> <strong>Caggegi<\/strong>, ci saranno <strong>Mario Tropea<\/strong> e <strong>Sergio Cristaldi<\/strong> (Universit\u00e0 di Catania) e la dantista <strong>Maria Soresina<\/strong>. Il vice-sindaco di Milo, <strong>Concetta Cantarella<\/strong>, porter\u00e0 i saluti dell\u2019Amministrazione.<\/p>\n<p>A seguire (ore 18.00) un incontro intitolato \u201cFranco Battiato e la visione di Dante Alighieri\u201d (viaggio nel regno del ritorno), condotto da <strong>Fabio Bagnasco<\/strong> e <strong>Fiorella Nozzetti<\/strong>.<\/p>\n<p>In conclusione (ore 19,00), la proiezione di \u201cAttraversando il Bardo\u201d, ultimo docufilm di Battiato in cui si affronta il tema complesso del passaggio nell\u2019Aldil\u00e0 secondo differenti tradizioni spirituali e le pi\u00f9 recenti cognizioni scientifiche.<\/p>\n<p><strong>Venerdi 20<\/strong> \u00e8 prevista una fittissima serie di appuntamenti: A Giarre, presso l\u2019Aula Magna I.I.S. \u201cM.Amari\u201d (ore 10.00) <strong>Graziana Di Biase<\/strong> (Studiosa di cinema) incontrer\u00e0 gli studenti sul tema \u201cIl cinema di Franco Battiato, la purezza del linguaggio.<\/p>\n<p>Si ritorna a Milo (Centro servizi, ore 16.)<\/p>\n<p>Dopo il saluto dell\u2019assessore al Turismo del Comune di Milo, <strong>Francesca Strano<\/strong>, sar\u00e0 la volta della proiezione di <strong>\u201cCento miliardi di stelle\u201d,<\/strong> una raccolta di testimonianze audiovisive, curata da Alessio Cantarella, che vede protagonisti artisti, giornalisti, produttori e altri amici di Battiato che racconteranno il loro rapporto con il compositore. La proiezione sar\u00e0 presentata da Fiorella Nozzetti.<\/p>\n<p>A seguire (ore 17,00), \u201cLa scomparsa misteriosa e unica di Franco Battiato\u201d, libro scritto a quattro mani da <strong>Vincenzo La Monica <\/strong>e <strong>Giuseppe Piccinno<\/strong>, che sar\u00e0 l\u2019oggetto della relazione di Paolo Sessa, alla presenza dei due autori.<\/p>\n<p>Seguir\u00e0 (ore 18.00) con la presentazione della nuova edizione del volume \u201cIl cinema di Franco Battiato, un mezzo di conoscenza\u201d, introdotto da Graziana De Biase (autrice del saggio) e Fabio Bagnasco. A chiusura dell\u2019incontro la proiezione del docufilm \u201cAuguri Don Gesualdo\u201d, realizzato da Battiato nel 2010 come affettuoso omaggio allo scrittore <strong>Gesualdo Bufalino<\/strong>.<\/p>\n<p><strong>Sabato 21<\/strong> (Centro servizi, ore 9.00) sar\u00e0 la volta di un convegno che approfondir\u00e0 la sottile relazione tra il <em>sommo poeta<\/em> e Franco Battiato. Moderati da Paolo Sessa, la dantista Maria Soresina, il saggista <strong>Massimo Desideri,<\/strong> il dantista<strong> Nicol\u00f2 Mineo<\/strong> e il medico <strong>AmalOursana<\/strong> si confronteranno sul tema \u201cDante e Battiato tra arte e spiritualit\u00e0\u201d.<\/p>\n<p>Alle ore 16.30, un intervento dello scrittore e assessore regionale ai Beni Culturali, <strong>Alberto Samon\u00e0,<\/strong> introdurr\u00e0 una relazione di <strong>Tito Rinesi<\/strong> e <strong>Piero Grassini<\/strong> su \u201cIl sufismo e Battiato\u201d, contrappuntata dalle letture di testi mistici Sufi a cura degli attori Lucia Sardo e Alfio Zappal\u00e0. Modera Fiorella Nozzetti.<\/p>\n<p><strong>\u201cDargah<\/strong>\u2013 la soglia\u201d \u00e8 il titolo del concerto-incontro (ore 18.00) sulla <strong>musica sufi<\/strong>.<\/p>\n<p>Sul palco <strong>Tito Rinesi con l\u2019Ensamble Dargah<\/strong>, per presentare un percorso di musiche e canti sui testi pi\u00f9 conosciuti dei poeti del sufismo.<\/p>\n<p>Domenica 22 \u2013 Seminario di danza Sufi (Centro servizi dalle ore 9,00 alle 12.00), a cura di <strong>Amal Oursana<\/strong>.\u00a0 Nel pomeriggio (ore 17.00), un delicato adattamento per coro di alcune composizioni di Battiato ed esecuzione di brani di Georg Friedrich Handel (compositore su cui lo stesso Battiato aveva progettato un lungometraggio) si terr\u00e0 presso la Chiesa madre di Milo Sant\u2019Andrea a cura della<\/p>\n<p><strong>Compagnia polifonica di Giarre, <\/strong>diretta dal maestro Giuseppe Cristaudo. <strong>\u00a0<\/strong><\/p>\n<p><strong>\u201cTorneremo ancora<\/strong>\u201d (Belvedere Giovanni D\u2019Aragona, ore 19.00) \u00e8 invece il titolo dell\u2019omaggio che concluder\u00e0 la rassegna milese, a cura dell\u2019organizzazione \u00a0\u00a0\u00a0\u00a0\u00a0\u00a0\u00a0\u00a0\u00a0\u00a0\u00a0\u00a0Pro Loco Milo.<\/p>\n<p>Un particolare approfondimento sull\u2019opera pittorica e grafica di Franco Battiato \u00e8 costituito dalle due mostre che si potranno visitare durante l\u2019arco della manifestazione. La prima, intitolata <strong>\u201cGilgamesh<\/strong>\u201d \u2013 Opera grafica \u2013 video del 2007, espone la partitura originale dell\u2019opera, bozzetti scenici, tre opere di grafica, unitamente alle pagine del libro. L\u2019opera \u00e8 stata donata al Comune di Milo e al Centro Studi di Gravit\u00e0 Permanente.<\/p>\n<p>Una lettura fotografica della musica dell\u2019artista \u00e8 invece \u201cI giardini della preesistenza\u201d, realizzata da <strong>Enzo Ferrari.<\/strong><\/p>\n<p><strong>La dichiarazione del Sindaco di Milo<\/strong><\/p>\n<p>\u201cSi tratta non di un semplice omaggio in occasione di una pur sentita ricorrenza \u2013 sottolinea il sindaco di Milo, <strong>Alfio Cosentino<\/strong> \u2013 ma il punto di partenza di una serie di progetti che svilupperemo nel tempo con l\u2019obiettivo di restituire a Franco Battiato lo stigma della sua grandezza. I suoi temi, non solo culturali e spirituali, ma anche etnologici ed artistici in senso universale, dovranno essere per le generazioni future uno stimolo costante per avviare un percorso conoscitivo dell\u2019essere umano e del senso reale della nostra esistenza. Battiato \u2013 conclude il sindaco \u2013 \u00e8 stato un grande artista capace di influenzare intere generazioni, e ancora oggi lo fa, in modo trasversale e costante. Il suo punto di vista era universale, ma il suo mondo e il suo laboratorio creativo hanno avuto come luogo geografico Milo e la sua amata Sicilia.\u201d<\/p>\n<p>Per info e prenotazioni rivolgersi alla Proloco Milo, tel. 3311555443\u00a0 email:<a href=\"mailto:info@prolocomilo.it\" data-auth=\"NotApplicable\">info@prolocomilo.it<\/a><\/p>\n<p>oppure al Comune di Milo, tel 095 -955423 (affari generali \u2013 servizio di segreteria)<\/p>\n<p>email: <a href=\"mailto:segreteria@comune.milo.ct.it\" data-auth=\"NotApplicable\">segreteria@comune.milo.ct.it<\/a><\/p>\n<p>&nbsp;<\/p>\n<p>Infopress: 3355473506 \u2013 3666275393<\/p>\n<p>&nbsp;<\/p>\n<p>&nbsp;<\/p>\n<p>&nbsp;<\/p>\n","protected":false},"excerpt":{"rendered":"<p>NOTE DI PASSAGGIO \u2013 Le vie che portano all\u2019Essenza. Una grande rassegna per indagare la ricerca, la sperimentazione e la trascendenza del compositore etneo NOTE DI PASSAGGIO \u00e8 il titolo<\/p>\n<div><a class=\"permalink\" href=\"https:\/\/www.radioempire.it\/index.php\/2022\/05\/12\/dal-18-al-22-maggio-il-comune-di-milo-ricorda-franco-battiato-nel-primo-anniversario-della-scomparsa\/\">Read More&#8230;<\/a><\/div>\n","protected":false},"author":2,"featured_media":32239,"comment_status":"closed","ping_status":"closed","sticky":false,"template":"","format":"standard","meta":[],"categories":[3,4,1],"tags":[],"_links":{"self":[{"href":"https:\/\/www.radioempire.it\/index.php\/wp-json\/wp\/v2\/posts\/32238"}],"collection":[{"href":"https:\/\/www.radioempire.it\/index.php\/wp-json\/wp\/v2\/posts"}],"about":[{"href":"https:\/\/www.radioempire.it\/index.php\/wp-json\/wp\/v2\/types\/post"}],"author":[{"embeddable":true,"href":"https:\/\/www.radioempire.it\/index.php\/wp-json\/wp\/v2\/users\/2"}],"replies":[{"embeddable":true,"href":"https:\/\/www.radioempire.it\/index.php\/wp-json\/wp\/v2\/comments?post=32238"}],"version-history":[{"count":1,"href":"https:\/\/www.radioempire.it\/index.php\/wp-json\/wp\/v2\/posts\/32238\/revisions"}],"predecessor-version":[{"id":32240,"href":"https:\/\/www.radioempire.it\/index.php\/wp-json\/wp\/v2\/posts\/32238\/revisions\/32240"}],"wp:featuredmedia":[{"embeddable":true,"href":"https:\/\/www.radioempire.it\/index.php\/wp-json\/wp\/v2\/media\/32239"}],"wp:attachment":[{"href":"https:\/\/www.radioempire.it\/index.php\/wp-json\/wp\/v2\/media?parent=32238"}],"wp:term":[{"taxonomy":"category","embeddable":true,"href":"https:\/\/www.radioempire.it\/index.php\/wp-json\/wp\/v2\/categories?post=32238"},{"taxonomy":"post_tag","embeddable":true,"href":"https:\/\/www.radioempire.it\/index.php\/wp-json\/wp\/v2\/tags?post=32238"}],"curies":[{"name":"wp","href":"https:\/\/api.w.org\/{rel}","templated":true}]}}