{"id":32300,"date":"2022-05-14T12:40:54","date_gmt":"2022-05-14T12:40:54","guid":{"rendered":"https:\/\/www.radioempire.it\/?p=32300"},"modified":"2022-05-14T12:40:54","modified_gmt":"2022-05-14T12:40:54","slug":"listituto-nazionale-di-bioarchitettura-partecipa-alla-vii-edizione-del-salone-del-restauro","status":"publish","type":"post","link":"https:\/\/www.radioempire.it\/index.php\/2022\/05\/14\/listituto-nazionale-di-bioarchitettura-partecipa-alla-vii-edizione-del-salone-del-restauro\/","title":{"rendered":"L&#8217;Istituto Nazionale di Bioarchitettura partecipa alla VII EDIZIONE del SALONE DEL RESTAURO"},"content":{"rendered":"<p>L\u2019Istituto Nazionale di Bioarchitettura (INBAR) Socio dell\u2019Alleanza ASVIS, partecipa alla VII EDIZIONE del SALONE DEL RESTAURO di Firenze &#8211; Biennale Internazionale, Musei, Arte, Restauro Tecnologie 2022 proponendo nelle tre giornate, i propri temi riferiti alle attivit\u00e0 di ricerca, di alta formazione scientifica e tecnologica, di promozione, elaborazione e diffusione del sapere scientifico e la formazione permanente sui temi dell\u2019innovazione nel campo della sostenibilit\u00e0 ambientale, con il focus sulle SFIDE E OPPORTUNITA\u2019 DI OGGI, PER IL RESTAURO ARCHITETTONICO DEL FUTURO, dedicate ai temi della Bioarchitettura nel recupero e nel restauro architettonico, secondo la programmazione, in collaborazione con i partner CNT-APPs Research Project\u00a0 e Green Building Council Italia (GBC Italia).<\/p>\n<p>Il Presidente Nazionale Anna Carulli l\u2019Istituto Nazionale di Bioarchitettura (INBAR) e Presidente della Fondazione Architetti Nel Mediterraneo evidenzia &#8211; Attraverso una cooperazione finalizzata al perseguimento di obiettivi di interesse sociale e approfondimento scientifico l\u2019Istituto Nazionale di Bioarchitettura (INBAR) svolge attivit\u00e0 finalizzate alla tutela e alla valorizzazione dell\u2019ambiente naturale ed antropico da anni e secondo una strategia volta alla qualit\u00e0 del vivere e dell\u2019abitare che contempla la salvaguardia della salute ed una oculata gestione delle risorse naturali. In una visione ampia ed olistica, approfondisce temi quali: l\u2019ottimizzazione dell\u2019uso delle risorse rinnovabili e non rinnovabili; la tutela della salute; la progettazione ed il recupero edilizio ed ambientale; la definizione e l\u2019organizzazione di nuovi e vecchi insediamenti; l\u2019attribuzione di qualit\u00e0 spaziale agli ambiti antropizzati e naturalistici.<\/p>\n<p>Il territorio nazionale ha l\u2019opportunit\u00e0 di avviare una vera e propria rinascita, economica, sociale ed urbanistica con il PNRR, il Piano Nazionale di Ripresa e Resilienza, se questo produrr\u00e0 il previsto processo di trasformazione e di avvio di azioni di economia circolare. E solo attraverso il coinvolgimento della rete sociale, delle istituzioni e dei protagonisti della filiera, sar\u00e0 possibile attuare questo processo di innovazione e rigenerazione.<\/p>\n<p>L\u2019Istituto, in una visione ampia ed olistica, approfondisce da pi\u00f9 di 30 anni temi quali: l\u2019ottimizzazione dell\u2019uso delle risorse rinnovabili e non rinnovabili; la tutela della salute; la progettazione ed il recupero edilizio ed ambientale; la definizione e l\u2019organizzazione di nuovi e vecchi insediamenti; l\u2019attribuzione di qualit\u00e0 spaziale agli ambiti antropizzati e naturalistici\u201d<\/p>\n<p>Con il patrocinio di prestigiosi partners tra cui l\u2019Ordine degli architetti di Messina e la Fondazione Architetti nel Mediterraneo di Messina con l\u2019accreditamento di 6 CFP delle tre giornate per gli Architetti.<\/p>\n<p>L\u2019evento nel SALONE DEL RESTAURO di Firenze sar\u00e0 seguito dal corrispondente dell\u2019Ufficio Stampa INBAR, arch. Ketty Tam\u00e0, Consigliere del CDA della Fondazione Architetti nel Mediterraneo di Messina.<\/p>\n<p>La Biennale Internazionale VII EDIZIONE del SALONE DEL RESTAURO si terr\u00e0 al PALAZZO della BORSA della CAMERA di COMMERCIO Piazza Mentana 1, Firenze, 16-17-18 maggio 2022 presso la SALA BRAMBILLA L\u2019Evento nelle tre giornate si svolger\u00e0 in modalit\u00e0 frontale e in modalit\u00e0 webinar Per ulteriori informazioni rivolgersi alla Segreteria Operativa dell\u2019Istituto Nazionale di Bioarchitettura: <a href=\"mailto:info@bioarchitettura.it\">info@bioarchitettura.it<\/a> <a href=\"https:\/\/www.bioarchitettura.it\/notizie\/vii-edizione-del-salone-del-restauro-di-firenze\/\">https:\/\/www.bioarchitettura.it\/notizie\/vii-edizione-del-salone-del-restauro-di-firenze\/<\/a><\/p>\n<p>&nbsp;<\/p>\n<p>ARCH. ANNA CARULLI, PRESIDENTE NAZIONALE INBAR E PRESIDENTE FONDAZIONE ARCHITETTI NEL MEDITERRANEO<\/p>\n","protected":false},"excerpt":{"rendered":"<p>L\u2019Istituto Nazionale di Bioarchitettura (INBAR) Socio dell\u2019Alleanza ASVIS, partecipa alla VII EDIZIONE del SALONE DEL RESTAURO di Firenze &#8211; Biennale Internazionale, Musei, Arte, Restauro Tecnologie 2022 proponendo nelle tre giornate,<\/p>\n<div><a class=\"permalink\" href=\"https:\/\/www.radioempire.it\/index.php\/2022\/05\/14\/listituto-nazionale-di-bioarchitettura-partecipa-alla-vii-edizione-del-salone-del-restauro\/\">Read More&#8230;<\/a><\/div>\n","protected":false},"author":2,"featured_media":32301,"comment_status":"closed","ping_status":"closed","sticky":false,"template":"","format":"standard","meta":[],"categories":[3,36],"tags":[],"_links":{"self":[{"href":"https:\/\/www.radioempire.it\/index.php\/wp-json\/wp\/v2\/posts\/32300"}],"collection":[{"href":"https:\/\/www.radioempire.it\/index.php\/wp-json\/wp\/v2\/posts"}],"about":[{"href":"https:\/\/www.radioempire.it\/index.php\/wp-json\/wp\/v2\/types\/post"}],"author":[{"embeddable":true,"href":"https:\/\/www.radioempire.it\/index.php\/wp-json\/wp\/v2\/users\/2"}],"replies":[{"embeddable":true,"href":"https:\/\/www.radioempire.it\/index.php\/wp-json\/wp\/v2\/comments?post=32300"}],"version-history":[{"count":1,"href":"https:\/\/www.radioempire.it\/index.php\/wp-json\/wp\/v2\/posts\/32300\/revisions"}],"predecessor-version":[{"id":32302,"href":"https:\/\/www.radioempire.it\/index.php\/wp-json\/wp\/v2\/posts\/32300\/revisions\/32302"}],"wp:featuredmedia":[{"embeddable":true,"href":"https:\/\/www.radioempire.it\/index.php\/wp-json\/wp\/v2\/media\/32301"}],"wp:attachment":[{"href":"https:\/\/www.radioempire.it\/index.php\/wp-json\/wp\/v2\/media?parent=32300"}],"wp:term":[{"taxonomy":"category","embeddable":true,"href":"https:\/\/www.radioempire.it\/index.php\/wp-json\/wp\/v2\/categories?post=32300"},{"taxonomy":"post_tag","embeddable":true,"href":"https:\/\/www.radioempire.it\/index.php\/wp-json\/wp\/v2\/tags?post=32300"}],"curies":[{"name":"wp","href":"https:\/\/api.w.org\/{rel}","templated":true}]}}