{"id":32347,"date":"2022-05-16T11:21:58","date_gmt":"2022-05-16T11:21:58","guid":{"rendered":"https:\/\/www.radioempire.it\/?p=32347"},"modified":"2022-05-30T07:53:17","modified_gmt":"2022-05-30T07:53:17","slug":"nadia-de-luca-e-giuseppe-castiglia-protagonisti-al-teatro-musco-nel-nuovo-allestimento-di-storia-di-una-capinera","status":"publish","type":"post","link":"https:\/\/www.radioempire.it\/index.php\/2022\/05\/16\/nadia-de-luca-e-giuseppe-castiglia-protagonisti-al-teatro-musco-nel-nuovo-allestimento-di-storia-di-una-capinera\/","title":{"rendered":"Nadia De Luca e Giuseppe Castiglia protagonisti al Teatro Musco nel nuovo allestimento di \u201cStoria di  una capinera\u201d"},"content":{"rendered":"<p>\u201cAvevo visto una povera capinera chiusa in gabbia, e allorch\u00e9 udiva il canto allegro degli altri uccelletti che cinguettavano sul verde del prato o nell\u2019azzurro del cielo, li seguiva con uno sguardo che avrebbe potuto dirsi pieno di lagrime. Ma non osava ribellarsi, non osava tentare di rompere il filo di ferro che la teneva carcerata, la povera prigioniera\u2026\u201d.<br \/>\nIl cartellone della Tradizione al Teatro Angelo Musco di Catania si chiude con uno dei capolavori di Giovanni Verga, \u201cStoria di una capinera\u201d, adattato e diretto da Rosario Minardi. Protagonisti del nuovo allestimento dello spettacolo che andr\u00e0 in scena da marted\u00ec 17 a domenica 22 maggio sono Nadia De Luca e Giuseppe Castiglia (nel ruolo di Giovanni Verga). Con loro: Luana Toscano, Rosario Marco Amato, Santo Santonocito, Giovanni Arezzo, Verdiana Barbagallo, Elisa Franco, Alice Ferlito, Raniela Ragonese, Alessandra Falci, Federica Breci, Roberta Rivolo, Maria Chiara Pappalardo, Rebecca Testa\u00ec e Ruggero Rizzuti.<\/p>\n<p>&nbsp;<\/p>\n<p>La vicenda si concentra su un unico nucleo narrativo: la storia della povera Maria (Nadia De Luca), raccontata attraverso le lettere che essa scrive ad una compagna di convento Marianna. Il cambiamento interiore di Maria nasce da una sua provvisoria liberazione, dal contatto con la natura, dal suo ritrovarsi con la famiglia nelle terre di Monte Ilice mentre a Catania infuria il contagio del colera.\u201cIl mio pensiero non \u00e8 imprigionato sotto le oscure volte del coro, ma si stende per le ombre maestose di questi boschi, per tutta l\u2019immensit\u00e0 di questo cielo e di quest\u2019orizzonte\u2026\u201d<\/p>\n<p>\u201cLa storia &#8211; spiega Rosario Minardi &#8211; si snoda tutta sul filo di un progressivo itinerario spirituale: quella esperienza fa sorgere in lei il senso d\u2019una vita pi\u00f9 libera e aperta, e l\u2019avvia a concepire una crescente avversione per l\u2019ambiente conventuale dove ha trascorso da educanda gli anni dell\u2019adolescenza. Di qui, scopre l\u2019amore\u201d.<\/p>\n<p>Il giovane Nino \u00e8 l\u2019idolo un po\u2019 sfocato che accende nella protagonista la fiamma di una passione inestinguibile. Ma il rapporto \u00e8 troncato sul nascere dall\u2019intervento dei familiari: Nino sposer\u00e0 la sorella di Maria (Giuditta), acconciandosi a un matrimonio giudizioso e senza fantasticherie. Maria sar\u00e0 costretta a rientrare in convento dove si spegner\u00e0 dopo lunga e penosa agonia. La scansione epistolare e monologante di Maria con l\u2019amica Marianna diventa azione scenica coi personaggi che prendono vita e si muovono all\u2019interno della narrazione, intorno alla protagonista. Maria \u00e8 la piccola capinera in gabbia.<\/p>\n<p>La riduzione di \u201cStoria di una capinera\u201d firmata da Rosario Minardi nasce come spettacolo, con grande successo di pubblico e di critica, poi diventa una pubblicazione editoriale del copione integrale (col supporto della colonna sonora) tratto dal romanzo verghiano, e adesso ritorna a teatro con un nuovo importante allestimento. Lo spettacolo, prodotto da Progetto Teatrando &#8211; andr\u00e0 in scena al Teatro Musco di Catania: marted\u00ec 17 alle ore 21, mercoled\u00ec 18 alle ore 21, gioved\u00ec 19 alle ore 21, venerd\u00ec 20 alle ore 21, sabato 21 alle ore 17.30 e 21, domenica 22 maggio alle ore 18. Le scene sono firmate da Salvo Manciagli, i costumi da Rosy Bellomia. Per informazioni 327 8471792 &#8211; 095 538188. Orario botteghino presso Teatro ABC: da marted\u00ec a sabato 16:00\/20:00, gioved\u00ec anche 10:00\/13:00.<\/p>\n","protected":false},"excerpt":{"rendered":"<p>\u201cAvevo visto una povera capinera chiusa in gabbia, e allorch\u00e9 udiva il canto allegro degli altri uccelletti che cinguettavano sul verde del prato o nell\u2019azzurro del cielo, li seguiva con<\/p>\n<div><a class=\"permalink\" href=\"https:\/\/www.radioempire.it\/index.php\/2022\/05\/16\/nadia-de-luca-e-giuseppe-castiglia-protagonisti-al-teatro-musco-nel-nuovo-allestimento-di-storia-di-una-capinera\/\">Read More&#8230;<\/a><\/div>\n","protected":false},"author":2,"featured_media":32348,"comment_status":"closed","ping_status":"closed","sticky":false,"template":"","format":"standard","meta":[],"categories":[3,36,78],"tags":[],"_links":{"self":[{"href":"https:\/\/www.radioempire.it\/index.php\/wp-json\/wp\/v2\/posts\/32347"}],"collection":[{"href":"https:\/\/www.radioempire.it\/index.php\/wp-json\/wp\/v2\/posts"}],"about":[{"href":"https:\/\/www.radioempire.it\/index.php\/wp-json\/wp\/v2\/types\/post"}],"author":[{"embeddable":true,"href":"https:\/\/www.radioempire.it\/index.php\/wp-json\/wp\/v2\/users\/2"}],"replies":[{"embeddable":true,"href":"https:\/\/www.radioempire.it\/index.php\/wp-json\/wp\/v2\/comments?post=32347"}],"version-history":[{"count":1,"href":"https:\/\/www.radioempire.it\/index.php\/wp-json\/wp\/v2\/posts\/32347\/revisions"}],"predecessor-version":[{"id":32349,"href":"https:\/\/www.radioempire.it\/index.php\/wp-json\/wp\/v2\/posts\/32347\/revisions\/32349"}],"wp:featuredmedia":[{"embeddable":true,"href":"https:\/\/www.radioempire.it\/index.php\/wp-json\/wp\/v2\/media\/32348"}],"wp:attachment":[{"href":"https:\/\/www.radioempire.it\/index.php\/wp-json\/wp\/v2\/media?parent=32347"}],"wp:term":[{"taxonomy":"category","embeddable":true,"href":"https:\/\/www.radioempire.it\/index.php\/wp-json\/wp\/v2\/categories?post=32347"},{"taxonomy":"post_tag","embeddable":true,"href":"https:\/\/www.radioempire.it\/index.php\/wp-json\/wp\/v2\/tags?post=32347"}],"curies":[{"name":"wp","href":"https:\/\/api.w.org\/{rel}","templated":true}]}}