{"id":32870,"date":"2022-06-10T09:22:17","date_gmt":"2022-06-10T09:22:17","guid":{"rendered":"https:\/\/www.radioempire.it\/?p=32870"},"modified":"2022-06-10T09:23:19","modified_gmt":"2022-06-10T09:23:19","slug":"beethoven-project-il-pianista-oliver-kern-eseguira-per-la-prima-volta-nella-provincia-etnea-lintegrale-delle-sonate-per-pianoforte-del-compositore-tedesco","status":"publish","type":"post","link":"https:\/\/www.radioempire.it\/index.php\/2022\/06\/10\/beethoven-project-il-pianista-oliver-kern-eseguira-per-la-prima-volta-nella-provincia-etnea-lintegrale-delle-sonate-per-pianoforte-del-compositore-tedesco\/","title":{"rendered":"\u201cBeethoven Project\u201d: il pianista Oliver Kern eseguir\u00e0, per la prima volta nella provincia etnea, l\u2019integrale delle Sonate per pianoforte del  compositore tedesco."},"content":{"rendered":"<p>Nove appuntamenti, per la rassegna della Nova Academia Musica Aetnensis presieduta dal maestro Carmelo Pappalardo, che si snoderanno lungo tutto il 2022- 2023. Il primo concerto della stagione \u00e8 previsto per venerd\u00ec 10 giugno alle ore 20.30 nella sala Verde del Piccolo Seminario di Trecastagni, con le prime tre \u201cSonate\u201d eseguite dal pianista tedesco, vincitore nel 2001 del prestigioso premio \u201cBeethoven\u201d, che ripercorrono il primo repertorio classico del maestro di Bonn.<\/p>\n<p>www.facebook.com\/novaacademiamusicaaetnensis<\/p>\n<p>&nbsp;<\/p>\n<p>CATANIA &#8211; La Nova Academia Musica Aetnensis diretta dal maestro Carmelo Pappalardo ha scelto di inaugurare la sua rassegna \u201cBeethoven Project\u201d, con l\u2019esecuzione integrale delle 32 Sonate per pianoforte del compositore tedesco. Una vera e propria novit\u00e0 per la cittadina alle pendici dell\u2019Etna e per tutta la provincia etnea, che tra il 2022 e il 2023, ospiteranno nove eventi complessivi per ripercorrere una delle opere centrali della produzione del musicista tedesco. Il primo concerto si terr\u00e0 venerd\u00ec 10 giugno alle ore 20.30 nella sala Verde del Piccolo Seminario di Trecastagni, in via Arciprete Domenico Torrisi, n\u00b02. Protagonista indiscusso dell\u2019evento sar\u00e0 il pianista Oliver Kern, che con la Sonata op.2 n.1 in fa maggiore, n.2 in la maggiore e n.3 in do maggiore si confronter\u00e0 con la produzione giovanile del compositore di Bonn. \u00abSar\u00e0 la prima volta che eseguir\u00f2 le 32 Sonate di Beethoven nella sua interezza \u2013 spiega Kern \u2013 e sono molto felice di poterlo fare a Trecastagni che sento un po\u2019 come casa mia. Affrontare l\u2019opera omnia di un autore consente di avere una visione d\u2019insieme della sua arte. Lo \u00e8 stato gi\u00e0 per Brahms e lo sar\u00e0 anche per Beethoveen del quale ho interpretato spesso le ultime Sonate. Le informazioni che arrivano dalla musica sono preziose, ti consentono di comprendere l\u2019evoluzione di un musicista, capire le idee e i motivi che lo hanno influenzato e come il suo stile sia maturato nel tempo\u00bb. Vincitore nel 1999 dell\u2019\u201cARD\u201d International Music Competition di Monaco e nel 2001 del prestigioso premio \u201cBeethoven\u201d di Vienna, Kern che si \u00e8 imposto all\u2019attenzione della critica per la qualit\u00e0 della sua tecnica, \u00e8 stato ampiamente applaudito in America, Asia ed Europa. Considerato tra i massimi interpreti della letteratura pianistica beethoveniana e brahmsiana, annovera nel suo repertorio anche le opere di Bach, Mozart, Schubert e Chopin.<br \/>\n\u00abQuesto \u00e8 un progetto che avevo in mente gi\u00e0 da qualche anno \u2013 racconta Pappalardo, direttore artistico e presidente della Nova Academia Musica Aetnensis \u2013, ma dal momento che il 250\u00b0 anniversario della nascita di Beethoven \u00e8 caduto durante la pandemia, abbiamo dovuto farlo slittare. Per me \u00e8 un piacere poter tornare a ospitare Oliver all\u2019interno della nostra stagione. Con la N.a.m.ae abbiamo sempre cercato di dare spazio alla musica e ai musicisti che potevano contribuire ad affinare l\u2019orecchio dell\u2019ascoltatore. In questi anni abbiamo seguito i partecipanti dei pi\u00f9 grandi concorsi di musica, per scegliere i migliori da proporre al nostro pubblico\u00bb.<br \/>\nBeethoven impieg\u00f2 ventisette anni, dal 1795 al 1822, per realizzare questo imponente corpus nel quale si possono cogliere i rimandi al Classicismo di Haydn e Mozart arrivando ad affermare, attraverso una profonda capacit\u00e0 espressiva intrisa di valori, la sua visione Romantica. \u00ab La Sonata n.2 \u2013 evidenzia Kern \u2013 risente delle influenze di Haydn, suo insegnante del periodo viennese, a cui le tre opere sono dedicate. Mostrano caratteri diversi fra loro: la prima \u00e8 la pi\u00f9 drammatica, la seconda \u00e8 la pi\u00f9 leggera, tanto da esibire quasi un atteggiamento anti-beethoveniano, mentre l\u2019ultima si presenta come un gioco di artifici di tradizione. \u00c8 per\u00f2 nel secondo movimento che individuiamo la strada pi\u00f9 personale e nuova tracciata da Beethoven, che ritroveremo poi nelle successive Sonate\u00bb. Un momento in cui il compositore tedesco \u00e8 ancora legato al Classicismo, superato definitivamente con l&#8217;op. 27 n. 2 nota come Sonata al chiaro di luna, che segna l\u2019approdo al Romanticismo. \u00abI primi problemi di salute e gli amori non corrisposti \u2013 aggiunge il virtuoso \u2013 lo portarono nel 1801 a un cambio di passo, ma in queste prime opere giovanili si pu\u00f2 rintracciare molto della sua formazione. La sfida pi\u00f9 grande per l\u2019esecutore sta proprio nella ricerca dell\u2019interpretazione. Far vedere pi\u00f9 l\u2019influenza di Haydn o il virtuosismo di Beethoven, oppure<br \/>\nentrambi?\u00bb. Non resta che scoprirlo, ascoltando uno dei massimi interpreti della scena internazionale, orgoglioso di essere svevo come Federico Barbarossa, chiamato a confrontarsi con uno dei capisaldi della musica colta.<\/p>\n<p>&nbsp;<\/p>\n<p>Biglietto euro 10,00 intero, euro 8,00 ridotto under 25 e over 65.<br \/>\nPrenotazioni: 3398968621 oppure namaect@gmail.com<br \/>\nTrecastagninternationalmusicfestival.com<\/p>\n","protected":false},"excerpt":{"rendered":"<p>Nove appuntamenti, per la rassegna della Nova Academia Musica Aetnensis presieduta dal maestro Carmelo Pappalardo, che si snoderanno lungo tutto il 2022- 2023. Il primo concerto della stagione \u00e8 previsto<\/p>\n<div><a class=\"permalink\" href=\"https:\/\/www.radioempire.it\/index.php\/2022\/06\/10\/beethoven-project-il-pianista-oliver-kern-eseguira-per-la-prima-volta-nella-provincia-etnea-lintegrale-delle-sonate-per-pianoforte-del-compositore-tedesco\/\">Read More&#8230;<\/a><\/div>\n","protected":false},"author":2,"featured_media":32871,"comment_status":"closed","ping_status":"closed","sticky":false,"template":"","format":"standard","meta":[],"categories":[3,36],"tags":[],"_links":{"self":[{"href":"https:\/\/www.radioempire.it\/index.php\/wp-json\/wp\/v2\/posts\/32870"}],"collection":[{"href":"https:\/\/www.radioempire.it\/index.php\/wp-json\/wp\/v2\/posts"}],"about":[{"href":"https:\/\/www.radioempire.it\/index.php\/wp-json\/wp\/v2\/types\/post"}],"author":[{"embeddable":true,"href":"https:\/\/www.radioempire.it\/index.php\/wp-json\/wp\/v2\/users\/2"}],"replies":[{"embeddable":true,"href":"https:\/\/www.radioempire.it\/index.php\/wp-json\/wp\/v2\/comments?post=32870"}],"version-history":[{"count":2,"href":"https:\/\/www.radioempire.it\/index.php\/wp-json\/wp\/v2\/posts\/32870\/revisions"}],"predecessor-version":[{"id":32873,"href":"https:\/\/www.radioempire.it\/index.php\/wp-json\/wp\/v2\/posts\/32870\/revisions\/32873"}],"wp:featuredmedia":[{"embeddable":true,"href":"https:\/\/www.radioempire.it\/index.php\/wp-json\/wp\/v2\/media\/32871"}],"wp:attachment":[{"href":"https:\/\/www.radioempire.it\/index.php\/wp-json\/wp\/v2\/media?parent=32870"}],"wp:term":[{"taxonomy":"category","embeddable":true,"href":"https:\/\/www.radioempire.it\/index.php\/wp-json\/wp\/v2\/categories?post=32870"},{"taxonomy":"post_tag","embeddable":true,"href":"https:\/\/www.radioempire.it\/index.php\/wp-json\/wp\/v2\/tags?post=32870"}],"curies":[{"name":"wp","href":"https:\/\/api.w.org\/{rel}","templated":true}]}}