{"id":32990,"date":"2022-06-16T22:36:33","date_gmt":"2022-06-16T22:36:33","guid":{"rendered":"https:\/\/www.radioempire.it\/?p=32990"},"modified":"2022-06-16T22:36:33","modified_gmt":"2022-06-16T22:36:33","slug":"cronoscalata-giarre-montesalice-milo-ai-nastri-di-partenza-la-23a-edizione-torna-la-spettacolare-corsa-sulletna","status":"publish","type":"post","link":"https:\/\/www.radioempire.it\/index.php\/2022\/06\/16\/cronoscalata-giarre-montesalice-milo-ai-nastri-di-partenza-la-23a-edizione-torna-la-spettacolare-corsa-sulletna\/","title":{"rendered":"Cronoscalata Giarre Montesalice Milo, ai nastri di partenza la 23\u00aa edizione. Torna la spettacolare corsa sull\u2019Etna. \u00a0"},"content":{"rendered":"<p>Sono ufficialmente partiti i lavori di sistemazione del tratto stradale, compreso tra i Comuni di Giarre, Santa Venerina e Milo, che, tra l\u20198 ed il 10 luglio, sar\u00e0 attraversato dalla 23\u00aa Cronoscalata Giarre Montesalice Milo \u2013 Memorial Isidoro Di Grazia. La macchina organizzativa di uno degli eventi sportivi pi\u00f9 attesi in Sicilia dagli appassionati di automobilismo ha acceso, dunque, i motori e si prepara a dar vita da una edizione che si preannuncia particolarmente entusiasmante. La corsa, organizzata dall\u2019Automobile Club Acireale, in sinergia con l\u2019A.s.d. Scuderia Giarre Corse e con il patrocinio dei Comuni di Giarre, Milo e Santa Venerina, \u00e8 valevole per il Trofeo Italiano Velocit\u00e0 Montagna Sud, per il Campionato siciliano, per il Trofeo di Zona Salita Auto Storiche \u2013 TASZ 2022 e per il Campionato Civm bicilindriche.<\/p>\n<p><img loading=\"lazy\" class=\"alignleft size-medium wp-image-32992\" src=\"https:\/\/www.radioempire.it\/wp-content\/uploads\/2022\/06\/Locandina-211x300.jpg\" alt=\"\" width=\"211\" height=\"300\" srcset=\"https:\/\/www.radioempire.it\/wp-content\/uploads\/2022\/06\/Locandina-211x300.jpg 211w, https:\/\/www.radioempire.it\/wp-content\/uploads\/2022\/06\/Locandina-719x1024.jpg 719w, https:\/\/www.radioempire.it\/wp-content\/uploads\/2022\/06\/Locandina-768x1093.jpg 768w, https:\/\/www.radioempire.it\/wp-content\/uploads\/2022\/06\/Locandina-1079x1536.jpg 1079w, https:\/\/www.radioempire.it\/wp-content\/uploads\/2022\/06\/Locandina.jpg 1124w\" sizes=\"(max-width: 211px) 100vw, 211px\" \/>\u201cQuesta \u00e8 l\u2019edizione di una Cronoscalata ormai matura, che si avvia verso un obiettivo ben preciso, una stabilit\u00e0 nella titolazione a livello nazionale, tant\u2019\u00e8 che quest\u2019anno ci \u00e8 stato assegnato un coefficiente moltiplicativo di 1,5 per il punteggio nazionale \u2013 spiega Giuseppe Trovato, vice presidente dell\u2019Automobile Club Acireale &#8211; Quest\u2019anno ci aspettiamo un boom di iscrizioni, dopo la flessione della scorsa edizione, che ha comunque registrato 161 iscritti, determinata e condizionata non dalla gara ma dagli eventi parossistici del vulcano. Questa corsa \u00e8 ormai una classica dell\u2019Etna e, a riprova di ci\u00f2, da quest\u2019anno \u00e8 stato istituito da parte delle Aci di Acireale e di Catania il Trofeo dell\u2019Etna. E la Cronoscalata \u2013 conclude &#8211; \u00e8 una delle gare inserite, insieme alla Catania Etna e alla Linguaglossa Piano Provenzana, che ripartir\u00e0 proprio quest\u2019anno\u201d.<\/p>\n<p>&nbsp;<\/p>\n<p>La Cronoscalata, che si sviluppa su un tortuoso percorso di 6,4 chilometri, suddiviso in due manches, prender\u00e0 il via, come da tradizione, dalla frazione giarrese di Macchia (via San Paolo) e giunger\u00e0 a Milo (via Monsignor Fichera).<\/p>\n<p>Un tragitto impegnativo che presenta un dislivello di 473 metri ed una pendenza media del 7,31%. Da pochi giorni sono aperte le iscrizioni. La modulistica \u00e8 scaricabile dal sito ufficiale dell\u2019evento (<a href=\"https:\/\/www.giarremontesalicemilo.it\/concorrenti\/\" data-auth=\"NotApplicable\">https:\/\/www.giarremontesalicemilo.it\/concorrenti\/<\/a>).<\/p>\n<p>\u201cLa macchina organizzativa \u00e8 partita \u2013 dichiara Orazio Maccarrone, presidente della Scuderia Giarre Corse e co-organizzatore \u2013 La Citt\u00e0 Metropolitana di Catania ha avviato i primi lavori di pulizia del tracciato, poi sar\u00e0 la volta dei Comuni di Giarre e Milo, nei loro territori di competenza, e successivamente si proseguir\u00e0 con gli interventi di messa in sicurezza del circuito. Ci aspettiamo una grande partecipazione anche perch\u00e9 in questo periodo sono state poche le gare organizzate in Sicilia. I primi numeri, in tal senso, ci confortano. A pochi giorni dall\u2019apertura abbiamo gi\u00e0 ricevuto cinquanta preiscrizioni. Un numero che ci fa ben sperare. Quest\u2019anno, tra l\u2019altro \u2013 conclude Maccarrone &#8211; stiamo cercando di organizzare la diretta televisiva su scala regionale, oltrech\u00e9 sul web, per consentire a tutti gli appassionati di seguire la gara in sicurezza e superare le consuete problematiche di ordine pubblico\u201d. Ma, al di l\u00e0 della competizione, la Cronoscalata Giarre Montesalice Milo, dedicata al compianto cavaliere Isidoro Di Grazia, a cui si deve la felice intuizione che, nel lontano 1979, port\u00f2 alla nascita dell\u2019evento sportivo, rappresenta per il territorio ionico etneo un momento di grande festa e di aggregazione, oltrech\u00e9 una straordinaria occasione per promuovere e valorizzare la ricchezza paesaggistica, naturalistica ed enogastronomica dell\u2019intera area. <strong>\u00a0<\/strong><\/p>\n<p>&nbsp;<\/p>\n<p>U.S. Maria Bella<\/p>\n<p>3284176181<\/p>\n<p>&nbsp;<\/p>\n<p>&nbsp;<\/p>\n<p>&nbsp;<\/p>\n<p>&nbsp;<\/p>\n","protected":false},"excerpt":{"rendered":"<p>Sono ufficialmente partiti i lavori di sistemazione del tratto stradale, compreso tra i Comuni di Giarre, Santa Venerina e Milo, che, tra l\u20198 ed il 10 luglio, sar\u00e0 attraversato dalla<\/p>\n<div><a class=\"permalink\" href=\"https:\/\/www.radioempire.it\/index.php\/2022\/06\/16\/cronoscalata-giarre-montesalice-milo-ai-nastri-di-partenza-la-23a-edizione-torna-la-spettacolare-corsa-sulletna\/\">Read More&#8230;<\/a><\/div>\n","protected":false},"author":2,"featured_media":32991,"comment_status":"closed","ping_status":"closed","sticky":false,"template":"","format":"standard","meta":[],"categories":[3,36],"tags":[],"_links":{"self":[{"href":"https:\/\/www.radioempire.it\/index.php\/wp-json\/wp\/v2\/posts\/32990"}],"collection":[{"href":"https:\/\/www.radioempire.it\/index.php\/wp-json\/wp\/v2\/posts"}],"about":[{"href":"https:\/\/www.radioempire.it\/index.php\/wp-json\/wp\/v2\/types\/post"}],"author":[{"embeddable":true,"href":"https:\/\/www.radioempire.it\/index.php\/wp-json\/wp\/v2\/users\/2"}],"replies":[{"embeddable":true,"href":"https:\/\/www.radioempire.it\/index.php\/wp-json\/wp\/v2\/comments?post=32990"}],"version-history":[{"count":1,"href":"https:\/\/www.radioempire.it\/index.php\/wp-json\/wp\/v2\/posts\/32990\/revisions"}],"predecessor-version":[{"id":32993,"href":"https:\/\/www.radioempire.it\/index.php\/wp-json\/wp\/v2\/posts\/32990\/revisions\/32993"}],"wp:featuredmedia":[{"embeddable":true,"href":"https:\/\/www.radioempire.it\/index.php\/wp-json\/wp\/v2\/media\/32991"}],"wp:attachment":[{"href":"https:\/\/www.radioempire.it\/index.php\/wp-json\/wp\/v2\/media?parent=32990"}],"wp:term":[{"taxonomy":"category","embeddable":true,"href":"https:\/\/www.radioempire.it\/index.php\/wp-json\/wp\/v2\/categories?post=32990"},{"taxonomy":"post_tag","embeddable":true,"href":"https:\/\/www.radioempire.it\/index.php\/wp-json\/wp\/v2\/tags?post=32990"}],"curies":[{"name":"wp","href":"https:\/\/api.w.org\/{rel}","templated":true}]}}