{"id":33520,"date":"2022-07-12T10:02:26","date_gmt":"2022-07-12T10:02:26","guid":{"rendered":"https:\/\/www.radioempire.it\/?p=33520"},"modified":"2022-07-12T10:02:26","modified_gmt":"2022-07-12T10:02:26","slug":"ismaele-chica-mala","status":"publish","type":"post","link":"https:\/\/www.radioempire.it\/index.php\/2022\/07\/12\/ismaele-chica-mala\/","title":{"rendered":"Ismaele &#8211; Chica Mala"},"content":{"rendered":"<p><strong>Dal 15 luglio 2022 sar\u00e0 in rotazione radiofonica \u201cChica mala\u201d, il nuovo singolo di Ismaele,\u00a0 gi\u00e0 disponibile sulle piattaforme digitali dal 12 luglio.<\/strong><\/p>\n<p>&nbsp;<\/p>\n<p><strong><em>&#8220;Chica Mala&#8221;<\/em><\/strong> \u00e8 un brano che racconta l&#8217;entusiasmo di un nuovo amore; l&#8217;elettricit\u00e0 sprigionata dallo stare insieme \u00e8 in grado di dare &#8220;luce a tutta la citt\u00e0&#8221;. \u00c8 un amore errante, che non si ferma mai, che viaggia da Parigi a Napoli, a Barcellona. Il sound \u00e8 un mix tra un lo-fi e un tipico <em>reggaeton<\/em> latino.<\/p>\n<p>&nbsp;<\/p>\n<p>&nbsp;<\/p>\n<p><strong><em>Spiega l\u2019artista a proposito del suo nuovo brano: <\/em><\/strong><em>\u201cAvevo la necessit\u00e0 di raccontare l&#8217;energia sprigionata da una relazione d\u2019amore, la forza e l&#8217;entusiasmo di stare insieme nella vita di coppia. Mi sono affidato all\u2019autore Marco Canigiula che ha sin da subito capito quello che volevo trasmettere sia nelle parole ma anche nel ritmo. Infatti, credo che sonorit\u00e0 del mondo latino rappresentino perfettamente il calore e la complicit\u00e0 di una relazione quando tutto funziona.\u201d<\/em><\/p>\n<p>&nbsp;<\/p>\n<p>&nbsp;<\/p>\n<p><strong>BIOGRAFIA\u00a0<\/strong><\/p>\n<p>Ismaele, classe 1994, nasce a Vittoria, un paese del sud della Sicilia. Sin da piccolo si appassiona al canto sperando un giorno possa diventare la sua professione. Inizia cos\u00ec a cantare nel coro della scuola e come voce solista nella Chiesa del suo paese. Inizia a studiare canto con vari insegnanti del territorio e a seguire masterclass con grandi nomi del panorama musicale, tra cui Beppe Vessicchio.<\/p>\n<p>Dopo molti anni, oggi si sente finalmente pronto ad intraprendere la strada musicale per questo pubblica il suo primo singolo <strong>\u201cChica Mala\u201d che sar\u00e0 disponibile sulle piattaforme digitali dal 12 luglio 2022 e in rotazione radiofonica dal 15 luglio.<\/strong><\/p>\n","protected":false},"excerpt":{"rendered":"<p>Dal 15 luglio 2022 sar\u00e0 in rotazione radiofonica \u201cChica mala\u201d, il nuovo singolo di Ismaele,\u00a0 gi\u00e0 disponibile sulle piattaforme digitali dal 12 luglio. &nbsp; &#8220;Chica Mala&#8221; \u00e8 un brano che<\/p>\n<div><a class=\"permalink\" href=\"https:\/\/www.radioempire.it\/index.php\/2022\/07\/12\/ismaele-chica-mala\/\">Read More&#8230;<\/a><\/div>\n","protected":false},"author":2,"featured_media":33521,"comment_status":"closed","ping_status":"closed","sticky":false,"template":"","format":"standard","meta":[],"categories":[3,36],"tags":[],"_links":{"self":[{"href":"https:\/\/www.radioempire.it\/index.php\/wp-json\/wp\/v2\/posts\/33520"}],"collection":[{"href":"https:\/\/www.radioempire.it\/index.php\/wp-json\/wp\/v2\/posts"}],"about":[{"href":"https:\/\/www.radioempire.it\/index.php\/wp-json\/wp\/v2\/types\/post"}],"author":[{"embeddable":true,"href":"https:\/\/www.radioempire.it\/index.php\/wp-json\/wp\/v2\/users\/2"}],"replies":[{"embeddable":true,"href":"https:\/\/www.radioempire.it\/index.php\/wp-json\/wp\/v2\/comments?post=33520"}],"version-history":[{"count":1,"href":"https:\/\/www.radioempire.it\/index.php\/wp-json\/wp\/v2\/posts\/33520\/revisions"}],"predecessor-version":[{"id":33522,"href":"https:\/\/www.radioempire.it\/index.php\/wp-json\/wp\/v2\/posts\/33520\/revisions\/33522"}],"wp:featuredmedia":[{"embeddable":true,"href":"https:\/\/www.radioempire.it\/index.php\/wp-json\/wp\/v2\/media\/33521"}],"wp:attachment":[{"href":"https:\/\/www.radioempire.it\/index.php\/wp-json\/wp\/v2\/media?parent=33520"}],"wp:term":[{"taxonomy":"category","embeddable":true,"href":"https:\/\/www.radioempire.it\/index.php\/wp-json\/wp\/v2\/categories?post=33520"},{"taxonomy":"post_tag","embeddable":true,"href":"https:\/\/www.radioempire.it\/index.php\/wp-json\/wp\/v2\/tags?post=33520"}],"curies":[{"name":"wp","href":"https:\/\/api.w.org\/{rel}","templated":true}]}}